{"id":2899,"date":"2023-11-20T20:16:58","date_gmt":"2023-11-21T03:16:58","guid":{"rendered":"https:\/\/www.regioncuatronoticias.com\/?p=2899"},"modified":"2023-11-20T20:16:59","modified_gmt":"2023-11-21T03:16:59","slug":"preservar-la-seguridad-y-participar-en-proyectos-estrategicos-el-compromiso-sedena","status":"publish","type":"post","link":"https:\/\/www.regioncuatronoticias.com\/index.php\/2023\/11\/20\/preservar-la-seguridad-y-participar-en-proyectos-estrategicos-el-compromiso-sedena\/","title":{"rendered":"Preservar la seguridad y participar en proyectos estrat\u00e9gicos, el compromiso: SEDENA"},"content":{"rendered":"\n<p>Integrantes de diversos contingentes aguardan el inicio del desfile conmemorativo por el 113 aniversario de la Revoluci\u00f3n Mexicana, en el Z\u00f3calo capitalino, el 20 de noviembre de 2023. Foto Luis Castillo<\/p>\n\n\n\n<p>Tomado de La Jornada<\/p>\n\n\n\n<p>Eduardo Murillo y Alonso Urrutia<\/p>\n\n\n\n<p>20 de noviembre de 2023 12:08<\/p>\n\n\n\n<p>El titular de la Secretar\u00eda de la Defensa Nacional (Sedena), Luis Cresencio Sandoval Gonz\u00e1lez, afirm\u00f3 que las Fuerzas Armadas mantienen su compromiso para preservar la seguridad en el pa\u00eds, pero tambi\u00e9n para participar en los proyectos estrategicos del pa\u00eds.<\/p>\n\n\n\n<p>Al hablar antes del inicio del desfile conmemorativo de la Revoluci\u00f3n Mexicana, Sandoval Gonz\u00e1lez reiter\u00f3 la lealtad institucional del Ej\u00e9rcito, Fuerza A\u00e9rea y Armada.<\/p>\n\n\n\n<p>&#8220;Le refrendamos nuestra firme disposici\u00f3n de seguir prepar\u00e1ndonos para que la sociedad cuente con fuerzas de seguridad s\u00f3lidas y fortalecidas, prestas para hacer frente a cualquier amenaza que atente contra la armon\u00eda de los mexicanos.<\/p>\n\n\n\n<p>&#8220;Con responsabilidad, con honor y lealtad institucional, seguiremos trabajando hombro con hombro con la sociedad y gobierno, con determinaci\u00f3n y firmeza seguiremos manteniendo el prestigio de la instituci\u00f3n armada que ciment\u00f3 sus bases en la Revoluci\u00f3n Mexicana, con el valioso legado de los h\u00e9roes que nos dieron patria&#8221;, afirm\u00f3 el titular de la Sedena.<\/p>\n\n\n\n<p>Sostuvo que las Fuerzas Armadas tienen cinco misiones: defender la integridad, independencia y soberan\u00eda nacionales; garantizar la seguridad interior; auxiliar a la poblaci\u00f3n civil en caso de necesidad social; realizar acciones c\u00edvicas y obras sociales para el progreso del pa\u00eds; y tambi\u00e9n apoyar a la ciudadan\u00eda en casos de desastre.<\/p>\n\n\n\n<p>&#8220;En la celebraci\u00f3n de la Revoluci\u00f3n Mexicana, las Fuerzas de tierra, mar y aire y de la Guardia Nacional nuevamente le agradecemos a usted y al pueblo de M\u00e9xico su confianza al permitirnos participar en los grandes proyectos estrat\u00e9gicos del pa\u00eds&#8221;, afirm\u00f3.<\/p>\n\n\n\n<p>Al respecto, inform\u00f3 que en esta administraci\u00f3n las Fuerzas Armadas han participado en la construcci\u00f3n de 2 mil 823 obras de infraestructura estrat\u00e9gica d\u00f3nde destac\u00f3 el Aeropuerto Internacional Felipe \u00c1ngeles, el Aeropuerto Internacional de Tulum, Quintana Roo; planteles educativos desde preescolar a preparatoria y 2 hospital generales ya entregados y en funcionamiento.<\/p>\n","protected":false},"excerpt":{"rendered":"<p>Integrantes de diversos contingentes aguardan el inicio del desfile conmemorativo por el 113 aniversario de la Revoluci\u00f3n Mexicana, en el Z\u00f3calo capitalino, el 20 de noviembre de 2023. Foto Luis Castillo Tomado de La Jornada Eduardo Murillo y Alonso Urrutia 20 de noviembre de 2023 12:08 El titular de la Secretar\u00eda de la Defensa Nacional [&hellip;]<\/p>\n","protected":false},"author":1,"featured_media":2900,"comment_status":"open","ping_status":"open","sticky":false,"template":"","format":"standard","meta":{"content-type":"","footnotes":""},"categories":[117,3],"tags":[],"class_list":{"0":"post-2899","1":"post","2":"type-post","3":"status-publish","4":"format-standard","5":"has-post-thumbnail","7":"category-general","8":"category-mexico"},"_links":{"self":[{"href":"https:\/\/www.regioncuatronoticias.com\/index.php\/wp-json\/wp\/v2\/posts\/2899","targetHints":{"allow":["GET"]}}],"collection":[{"href":"https:\/\/www.regioncuatronoticias.com\/index.php\/wp-json\/wp\/v2\/posts"}],"about":[{"href":"https:\/\/www.regioncuatronoticias.com\/index.php\/wp-json\/wp\/v2\/types\/post"}],"author":[{"embeddable":true,"href":"https:\/\/www.regioncuatronoticias.com\/index.php\/wp-json\/wp\/v2\/users\/1"}],"replies":[{"embeddable":true,"href":"https:\/\/www.regioncuatronoticias.com\/index.php\/wp-json\/wp\/v2\/comments?post=2899"}],"version-history":[{"count":1,"href":"https:\/\/www.regioncuatronoticias.com\/index.php\/wp-json\/wp\/v2\/posts\/2899\/revisions"}],"predecessor-version":[{"id":2901,"href":"https:\/\/www.regioncuatronoticias.com\/index.php\/wp-json\/wp\/v2\/posts\/2899\/revisions\/2901"}],"wp:featuredmedia":[{"embeddable":true,"href":"https:\/\/www.regioncuatronoticias.com\/index.php\/wp-json\/wp\/v2\/media\/2900"}],"wp:attachment":[{"href":"https:\/\/www.regioncuatronoticias.com\/index.php\/wp-json\/wp\/v2\/media?parent=2899"}],"wp:term":[{"taxonomy":"category","embeddable":true,"href":"https:\/\/www.regioncuatronoticias.com\/index.php\/wp-json\/wp\/v2\/categories?post=2899"},{"taxonomy":"post_tag","embeddable":true,"href":"https:\/\/www.regioncuatronoticias.com\/index.php\/wp-json\/wp\/v2\/tags?post=2899"}],"curies":[{"name":"wp","href":"https:\/\/api.w.org\/{rel}","templated":true}]}}