{"id":2890,"date":"2023-11-20T20:09:09","date_gmt":"2023-11-21T03:09:09","guid":{"rendered":"https:\/\/www.regioncuatronoticias.com\/?p=2890"},"modified":"2023-11-20T20:09:12","modified_gmt":"2023-11-21T03:09:12","slug":"morena-en-la-cdmx-le-abre-las-puertas-a-adrian-rubalcava-tras-su-renuncia-al-pri","status":"publish","type":"post","link":"https:\/\/www.regioncuatronoticias.com\/index.php\/2023\/11\/20\/morena-en-la-cdmx-le-abre-las-puertas-a-adrian-rubalcava-tras-su-renuncia-al-pri\/","title":{"rendered":"MORENA en la CDMX le abre las puertas a Adri\u00e1n Rubalcava tras su renuncia al PRI"},"content":{"rendered":"\n<p>Latinus<\/p>\n\n\n\n<p>Alberto Valiente<\/p>\n\n\n\n<p>Noviembre 20, 2023<\/p>\n\n\n\n<p>El dirigente de Morena en la Ciudad de M\u00e9xico, Sebasti\u00e1n Ram\u00edrez, le abri\u00f3 las puertas del partido al alcalde con licencia de Cuajimalpa, Adri\u00e1n Rubalcava, quien la semana pasada renunci\u00f3 al PRI.<\/p>\n\n\n\n<p>\u201cEst\u00e1 abierto Morena para todos los que quieran ayudar a M\u00e9xico, todos los que le quieran ayudar a la doctora Sheinbaum y todos los que le quieran ayudar a Clara Brugada\u201c, dijo.<\/p>\n\n\n\n<p>A su salida del arranque de precampa\u00f1a de Brugada, Sebasti\u00e1n Ram\u00edrez explic\u00f3 que a\u00fan no ha habido un acercamiento con el expriista, sin embargo, asegur\u00f3 que era un escenario que todos esperaban: \u201cNosotros advertimos que esto iba a pasar, yo lo dije hace varios meses\u201d.<\/p>\n\n\n\n<p>Por su parte, Brugada se mostr\u00f3 abierta a la inclusi\u00f3n de Rubalcava a Morena, pero acot\u00f3: \u201cHay que esperar un tiempecito\u201d.<\/p>\n\n\n\n<p>Adri\u00e1n Rubalcava renunci\u00f3 al PRI este fin de semana luego de que el Frente Amplio por la Ciudad de M\u00e9xico eligiera a Santiago Taboada como su precandidato \u00fanico para contender por la Jefatura de Gobierno.<\/p>\n\n\n\n<p>Rubalcava ha mostrado su molestia con el PRI por esta decisi\u00f3n, aunque no ha anunciado cu\u00e1l ser\u00e1 su futuro pol\u00edtico.<\/p>\n\n\n\n<p>Recomendamos: Sandra Cuevas pone en vilo su futuro en el Frente Amplio: expresa su apoyo a Rubalcava \u201cpara que demos la lucha en donde la tengamos que dar\u201d<\/p>\n\n\n\n<p>\u201cMe utilizaste, Alejandro Moreno, y no se vale. Hablar con la verdad lo da todo. Esto no me lastima solamente a m\u00ed, sino tambi\u00e9n a la sociedad que tiene la esperanza de encontrar una opci\u00f3n. El Frente Amplio s\u00ed traiciona. No tengo pensado un plan B. Hoy me separo del PRI\u201d, dijo en conferencia de prensa.<\/p>\n\n\n\n<p>Adem\u00e1s, este mismo lunes, Rubalcava anunci\u00f3 que los diputados del Congreso de la Ciudad de M\u00e9xico afines a \u00e9l votar\u00e1n a favor de la ratificaci\u00f3n de la fiscal Ernestina Godoy.<\/p>\n\n\n\n<p>\u201cVamos a ratificar a Ernestina Godoy por la traici\u00f3n\u201d, dijo a unas horas de que los legisladores entrevisten a la fiscal y que el asunto sea votado en el Congreso capitalino.<\/p>\n","protected":false},"excerpt":{"rendered":"<p>Latinus Alberto Valiente Noviembre 20, 2023 El dirigente de Morena en la Ciudad de M\u00e9xico, Sebasti\u00e1n Ram\u00edrez, le abri\u00f3 las puertas del partido al alcalde con licencia de Cuajimalpa, Adri\u00e1n Rubalcava, quien la semana pasada renunci\u00f3 al PRI. \u201cEst\u00e1 abierto Morena para todos los que quieran ayudar a M\u00e9xico, todos los que le quieran ayudar [&hellip;]<\/p>\n","protected":false},"author":1,"featured_media":2891,"comment_status":"open","ping_status":"open","sticky":false,"template":"","format":"standard","meta":{"content-type":"","footnotes":""},"categories":[3,115,105],"tags":[],"class_list":{"0":"post-2890","1":"post","2":"type-post","3":"status-publish","4":"format-standard","5":"has-post-thumbnail","7":"category-mexico","8":"category-politica","9":"category-principal"},"_links":{"self":[{"href":"https:\/\/www.regioncuatronoticias.com\/index.php\/wp-json\/wp\/v2\/posts\/2890","targetHints":{"allow":["GET"]}}],"collection":[{"href":"https:\/\/www.regioncuatronoticias.com\/index.php\/wp-json\/wp\/v2\/posts"}],"about":[{"href":"https:\/\/www.regioncuatronoticias.com\/index.php\/wp-json\/wp\/v2\/types\/post"}],"author":[{"embeddable":true,"href":"https:\/\/www.regioncuatronoticias.com\/index.php\/wp-json\/wp\/v2\/users\/1"}],"replies":[{"embeddable":true,"href":"https:\/\/www.regioncuatronoticias.com\/index.php\/wp-json\/wp\/v2\/comments?post=2890"}],"version-history":[{"count":1,"href":"https:\/\/www.regioncuatronoticias.com\/index.php\/wp-json\/wp\/v2\/posts\/2890\/revisions"}],"predecessor-version":[{"id":2892,"href":"https:\/\/www.regioncuatronoticias.com\/index.php\/wp-json\/wp\/v2\/posts\/2890\/revisions\/2892"}],"wp:featuredmedia":[{"embeddable":true,"href":"https:\/\/www.regioncuatronoticias.com\/index.php\/wp-json\/wp\/v2\/media\/2891"}],"wp:attachment":[{"href":"https:\/\/www.regioncuatronoticias.com\/index.php\/wp-json\/wp\/v2\/media?parent=2890"}],"wp:term":[{"taxonomy":"category","embeddable":true,"href":"https:\/\/www.regioncuatronoticias.com\/index.php\/wp-json\/wp\/v2\/categories?post=2890"},{"taxonomy":"post_tag","embeddable":true,"href":"https:\/\/www.regioncuatronoticias.com\/index.php\/wp-json\/wp\/v2\/tags?post=2890"}],"curies":[{"name":"wp","href":"https:\/\/api.w.org\/{rel}","templated":true}]}}