{"id":28713,"date":"2025-05-26T13:44:47","date_gmt":"2025-05-26T20:44:47","guid":{"rendered":"https:\/\/www.regioncuatronoticias.com\/?p=28713"},"modified":"2025-05-26T13:44:54","modified_gmt":"2025-05-26T20:44:54","slug":"eden-munoz-cierra-en-grande-las-fiestas-del-pitic-2025-ante-70-mil-personas","status":"publish","type":"post","link":"https:\/\/www.regioncuatronoticias.com\/index.php\/2025\/05\/26\/eden-munoz-cierra-en-grande-las-fiestas-del-pitic-2025-ante-70-mil-personas\/","title":{"rendered":"Ed\u00e9n Mu\u00f1oz cierra en grande las Fiestas del Pitic 2025 ante 70 mil personas"},"content":{"rendered":"\n<p><strong>El cantante mexicano se present\u00f3 en el Foro Rosales con un lleno total en un concierto que se extendi\u00f3 por m\u00e1s de tres horas&nbsp;<\/strong><\/p>\n\n\n\n<p>Tomado de El Sol de Hermosillo<\/p>\n\n\n\n<p>Carlos Castro<\/p>\n\n\n\n<p>Lunes 26 de mayo de 2025<\/p>\n\n\n\n<p>Las Fiestas del Pitic 2025 celebraron el cumplea\u00f1os de Hermosillo por todo lo alto, con la presentaci\u00f3n estelar de Ed\u00e9n Mu\u00f1oz y su gran cierre que convoc\u00f3 a m\u00e1s de 70 mil almas en el coraz\u00f3n de la ciudad.<\/p>\n\n\n\n<p>El \u00eddolo del regional mexicano sali\u00f3 al escenario del Foro Rosales en punto de las 21:30 horas de este domingo 25 de mayo, dando inicio a su cuarta presentaci\u00f3n del mes en la capital sonorense.<\/p>\n\n\n\n<p>Gracias por estos d\u00edas que nos han dado alojamiento en esta tierra donde el sol quema sabroso, donde lo hacen sentir a uno como de aqu\u00ed, apunt\u00f3 Mu\u00f1oz al comienzo de lo que ser\u00eda una presentaci\u00f3n para la historia.<\/p>\n\n\n\n<p>\u201cComo Quieras Quiero\u201d y \u201cEl Amor No Es Para M\u00ed\u201d fueron los primeros temas de la noche que calentaron los motores de una fiesta que se extender\u00eda por m\u00e1s de tres horas.<\/p>\n\n\n\n<p>El cantante originario de Los Mochis, Sinaloa reconoci\u00f3 el cari\u00f1o y la conexi\u00f3n que tiene por la capital sonorense, dedic\u00e1ndole a su gente \u201cSimplemente Gracias\u201d.<\/p>\n\n\n\n<p>\u201cSi Te Pudiera Mentir\u201d, \u201cNi Que Estuvieras Tan Buena\u201d y \u201cLejos Estamos Bien\u201d fueron otros de los \u00e9xitos m\u00e1s aplaudidos de la noche, al tiempo que Mu\u00f1oz alternaba con las reinterpretaciones de los cl\u00e1sicos de su ya conocida ruleta de homenajes.<\/p>\n\n\n\n<p>As\u00ed sonaron tambi\u00e9n otros temas de Selena (\u201cComo La Flor\u201d y \u201cAmor prohibido\u201d), Marco Antonio Sol\u00eds (\u201cMi Eterno Amor Secreto\u201d) y Joan Sebastian (\u201cSangoloteadito\u201d, \u201cSecreto De Amor\u201d y \u201cEl Viejo Joven\u201d).<\/p>\n\n\n\n<p>Las emociones alcanzaron otro nivel con el homenaje a Valent\u00edn Elizalde, con Mu\u00f1oz invitando al p\u00fablico hermosillense a que se le uniera para convocar a la leyenda de Jitonhueca, Etchojoa.<\/p>\n\n\n\n<p>\u201cVamos a gritar muy fuerte para despertar a San Valent\u00edn Elizalde y decirle que lo extra\u00f1amos un ch&#8230;\u201d, pidi\u00f3 el sinaloense antes de las interpretaciones de \u201cLa Playa\u201d y \u201cC\u00f3mo Me Duele\u201d.<\/p>\n\n\n\n<p>Hacia la 1:00 de la ma\u00f1ana Ed\u00e9n Mu\u00f1oz guard\u00f3 para el final su tributo a Sergio Vega en \u201cEl Telegrama\u201d, \u201cCosas Del Amor\u201d y \u201cDue\u00f1o De Ti\u201d, con los miles de asistentes bailando a lo largo del bulevar y cerrando en j\u00fabilo una de las celebraciones por el aniversario de Hermosillo m\u00e1s memorable de los \u00faltimos a\u00f1os.<\/p>\n\n\n\n<p><a href=\"https:\/\/oem.com.mx\/elsoldehermosillo\/gossip\/eden-munoz-cierra-en-grande-las-fiestas-del-pitic-2025-ante-70-mil-personas-23778241\">https:\/\/oem.com.mx\/elsoldehermosillo\/gossip\/eden-munoz-cierra-en-grande-las-fiestas-del-pitic-2025-ante-70-mil-personas-23778241<\/a><\/p>\n","protected":false},"excerpt":{"rendered":"<p>El cantante mexicano se present\u00f3 en el Foro Rosales con un lleno total en un concierto que se extendi\u00f3 por m\u00e1s de tres horas&nbsp; Tomado de El Sol de Hermosillo Carlos Castro Lunes 26 de mayo de 2025 Las Fiestas del Pitic 2025 celebraron el cumplea\u00f1os de Hermosillo por todo lo alto, con la presentaci\u00f3n [&hellip;]<\/p>\n","protected":false},"author":1,"featured_media":28714,"comment_status":"open","ping_status":"open","sticky":false,"template":"","format":"standard","meta":{"content-type":"","footnotes":""},"categories":[112,116,8],"tags":[],"class_list":{"0":"post-28713","1":"post","2":"type-post","3":"status-publish","4":"format-standard","5":"has-post-thumbnail","7":"category-cultura","8":"category-entretenimiento","9":"category-hermosillo"},"_links":{"self":[{"href":"https:\/\/www.regioncuatronoticias.com\/index.php\/wp-json\/wp\/v2\/posts\/28713","targetHints":{"allow":["GET"]}}],"collection":[{"href":"https:\/\/www.regioncuatronoticias.com\/index.php\/wp-json\/wp\/v2\/posts"}],"about":[{"href":"https:\/\/www.regioncuatronoticias.com\/index.php\/wp-json\/wp\/v2\/types\/post"}],"author":[{"embeddable":true,"href":"https:\/\/www.regioncuatronoticias.com\/index.php\/wp-json\/wp\/v2\/users\/1"}],"replies":[{"embeddable":true,"href":"https:\/\/www.regioncuatronoticias.com\/index.php\/wp-json\/wp\/v2\/comments?post=28713"}],"version-history":[{"count":1,"href":"https:\/\/www.regioncuatronoticias.com\/index.php\/wp-json\/wp\/v2\/posts\/28713\/revisions"}],"predecessor-version":[{"id":28715,"href":"https:\/\/www.regioncuatronoticias.com\/index.php\/wp-json\/wp\/v2\/posts\/28713\/revisions\/28715"}],"wp:featuredmedia":[{"embeddable":true,"href":"https:\/\/www.regioncuatronoticias.com\/index.php\/wp-json\/wp\/v2\/media\/28714"}],"wp:attachment":[{"href":"https:\/\/www.regioncuatronoticias.com\/index.php\/wp-json\/wp\/v2\/media?parent=28713"}],"wp:term":[{"taxonomy":"category","embeddable":true,"href":"https:\/\/www.regioncuatronoticias.com\/index.php\/wp-json\/wp\/v2\/categories?post=28713"},{"taxonomy":"post_tag","embeddable":true,"href":"https:\/\/www.regioncuatronoticias.com\/index.php\/wp-json\/wp\/v2\/tags?post=28713"}],"curies":[{"name":"wp","href":"https:\/\/api.w.org\/{rel}","templated":true}]}}