{"id":2871,"date":"2023-11-19T23:04:52","date_gmt":"2023-11-20T06:04:52","guid":{"rendered":"https:\/\/www.regioncuatronoticias.com\/?p=2871"},"modified":"2023-11-19T23:04:53","modified_gmt":"2023-11-20T06:04:53","slug":"sheinbaum-se-registra-como-precandidata-presidencial-de-morena-seguire-con-el-rumbo-que-inicio-amlo-sin-zigzagueos","status":"publish","type":"post","link":"https:\/\/www.regioncuatronoticias.com\/index.php\/2023\/11\/19\/sheinbaum-se-registra-como-precandidata-presidencial-de-morena-seguire-con-el-rumbo-que-inicio-amlo-sin-zigzagueos\/","title":{"rendered":"Sheinbaum se registra como precandidata presidencial de Morena: \u201cSeguir\u00e9 con el rumbo que inici\u00f3 AMLO, sin zigzagueos\u201d"},"content":{"rendered":"\n<p>Tomado de Latinus<\/p>\n\n\n\n<p>Amado Azueta<\/p>\n\n\n\n<p>Noviembre 19, 2023<\/p>\n\n\n\n<p>Claudia Sheinbaum Pardo se registr\u00f3 este domingo como precandidata presidencial de la coalici\u00f3n conformada por Morena, PT y PVEM y prometi\u00f3 seguir con el proyecto y los programas sociales del presidente Andr\u00e9s Manuel L\u00f3pez Obrador, \u201csin zigzagueos\u201d.<\/p>\n\n\n\n<p>\u201cAsumo la precandidatura a la presidencia de la Rep\u00fablica (\u2026) con orgullo y compromiso, con humildad, pero con la plena responsabilidad de continuar el rumbo trazado por nuestro pueblo sin zigzagueos, el rumbo de la transformaci\u00f3n que ha iniciado el presidente\u201d, dijo en su discurso.<\/p>\n\n\n\n<p>Asimismo, acus\u00f3 a la alianza opositora de no creer en la unidad que proclaman y de representar el \u201cpasado de corrupci\u00f3n y privilegios, eso es lo que los une all\u00e1\u201d.<\/p>\n\n\n\n<p>Sin ning\u00fan acto protocolario y s\u00f3lo en medio de aplausos y gritos de \u201cpresidenta\u201d, Sheinbaum asumi\u00f3 la precandidatura \u00fanica bajo la consigna de seguir el mismo camino, pol\u00edtico y econ\u00f3mico del presidente Andr\u00e9s Manuel L\u00f3pez Obrador.<\/p>\n\n\n\n<p>Al evento realizado en el sal\u00f3n Olmeca, del World Trade Center (WTC) de la Ciudad de M\u00e9xico acudieron dirigentes de Morena, gobernadores, legisladores y aspirantes a diferentes gubernaturas para el pr\u00f3ximo proceso electoral.<\/p>\n\n\n\n<p>Entre los asistentes estuvieron Mario Delgado, Citlalli Hern\u00e1ndez, Ricardo Monreal, Ad\u00e1n Augusto L\u00f3pez y Gerardo Fern\u00e1ndez Noro\u00f1a, sin embargo, destac\u00f3 la ausencia de Marcelo Ebrard. Tambi\u00e9n acudi\u00f3 Arturo Zald\u00edvar, quien recientemente se separ\u00f3 de su cargo como ministro.<\/p>\n\n\n\n<p>El excanciller no fue al evento de registro pese a que anunci\u00f3 que se queda en Morena y tras denunciar irregularidades en el proceso interno del partido para definir a su representante en las pr\u00f3ximas elecciones.<\/p>\n\n\n\n<p>Sheinbaum Pardo se concentr\u00f3 en el mismo discurso que la ha acompa\u00f1ado desde el 16 de junio cuando dej\u00f3 la Jefatura de Gobierno de la Ciudad de M\u00e9xico e inici\u00f3 su gira por la candidatura presidencial.<\/p>\n\n\n\n<p>Del mismo modo que hizo en varias ocasiones durante su gira proselitista present\u00f3 sus propuestas de gobierno advirtiendo que s\u00f3lo son \u201capuntes\u201d y \u201csue\u00f1os\u201d.<\/p>\n\n\n\n<p>\u201cAntes de que nos vaya a sancionar el Instituto Nacional Electoral, porque supuestamente no podemos hacer ninguna propuesta, debo decir que no se trata de propuestas, no, son apuntes, visiones estrat\u00e9gicas que nos ayudan a construir ese segundo piso\u201d, afirm\u00f3 mientras sonre\u00eda y generaba risas entre los presentes.<\/p>\n\n\n\n<p>La precandidata del oficialismo mencion\u00f3 17 \u201capuntes\u201d que llevar\u00e1 a cabo en caso de ganar los comicios presidenciales de 2024.<\/p>\n\n\n\n<p>Destacan en todos la continuidad en los trabajos que inici\u00f3 este gobierno, entre ellos: austeridad republicana, programas sociales y las obras insignias que promueve la administraci\u00f3n federal.<\/p>\n\n\n\n<p>Entre los gobernadores que se presentaron en el evento estuvieron Marina del Pilar \u00c1vila, de Baja California; Am\u00e9rico Villarreal, de Tamaulipas; Delfina G\u00f3mez, Estado de M\u00e9xico; Rutilio Escand\u00f3n, Chiapas; Cuauht\u00e9moc Blanco, Morelos; Alfredo Ram\u00edrez Bedolla, Michoac\u00e1n, y Layda Sansores, entre otros, adem\u00e1s del jefe de Gobierno de la Ciudad de M\u00e9xico, Mart\u00ed Batres.<\/p>\n\n\n\n<p>Cuando ya hab\u00eda concluido su discurso y el maestro de ceremonias estaba cerrando el evento, Sheinbaum tom\u00f3 el micr\u00f3fono para agradecer la presencia del gobernador Alfonso Durazo, y luego, al final, lament\u00f3 la situaci\u00f3n que viven los habitantes de Acapulco por el paso del hurac\u00e1n \u201cOtis\u201d.<\/p>\n\n\n\n<p>Momentos antes, la aspirante presidencial Claudia Sheinbaum difundi\u00f3 una fotograf\u00eda en sus redes sociales con los pol\u00edticos de morenistas presentes en su registro.<\/p>\n\n\n\n<p>\u201cSomos protagonistas del cambio verdadero, hombres y mujeres que todos los d\u00edas construyen, desde cada una de sus entidades, un pa\u00eds de derechos y libertades\u201d, escribi\u00f3 en la red social X junto con la imagen.<\/p>\n","protected":false},"excerpt":{"rendered":"<p>Tomado de Latinus Amado Azueta Noviembre 19, 2023 Claudia Sheinbaum Pardo se registr\u00f3 este domingo como precandidata presidencial de la coalici\u00f3n conformada por Morena, PT y PVEM y prometi\u00f3 seguir con el proyecto y los programas sociales del presidente Andr\u00e9s Manuel L\u00f3pez Obrador, \u201csin zigzagueos\u201d. \u201cAsumo la precandidatura a la presidencia de la Rep\u00fablica (\u2026) [&hellip;]<\/p>\n","protected":false},"author":1,"featured_media":2872,"comment_status":"open","ping_status":"open","sticky":false,"template":"","format":"standard","meta":{"content-type":"","footnotes":""},"categories":[3,115,105],"tags":[],"class_list":{"0":"post-2871","1":"post","2":"type-post","3":"status-publish","4":"format-standard","5":"has-post-thumbnail","7":"category-mexico","8":"category-politica","9":"category-principal"},"_links":{"self":[{"href":"https:\/\/www.regioncuatronoticias.com\/index.php\/wp-json\/wp\/v2\/posts\/2871","targetHints":{"allow":["GET"]}}],"collection":[{"href":"https:\/\/www.regioncuatronoticias.com\/index.php\/wp-json\/wp\/v2\/posts"}],"about":[{"href":"https:\/\/www.regioncuatronoticias.com\/index.php\/wp-json\/wp\/v2\/types\/post"}],"author":[{"embeddable":true,"href":"https:\/\/www.regioncuatronoticias.com\/index.php\/wp-json\/wp\/v2\/users\/1"}],"replies":[{"embeddable":true,"href":"https:\/\/www.regioncuatronoticias.com\/index.php\/wp-json\/wp\/v2\/comments?post=2871"}],"version-history":[{"count":1,"href":"https:\/\/www.regioncuatronoticias.com\/index.php\/wp-json\/wp\/v2\/posts\/2871\/revisions"}],"predecessor-version":[{"id":2873,"href":"https:\/\/www.regioncuatronoticias.com\/index.php\/wp-json\/wp\/v2\/posts\/2871\/revisions\/2873"}],"wp:featuredmedia":[{"embeddable":true,"href":"https:\/\/www.regioncuatronoticias.com\/index.php\/wp-json\/wp\/v2\/media\/2872"}],"wp:attachment":[{"href":"https:\/\/www.regioncuatronoticias.com\/index.php\/wp-json\/wp\/v2\/media?parent=2871"}],"wp:term":[{"taxonomy":"category","embeddable":true,"href":"https:\/\/www.regioncuatronoticias.com\/index.php\/wp-json\/wp\/v2\/categories?post=2871"},{"taxonomy":"post_tag","embeddable":true,"href":"https:\/\/www.regioncuatronoticias.com\/index.php\/wp-json\/wp\/v2\/tags?post=2871"}],"curies":[{"name":"wp","href":"https:\/\/api.w.org\/{rel}","templated":true}]}}