{"id":2865,"date":"2023-11-19T23:00:24","date_gmt":"2023-11-20T06:00:24","guid":{"rendered":"https:\/\/www.regioncuatronoticias.com\/?p=2865"},"modified":"2023-11-19T23:00:26","modified_gmt":"2023-11-20T06:00:26","slug":"detener-la-invasion-en-la-frontera-sur-y-emprender-la-mayor-deportacion-en-la-historia-de-eu-promete-trump","status":"publish","type":"post","link":"https:\/\/www.regioncuatronoticias.com\/index.php\/2023\/11\/19\/detener-la-invasion-en-la-frontera-sur-y-emprender-la-mayor-deportacion-en-la-historia-de-eu-promete-trump\/","title":{"rendered":"&#8220;Detener la invasi\u00f3n en la frontera sur y emprender la mayor deportaci\u00f3n en la historia de EU\u201d, promete Trump"},"content":{"rendered":"\n<p>La Jornada Sin Fronteras<\/p>\n\n\n\n<p>AP Donald Trump y Greg Abbot.jpeg<\/p>\n\n\n\n<p>Edinburg, Texas, EE.UU. (AP) \u2014 Donald Trump regres\u00f3 a la frontera entre Estados Unidos y M\u00e9xico para una visita el domingo mientras promueve una agenda intransigente de inmigraci\u00f3n que ser\u00eda mucho m\u00e1s expansiva que las pol\u00edticas que aplic\u00f3 como presidente.<\/p>\n\n\n\n<p>Antes de hablar en Edinburg, Texas, Trump sirvi\u00f3 comidas a los soldados de la Guardia Nacional de Texas, polic\u00edas y otros que estar\u00e1n estacionados en la frontera durante el D\u00eda de Acci\u00f3n de Gracias. Lo acompa\u00f1\u00f3 el gobernador republicano Greg Abbott, un viejo aliado y colega halc\u00f3n fronterizo que se espera respalde al favorito para la nominaci\u00f3n de 2024 durante la visita, seg\u00fan una persona cercana a Trump que habl\u00f3 bajo la condici\u00f3n de anonimato antes de un anuncio formal.<\/p>\n\n\n\n<p>Trump y Abbott repartieron tacos y el expresidente dio saludos de mano y pos\u00f3 para fotograf\u00edas. Planeaban hablar con unos 150 simpatizantes afuera de un hangar del aeropuerto en la ciudad, que est\u00e1 a unos 48 kil\u00f3metros (30 millas) de la frontera.<\/p>\n\n\n\n<p>Trump ha estado presentando propuestas de inmigraci\u00f3n que marcar\u00edan una escalada dram\u00e1tica del enfoque que utiliz\u00f3 siendo mandatario y que provocaron alarmas de activistas de derechos civiles y numerosas apelaciones judiciales.<\/p>\n\n\n\n<p>\u201cEn mi primer d\u00eda de regreso a la Casa Blanca, pondr\u00e9 fin a todas las pol\u00edticas de fronteras abiertas de la administraci\u00f3n Biden. Detendr\u00e9 la invasi\u00f3n en nuestra frontera sur y comenzar\u00e9 la mayor operaci\u00f3n de deportaci\u00f3n interna en la historia de Estados Unidos\u201d, dijo el s\u00e1bado en Iowa.<\/p>\n\n\n\n<p>Tambi\u00e9n ha dicho que desea revivir y ampliar su controvertida prohibici\u00f3n de viajar, que inicialmente apuntaba a siete pa\u00edses de mayor\u00eda musulmana. La orden ejecutiva inicial de Trump fue impugnada hasta la Corte Suprema.<\/p>\n\n\n\n<p>Adem\u00e1s, ha hablado de comenzar un nuevo \u201cfiltro ideol\u00f3gico\u201d para todos los inmigrantes, con el objetivo de impedir que los \u201ccomunistas y marxistas que odian a los cristianos\u201d y los \u201cpeligrosos lun\u00e1ticos, enemigos, intolerantes y man\u00edacos\u201d entren a Estados Unidos. \u201cAquellos que vengan a nuestro pa\u00eds deben amar nuestro pa\u00eds\u201d, ha dicho.<\/p>\n\n\n\n<p>Con informaci\u00f3n de AP<\/p>\n","protected":false},"excerpt":{"rendered":"<p>La Jornada Sin Fronteras AP Donald Trump y Greg Abbot.jpeg Edinburg, Texas, EE.UU. (AP) \u2014 Donald Trump regres\u00f3 a la frontera entre Estados Unidos y M\u00e9xico para una visita el domingo mientras promueve una agenda intransigente de inmigraci\u00f3n que ser\u00eda mucho m\u00e1s expansiva que las pol\u00edticas que aplic\u00f3 como presidente. Antes de hablar en Edinburg, [&hellip;]<\/p>\n","protected":false},"author":1,"featured_media":2866,"comment_status":"open","ping_status":"open","sticky":false,"template":"","format":"standard","meta":{"content-type":"","footnotes":""},"categories":[7,115,105],"tags":[],"class_list":{"0":"post-2865","1":"post","2":"type-post","3":"status-publish","4":"format-standard","5":"has-post-thumbnail","7":"category-internacional","8":"category-politica","9":"category-principal"},"_links":{"self":[{"href":"https:\/\/www.regioncuatronoticias.com\/index.php\/wp-json\/wp\/v2\/posts\/2865","targetHints":{"allow":["GET"]}}],"collection":[{"href":"https:\/\/www.regioncuatronoticias.com\/index.php\/wp-json\/wp\/v2\/posts"}],"about":[{"href":"https:\/\/www.regioncuatronoticias.com\/index.php\/wp-json\/wp\/v2\/types\/post"}],"author":[{"embeddable":true,"href":"https:\/\/www.regioncuatronoticias.com\/index.php\/wp-json\/wp\/v2\/users\/1"}],"replies":[{"embeddable":true,"href":"https:\/\/www.regioncuatronoticias.com\/index.php\/wp-json\/wp\/v2\/comments?post=2865"}],"version-history":[{"count":1,"href":"https:\/\/www.regioncuatronoticias.com\/index.php\/wp-json\/wp\/v2\/posts\/2865\/revisions"}],"predecessor-version":[{"id":2867,"href":"https:\/\/www.regioncuatronoticias.com\/index.php\/wp-json\/wp\/v2\/posts\/2865\/revisions\/2867"}],"wp:featuredmedia":[{"embeddable":true,"href":"https:\/\/www.regioncuatronoticias.com\/index.php\/wp-json\/wp\/v2\/media\/2866"}],"wp:attachment":[{"href":"https:\/\/www.regioncuatronoticias.com\/index.php\/wp-json\/wp\/v2\/media?parent=2865"}],"wp:term":[{"taxonomy":"category","embeddable":true,"href":"https:\/\/www.regioncuatronoticias.com\/index.php\/wp-json\/wp\/v2\/categories?post=2865"},{"taxonomy":"post_tag","embeddable":true,"href":"https:\/\/www.regioncuatronoticias.com\/index.php\/wp-json\/wp\/v2\/tags?post=2865"}],"curies":[{"name":"wp","href":"https:\/\/api.w.org\/{rel}","templated":true}]}}