{"id":2862,"date":"2023-11-19T22:57:57","date_gmt":"2023-11-20T05:57:57","guid":{"rendered":"https:\/\/www.regioncuatronoticias.com\/?p=2862"},"modified":"2023-11-19T22:57:59","modified_gmt":"2023-11-20T05:57:59","slug":"amalia-perez-gana-plata-en-powerlifting-de-los-parapanamericanos","status":"publish","type":"post","link":"https:\/\/www.regioncuatronoticias.com\/index.php\/2023\/11\/19\/amalia-perez-gana-plata-en-powerlifting-de-los-parapanamericanos\/","title":{"rendered":"Amalia P\u00e9rez gana plata en powerlifting de los Parapanamericanos"},"content":{"rendered":"\n<p>Amalia P\u00e9rez se colg\u00f3 la medalla de plata en powerlifting, categor\u00eda de hasta 67 kilogramos, el 19 de noviembre de 2023. Foto tomada de X @CONADE<\/p>\n\n\n\n<p>19 de noviembre de 2023 13:30<\/p>\n\n\n\n<p>Ciudad de M\u00e9xico. La tetracampeona de Juegos Paral\u00edmpicos, Amalia P\u00e9rez, logr\u00f3 medalla de plata, en la final de hasta 67 kilos, en el segundo d\u00eda de competencias del para powerlifting de los VII Juegos Parapanamericanos Santiago 2023, que se lleva a cabo en el Gimnasio Chimkowe.<\/p>\n\n\n\n<p>La mexicana hizo v\u00e1lido su levantamiento por 127 kilos y tuvo dos intentos fallidos, con este resultado acumul\u00f3 seis preseas consecutivas en Juegos Parapanamericanos. El oro fue para Bertha Fern\u00e1ndez de Colombia, con 130 kilogramos y el bronce correspondi\u00f3 a F\u00e1tima Costa de Brasil, con una marca de 110 kilogramos.<\/p>\n\n\n\n<p>\u201cSe hizo una competencia muy re\u00f1ida, al final del d\u00eda fue la decisi\u00f3n de los jueces, yo respeto su trabajo y su criterio, quiere decir que tengo que trabajar mejor mi t\u00e9cnica, pero eso es parte del proceso, parte de pulir mi trabajo y, sobre todo, me siento muy orgullosa de estar al t\u00fa por t\u00fa en estas competencias y aunque hoy no se me dio el primer lugar, hay Amalia para rato\u201d, asegur\u00f3 Amalia.<\/p>\n\n\n\n<p>\u201cNo es nada m\u00e1s venir a recoger una medalla, sino que hay que demostrar que tenemos la capacidad, que realmente se pelea un lugar, se pelea un podio y nos sentimos muy orgullosas de representar a nuestros pa\u00edses. Me siento con mucha satisfacci\u00f3n, porque definitivamente mi primera motivaci\u00f3n es venir a representar a mi pa\u00eds, a mi gente, mis colores y la disciplina que represento\u201d.<\/p>\n\n\n\n<p>En la final varonil de hasta 97 kilogramos, el jalisciense, Juan Antonio Ram\u00edrez, hizo su debut parapanamericano, con la medalla de bronce, gracias a un levantamiento de 158 kilogramos. El seleccionado nacional fall\u00f3 su primer intento, pero se recuper\u00f3 e hizo v\u00e1lidos los siguientes dos, por 153 y 158 para subir al podio de honor. El oro fue para Fabio Torres de Colombia con 215 kilogramos y la plata para el brasile\u00f1o Jos\u00e9 Silva, con una marca de 200 kilogramos.<\/p>\n","protected":false},"excerpt":{"rendered":"<p>Amalia P\u00e9rez se colg\u00f3 la medalla de plata en powerlifting, categor\u00eda de hasta 67 kilogramos, el 19 de noviembre de 2023. Foto tomada de X @CONADE 19 de noviembre de 2023 13:30 Ciudad de M\u00e9xico. La tetracampeona de Juegos Paral\u00edmpicos, Amalia P\u00e9rez, logr\u00f3 medalla de plata, en la final de hasta 67 kilos, en el [&hellip;]<\/p>\n","protected":false},"author":1,"featured_media":2863,"comment_status":"open","ping_status":"open","sticky":false,"template":"","format":"standard","meta":{"content-type":"","footnotes":""},"categories":[5,3,105],"tags":[],"class_list":{"0":"post-2862","1":"post","2":"type-post","3":"status-publish","4":"format-standard","5":"has-post-thumbnail","7":"category-deportes","8":"category-mexico","9":"category-principal"},"_links":{"self":[{"href":"https:\/\/www.regioncuatronoticias.com\/index.php\/wp-json\/wp\/v2\/posts\/2862","targetHints":{"allow":["GET"]}}],"collection":[{"href":"https:\/\/www.regioncuatronoticias.com\/index.php\/wp-json\/wp\/v2\/posts"}],"about":[{"href":"https:\/\/www.regioncuatronoticias.com\/index.php\/wp-json\/wp\/v2\/types\/post"}],"author":[{"embeddable":true,"href":"https:\/\/www.regioncuatronoticias.com\/index.php\/wp-json\/wp\/v2\/users\/1"}],"replies":[{"embeddable":true,"href":"https:\/\/www.regioncuatronoticias.com\/index.php\/wp-json\/wp\/v2\/comments?post=2862"}],"version-history":[{"count":1,"href":"https:\/\/www.regioncuatronoticias.com\/index.php\/wp-json\/wp\/v2\/posts\/2862\/revisions"}],"predecessor-version":[{"id":2864,"href":"https:\/\/www.regioncuatronoticias.com\/index.php\/wp-json\/wp\/v2\/posts\/2862\/revisions\/2864"}],"wp:featuredmedia":[{"embeddable":true,"href":"https:\/\/www.regioncuatronoticias.com\/index.php\/wp-json\/wp\/v2\/media\/2863"}],"wp:attachment":[{"href":"https:\/\/www.regioncuatronoticias.com\/index.php\/wp-json\/wp\/v2\/media?parent=2862"}],"wp:term":[{"taxonomy":"category","embeddable":true,"href":"https:\/\/www.regioncuatronoticias.com\/index.php\/wp-json\/wp\/v2\/categories?post=2862"},{"taxonomy":"post_tag","embeddable":true,"href":"https:\/\/www.regioncuatronoticias.com\/index.php\/wp-json\/wp\/v2\/tags?post=2862"}],"curies":[{"name":"wp","href":"https:\/\/api.w.org\/{rel}","templated":true}]}}