{"id":2845,"date":"2023-11-19T22:39:22","date_gmt":"2023-11-20T05:39:22","guid":{"rendered":"https:\/\/www.regioncuatronoticias.com\/?p=2845"},"modified":"2023-11-19T22:39:23","modified_gmt":"2023-11-20T05:39:23","slug":"un-gran-avance-trabajos-de-investigacion-del-isaf-david-colmenares-titular-de-asf","status":"publish","type":"post","link":"https:\/\/www.regioncuatronoticias.com\/index.php\/2023\/11\/19\/un-gran-avance-trabajos-de-investigacion-del-isaf-david-colmenares-titular-de-asf\/","title":{"rendered":"Un gran avance trabajos de investigaci\u00f3n del ISAF: David Colmenares, titular de ASF"},"content":{"rendered":"\n<p>Hermosillo, Son., 17 noviembre 2023.- La Auditor\u00eda Superior de la Federaci\u00f3n y el Instituto Superior de Auditor\u00eda y Fiscalizaci\u00f3n (ISAF) coincidieron en reforzar su trabajo colaborativo para alcanzar sus objetivos de fiscalizaci\u00f3n superior a los entes auditables, en la revisi\u00f3n del ejercicio fiscal 2023.<\/p>\n\n\n\n<p>Durante una gira de trabajo por Sonora, el Auditor Superior de la Federaci\u00f3n, David R. Colmenares P\u00e1ramo, se reuni\u00f3 con la Auditora Mayor del ISAF, Beatriz Huerta Urquijo, y personal del mismo instituto, para conocer los avances de las metodolog\u00edas que se aplican en las revisiones.<\/p>\n\n\n\n<p>En su exposici\u00f3n, la titular del \u00f3rgano fiscalizador en Sonora dio a conocer el programa SIGAS, un sistema de gesti\u00f3n de auditor\u00edas y seguimiento que permite llevar un control de la documentaci\u00f3n reunida durante las revisiones, adem\u00e1s de &nbsp;dar seguimiento a los hallazgos y observaciones.<\/p>\n\n\n\n<p>Colmenares P\u00e1ramo realiz\u00f3 un recorrido por cada una de las \u00e1reas del ISAF, mostrando su benepl\u00e1cito por el alcance obtenido en su trabajo fiscalizador, y donde tambi\u00e9n se le explic\u00f3 los procedimientos para evaluar lo relacionado a la rendici\u00f3n de cuentas de los entes estatales y municipales, conociendo adem\u00e1s los avances que se llevan en el nuevo ciclo de auditor\u00edas.<\/p>\n\n\n\n<p>Durante su intervenci\u00f3n, el Auditor Superior de la Federaci\u00f3n destac\u00f3 la importancia de contar con un \u00e1rea de investigaci\u00f3n, como la del ISAF, encargada de dar seguimiento a todas aquellas observaciones que no fueron solventadas en tiempo y forma, calific\u00e1ndolo como un gran avance y un paso significativo en el fortalecimiento de la fiscalizaci\u00f3n y transparencia en la gesti\u00f3n de los recursos p\u00fablicos.<\/p>\n","protected":false},"excerpt":{"rendered":"<p>Hermosillo, Son., 17 noviembre 2023.- La Auditor\u00eda Superior de la Federaci\u00f3n y el Instituto Superior de Auditor\u00eda y Fiscalizaci\u00f3n (ISAF) coincidieron en reforzar su trabajo colaborativo para alcanzar sus objetivos de fiscalizaci\u00f3n superior a los entes auditables, en la revisi\u00f3n del ejercicio fiscal 2023. Durante una gira de trabajo por Sonora, el Auditor Superior de [&hellip;]<\/p>\n","protected":false},"author":1,"featured_media":2846,"comment_status":"open","ping_status":"open","sticky":false,"template":"","format":"standard","meta":{"content-type":"","footnotes":""},"categories":[117,9],"tags":[],"class_list":{"0":"post-2845","1":"post","2":"type-post","3":"status-publish","4":"format-standard","5":"has-post-thumbnail","7":"category-general","8":"category-sonora"},"_links":{"self":[{"href":"https:\/\/www.regioncuatronoticias.com\/index.php\/wp-json\/wp\/v2\/posts\/2845","targetHints":{"allow":["GET"]}}],"collection":[{"href":"https:\/\/www.regioncuatronoticias.com\/index.php\/wp-json\/wp\/v2\/posts"}],"about":[{"href":"https:\/\/www.regioncuatronoticias.com\/index.php\/wp-json\/wp\/v2\/types\/post"}],"author":[{"embeddable":true,"href":"https:\/\/www.regioncuatronoticias.com\/index.php\/wp-json\/wp\/v2\/users\/1"}],"replies":[{"embeddable":true,"href":"https:\/\/www.regioncuatronoticias.com\/index.php\/wp-json\/wp\/v2\/comments?post=2845"}],"version-history":[{"count":1,"href":"https:\/\/www.regioncuatronoticias.com\/index.php\/wp-json\/wp\/v2\/posts\/2845\/revisions"}],"predecessor-version":[{"id":2847,"href":"https:\/\/www.regioncuatronoticias.com\/index.php\/wp-json\/wp\/v2\/posts\/2845\/revisions\/2847"}],"wp:featuredmedia":[{"embeddable":true,"href":"https:\/\/www.regioncuatronoticias.com\/index.php\/wp-json\/wp\/v2\/media\/2846"}],"wp:attachment":[{"href":"https:\/\/www.regioncuatronoticias.com\/index.php\/wp-json\/wp\/v2\/media?parent=2845"}],"wp:term":[{"taxonomy":"category","embeddable":true,"href":"https:\/\/www.regioncuatronoticias.com\/index.php\/wp-json\/wp\/v2\/categories?post=2845"},{"taxonomy":"post_tag","embeddable":true,"href":"https:\/\/www.regioncuatronoticias.com\/index.php\/wp-json\/wp\/v2\/tags?post=2845"}],"curies":[{"name":"wp","href":"https:\/\/api.w.org\/{rel}","templated":true}]}}