{"id":2839,"date":"2023-11-19T22:32:16","date_gmt":"2023-11-20T05:32:16","guid":{"rendered":"https:\/\/www.regioncuatronoticias.com\/?p=2839"},"modified":"2023-11-19T22:32:18","modified_gmt":"2023-11-20T05:32:18","slug":"balean-instalaciones-de-la-fgr-en-tijuana","status":"publish","type":"post","link":"https:\/\/www.regioncuatronoticias.com\/index.php\/2023\/11\/19\/balean-instalaciones-de-la-fgr-en-tijuana\/","title":{"rendered":"Balean instalaciones de la FGR en Tijuana"},"content":{"rendered":"\n<p>Sujetos arribaron a las instalaciones y realizaron disparos contra la fachada del edificio de la FGR en Tijuana<\/p>\n\n\n\n<p>Tijuana, B.C; noviembre 18, 2023<\/p>\n\n\n\n<p>Sujetos armados balearon las instalaciones de la Fiscal\u00eda General de la Rep\u00fablica (FGR) en la Zona R\u00edo de Tijuana, Baja California.<\/p>\n\n\n\n<p>Los primeros informes se\u00f1alan que los sujetos arribaron a las instalaciones, ubicadas en la avenida Abelardo L. Rodr\u00edguez, a bordo de una camioneta pickup, la cual posteriormente abandonaron, y realizaron disparos contra la fachada del edificio.<\/p>\n\n\n\n<p>Hasta el lugar acudieron autoridades de seguridad quienes acordonaron la zona e iniciaron las investigaciones sobre lo ocurrido.<\/p>\n\n\n\n<p>La agresi\u00f3n dej\u00f3 varios casquillos percutidos de armas de alto calibre y no se reportan personas heridas.<\/p>\n\n\n\n<p>Con informaci\u00f3n de L\u00f3pez-D\u00f3riga Digital<\/p>\n","protected":false},"excerpt":{"rendered":"<p>Sujetos arribaron a las instalaciones y realizaron disparos contra la fachada del edificio de la FGR en Tijuana Tijuana, B.C; noviembre 18, 2023 Sujetos armados balearon las instalaciones de la Fiscal\u00eda General de la Rep\u00fablica (FGR) en la Zona R\u00edo de Tijuana, Baja California. Los primeros informes se\u00f1alan que los sujetos arribaron a las instalaciones, [&hellip;]<\/p>\n","protected":false},"author":1,"featured_media":2840,"comment_status":"open","ping_status":"open","sticky":false,"template":"","format":"standard","meta":{"content-type":"","footnotes":""},"categories":[3,105,113],"tags":[],"class_list":{"0":"post-2839","1":"post","2":"type-post","3":"status-publish","4":"format-standard","5":"has-post-thumbnail","7":"category-mexico","8":"category-principal","9":"category-seguridad"},"_links":{"self":[{"href":"https:\/\/www.regioncuatronoticias.com\/index.php\/wp-json\/wp\/v2\/posts\/2839","targetHints":{"allow":["GET"]}}],"collection":[{"href":"https:\/\/www.regioncuatronoticias.com\/index.php\/wp-json\/wp\/v2\/posts"}],"about":[{"href":"https:\/\/www.regioncuatronoticias.com\/index.php\/wp-json\/wp\/v2\/types\/post"}],"author":[{"embeddable":true,"href":"https:\/\/www.regioncuatronoticias.com\/index.php\/wp-json\/wp\/v2\/users\/1"}],"replies":[{"embeddable":true,"href":"https:\/\/www.regioncuatronoticias.com\/index.php\/wp-json\/wp\/v2\/comments?post=2839"}],"version-history":[{"count":1,"href":"https:\/\/www.regioncuatronoticias.com\/index.php\/wp-json\/wp\/v2\/posts\/2839\/revisions"}],"predecessor-version":[{"id":2841,"href":"https:\/\/www.regioncuatronoticias.com\/index.php\/wp-json\/wp\/v2\/posts\/2839\/revisions\/2841"}],"wp:featuredmedia":[{"embeddable":true,"href":"https:\/\/www.regioncuatronoticias.com\/index.php\/wp-json\/wp\/v2\/media\/2840"}],"wp:attachment":[{"href":"https:\/\/www.regioncuatronoticias.com\/index.php\/wp-json\/wp\/v2\/media?parent=2839"}],"wp:term":[{"taxonomy":"category","embeddable":true,"href":"https:\/\/www.regioncuatronoticias.com\/index.php\/wp-json\/wp\/v2\/categories?post=2839"},{"taxonomy":"post_tag","embeddable":true,"href":"https:\/\/www.regioncuatronoticias.com\/index.php\/wp-json\/wp\/v2\/tags?post=2839"}],"curies":[{"name":"wp","href":"https:\/\/api.w.org\/{rel}","templated":true}]}}