{"id":28295,"date":"2025-05-14T23:09:01","date_gmt":"2025-05-15T06:09:01","guid":{"rendered":"https:\/\/www.regioncuatronoticias.com\/?p=28295"},"modified":"2025-05-14T23:09:06","modified_gmt":"2025-05-15T06:09:06","slug":"dia-del-maestro","status":"publish","type":"post","link":"https:\/\/www.regioncuatronoticias.com\/index.php\/2025\/05\/14\/dia-del-maestro\/","title":{"rendered":"D\u00eda del Maestro"},"content":{"rendered":"\n<p><strong>Columna Corren Rumores<\/strong><\/p>\n\n\n\n<p><strong>Hilario Olea<\/strong><\/p>\n\n\n\n<p><strong>D\u00eda del Maestro<\/strong><\/p>\n\n\n\n<p><strong>Jueves 15 de mayo de 2025<\/strong><\/p>\n\n\n\n<p><strong>LO QUE TANTO LE DEBEMOS\u2026<\/strong> Hoy celebramos el D\u00eda del Maestro, que es un festejo que viene desde 1927 decretado por el presidente Venustiano Carranza y aprovechando que el 15 de mayo se deb\u00eda al D\u00eda del&nbsp; gran educador San Juan Bautista de La Salle. Es una muy merecida celebraci\u00f3n porque no creo que haya alguien, por muy burro, bruto o analfabeta que no le deba algo a un maestro.&nbsp; Porque fueron los que nos abrieron no solo los ojos sino la mente y el esp\u00edritu, porque hay que reconocer que algunos de ellos nos pusieron en el camino adecuado. Y todos tenemos en nuestra memoria a profesores que nos marcaron rumbo. Algunos&nbsp; a punta de castigos porque reconocemos que \u00e9ramos piel de Judas, pero con todo eso nos enderezaron, o cuando menos lo intentaron. Gracias de coraz\u00f3n a todos ellos, que los tenemos en la mente y en el coraz\u00f3n.<\/p>\n\n\n\n<p><strong>POR SUS APODOS\u2026<\/strong> Qu\u00e9 curioso, c\u00f3mo fuimos identificando a los maestros conforme crec\u00edamos. En primaria, a la gran mayor\u00eda los conoc\u00edamos por el nombre o apellido. As\u00ed, recuerdo con cari\u00f1o entre otros en la primaria \u201cGustavo Uruchurtu\u201d&nbsp; de Villa de Seris, a mis maestras Conchita, Irma, Panchita y al profe Rasc\u00f3n, H\u00e9ctor Mario, la tremenda \u201cprofa Bartolini\u201d.&nbsp; Luego, pasamos a la secundaria y ah\u00ed no me digan que no empezaron los apodos. Junto con los nombres los apodos. El profe Chejuan, Corona, Graciano Castillo, Faustino y Bustillos. Tambi\u00e9n el profesor Madrid, a quien le debemos el gusto de lectura. El profe de la Rosa en m\u00fasica.<\/p>\n\n\n\n<p><strong>LLEG\u00d3 LA PREPA\u2026<\/strong> Pero donde nos dimos vuelo con los apodos fue sin duda en la Prepa de la Unison. No me acuerdo m\u00e1s que de c\u00f3mo les dec\u00edan y no como se llamaban. Ah\u00ed estaba \u201cEl Glostora\u201d en F\u00edsica; el tremendo \u201cDr\u00e1cula\u201d, que le dec\u00edan as\u00ed porque era delgado y con tremendas ojeras. Y en el primer d\u00eda de clases sol\u00eda advertir: \u201cA m\u00ed me dicen \u2018El Dr\u00e1cula\u2019 y al que no estudie me lo voy a draculear\u201d. \u201cEl Venadito\u201d, \u201cEl Tigre\u201d, \u201cEl Flamas\u201d, \u201cLa Capulina\u201d, \u201cLa Macabra\u201d, \u201cEl G\u00fcevonazo\u201d y \u201cEl Super G\u00fcevonazo\u201d. Ya se imaginar\u00e1n por qu\u00e9. \u201cEl Largo\u201d y \u201cEl&nbsp; Yaqui\u201d; \u201cEl Chipotes\u201d en educaci\u00f3n f\u00edsica. Todos ellos con una cultura vasta y una enorme capacidad como maestros. De ah\u00ed que se les recuerde no solo con cari\u00f1o sino con harto respeto y agradecimiento. Porque nos tuvieron que aguantar muchas, pero muchas.&nbsp; Incluso, no salimos, como cuando el Lic. Oceguera nos corri\u00f3 en ausencia.&nbsp; Dijo: \u201cOlea para afuera\u201d. Alguien le dijo: \u201cel Olea no vino; pues si estuviera aqu\u00ed lo hubiera sacado\u201d. Total, en ausencia.<\/p>\n\n\n\n<p><strong>MUCHO RESPETO\u2026 <\/strong>Pero entiendo que los tiempos han cambiado. Antes nos hac\u00edamos la pinta y un poco de desmadre en el sal\u00f3n, pero siempre con respeto al maestro en el aula. Hoy, con los cambios tecnol\u00f3gicos, sigue habiendo maestros; pero ya no hay estudiantes que pongan atenci\u00f3n. Ahora, los chavos viven en sus redes sociales y todo se los resuelve Siri o Alexa.&nbsp; Ya dejaron de pensar y razonar, que es lo peor que les puede pasar.&nbsp; No ponen atenci\u00f3n y por lo mismo no&nbsp; son capaces de resolver el m\u00ednimo problema. De ah\u00ed que se est\u00e9n produciendo generaciones no de ignorantes sino de in\u00fatiles. Por eso, con una d\u00e1diva los tienen comiendo de la mano de quien se los da.&nbsp; Y eso, lamentablemente ya no lo pueden enderezar los maestros.<\/p>\n\n\n\n<p><strong>QU\u00c9 ENVIDIA\u2026<\/strong> Qu\u00e9 envidia, pero no de ellos, sino de ellos a nuestras generaciones que si tuvimos la enorme fortuna de tener buenos maestros. M\u00e1s que profesores, verdaderos mentores. En primaria nos castigaban, pero nos cuidaban y estaban pendientes hasta de nuestras enfermedades. En prepa se portaban unos como padres, padrinos o hasta amigos mayores. Ahora las generaciones est\u00e1n distanciadas.&nbsp; Hay maestros de universidades que nos dicen que est\u00e1n desesperados por jubilarse porque ya est\u00e1n hartos de llegar al sal\u00f3n de clases y verlo vac\u00edos, pero no de gente, sino de cerebros.&nbsp; Viven en otros mundos donde creen que todo lo resolver\u00e1 un click en su celular o computadora.&nbsp; Por eso que vivimos, gracias a todos los maestros y maestras con cari\u00f1o y grato recuerdo.&nbsp; Recuerden que siempre los tendremos en nuestras memorias y nuestros corazones.<\/p>\n\n\n\n<p><strong>En fin, como dijo el Profe Policarpo:&nbsp; El que anda con burros, terminar\u00e1 de diputado. Sale.<\/strong><\/p>\n\n\n\n<p><strong>&nbsp;S\u00edganos en la cuenta de X o Twitter @hilarioolea.<\/strong><\/p>\n\n\n\n<p><strong>Pueden vernos de lunes a viernes de 8 a 9 de la noche en nuestro canal de YouTube \u201cEntre Todos Digital\u201d.<\/strong><\/p>\n\n\n\n<p><strong>Sigan nuestras redes sociales<\/strong><\/p>\n","protected":false},"excerpt":{"rendered":"<p>Columna Corren Rumores Hilario Olea D\u00eda del Maestro Jueves 15 de mayo de 2025 LO QUE TANTO LE DEBEMOS\u2026 Hoy celebramos el D\u00eda del Maestro, que es un festejo que viene desde 1927 decretado por el presidente Venustiano Carranza y aprovechando que el 15 de mayo se deb\u00eda al D\u00eda del&nbsp; gran educador San Juan [&hellip;]<\/p>\n","protected":false},"author":1,"featured_media":28296,"comment_status":"open","ping_status":"open","sticky":false,"template":"","format":"standard","meta":{"content-type":"","footnotes":""},"categories":[121],"tags":[],"class_list":{"0":"post-28295","1":"post","2":"type-post","3":"status-publish","4":"format-standard","5":"has-post-thumbnail","7":"category-hilarioolea"},"_links":{"self":[{"href":"https:\/\/www.regioncuatronoticias.com\/index.php\/wp-json\/wp\/v2\/posts\/28295","targetHints":{"allow":["GET"]}}],"collection":[{"href":"https:\/\/www.regioncuatronoticias.com\/index.php\/wp-json\/wp\/v2\/posts"}],"about":[{"href":"https:\/\/www.regioncuatronoticias.com\/index.php\/wp-json\/wp\/v2\/types\/post"}],"author":[{"embeddable":true,"href":"https:\/\/www.regioncuatronoticias.com\/index.php\/wp-json\/wp\/v2\/users\/1"}],"replies":[{"embeddable":true,"href":"https:\/\/www.regioncuatronoticias.com\/index.php\/wp-json\/wp\/v2\/comments?post=28295"}],"version-history":[{"count":1,"href":"https:\/\/www.regioncuatronoticias.com\/index.php\/wp-json\/wp\/v2\/posts\/28295\/revisions"}],"predecessor-version":[{"id":28297,"href":"https:\/\/www.regioncuatronoticias.com\/index.php\/wp-json\/wp\/v2\/posts\/28295\/revisions\/28297"}],"wp:featuredmedia":[{"embeddable":true,"href":"https:\/\/www.regioncuatronoticias.com\/index.php\/wp-json\/wp\/v2\/media\/28296"}],"wp:attachment":[{"href":"https:\/\/www.regioncuatronoticias.com\/index.php\/wp-json\/wp\/v2\/media?parent=28295"}],"wp:term":[{"taxonomy":"category","embeddable":true,"href":"https:\/\/www.regioncuatronoticias.com\/index.php\/wp-json\/wp\/v2\/categories?post=28295"},{"taxonomy":"post_tag","embeddable":true,"href":"https:\/\/www.regioncuatronoticias.com\/index.php\/wp-json\/wp\/v2\/tags?post=28295"}],"curies":[{"name":"wp","href":"https:\/\/api.w.org\/{rel}","templated":true}]}}