{"id":2827,"date":"2023-11-19T22:23:05","date_gmt":"2023-11-20T05:23:05","guid":{"rendered":"https:\/\/www.regioncuatronoticias.com\/?p=2827"},"modified":"2023-11-19T22:23:07","modified_gmt":"2023-11-20T05:23:07","slug":"muere-hombre-que-se-lanzo-con-su-hijo-en-estacion-de-metro-en-monterrey","status":"publish","type":"post","link":"https:\/\/www.regioncuatronoticias.com\/index.php\/2023\/11\/19\/muere-hombre-que-se-lanzo-con-su-hijo-en-estacion-de-metro-en-monterrey\/","title":{"rendered":"Muere hombre que se lanz\u00f3 con su hijo en estaci\u00f3n de metro en Monterrey"},"content":{"rendered":"\n<p>Tomado de La Jornada\u00a0\u00a0\u00a0<\/p>\n\n\n\n<p>Ra\u00fal Robledo, corresponsal<\/p>\n\n\n\n<p>18 de noviembre de 2023 22:40<\/p>\n\n\n\n<p>Monterrey, NL. Un hombre muri\u00f3 luego de lanzarse con su hijo de 6 a\u00f1os de edad, de una altura de 20 metros, en la estaci\u00f3n de la l\u00ednea 3 del Metro F\u00e9lix U. G\u00f3mez, ubicado en el cruce de las avenidas F\u00e9lix U. G\u00f3mez y Col\u00f3n, en el centro de Monterrey.<\/p>\n\n\n\n<p>De acuerdo con Metrorrey, el jefe de familia repentinamente tom\u00f3 a su hijo y brinc\u00f3 el barandal del pasillo.<\/p>\n\n\n\n<p>Alrededor de las 18:40 horas, se recibi\u00f3 el reporte y de acuerdo a las primeras indagatorias, ambos resultaron con lesiones de gravedad.<\/p>\n\n\n\n<p>M\u00e1s tarde, autoridades informaron que el padre de familia falleci\u00f3 a consecuencia de las heridas sufridas por la ca\u00edda, fue identificado como Mauricio de 31 a\u00f1os.<\/p>\n\n\n\n<p>Param\u00e9dicos de Cruz Roja, rescatistas de Protecci\u00f3n Civil de Monterrey y del Estado atendieron al hombre a quien trasladaron al Hospital Universitario, donde falleci\u00f3.<\/p>\n\n\n\n<p>Tambi\u00e9n auxiliaron al menor, quien fue internado en el Hospital de Zona 21 del Instituto Mexicano del Seguro Social.<\/p>\n\n\n\n<p>Uniformados de Polic\u00eda y Tr\u00e1nsito de Monterrey cerraron la circulaci\u00f3n en direcci\u00f3n al sur, mientras detectives de la Agencia Estatal de Investigaciones recababan indicios.<\/p>\n","protected":false},"excerpt":{"rendered":"<p>Tomado de La Jornada\u00a0\u00a0\u00a0 Ra\u00fal Robledo, corresponsal 18 de noviembre de 2023 22:40 Monterrey, NL. Un hombre muri\u00f3 luego de lanzarse con su hijo de 6 a\u00f1os de edad, de una altura de 20 metros, en la estaci\u00f3n de la l\u00ednea 3 del Metro F\u00e9lix U. G\u00f3mez, ubicado en el cruce de las avenidas F\u00e9lix [&hellip;]<\/p>\n","protected":false},"author":1,"featured_media":2828,"comment_status":"open","ping_status":"open","sticky":false,"template":"","format":"standard","meta":{"content-type":"","footnotes":""},"categories":[117,3],"tags":[],"class_list":{"0":"post-2827","1":"post","2":"type-post","3":"status-publish","4":"format-standard","5":"has-post-thumbnail","7":"category-general","8":"category-mexico"},"_links":{"self":[{"href":"https:\/\/www.regioncuatronoticias.com\/index.php\/wp-json\/wp\/v2\/posts\/2827","targetHints":{"allow":["GET"]}}],"collection":[{"href":"https:\/\/www.regioncuatronoticias.com\/index.php\/wp-json\/wp\/v2\/posts"}],"about":[{"href":"https:\/\/www.regioncuatronoticias.com\/index.php\/wp-json\/wp\/v2\/types\/post"}],"author":[{"embeddable":true,"href":"https:\/\/www.regioncuatronoticias.com\/index.php\/wp-json\/wp\/v2\/users\/1"}],"replies":[{"embeddable":true,"href":"https:\/\/www.regioncuatronoticias.com\/index.php\/wp-json\/wp\/v2\/comments?post=2827"}],"version-history":[{"count":1,"href":"https:\/\/www.regioncuatronoticias.com\/index.php\/wp-json\/wp\/v2\/posts\/2827\/revisions"}],"predecessor-version":[{"id":2829,"href":"https:\/\/www.regioncuatronoticias.com\/index.php\/wp-json\/wp\/v2\/posts\/2827\/revisions\/2829"}],"wp:featuredmedia":[{"embeddable":true,"href":"https:\/\/www.regioncuatronoticias.com\/index.php\/wp-json\/wp\/v2\/media\/2828"}],"wp:attachment":[{"href":"https:\/\/www.regioncuatronoticias.com\/index.php\/wp-json\/wp\/v2\/media?parent=2827"}],"wp:term":[{"taxonomy":"category","embeddable":true,"href":"https:\/\/www.regioncuatronoticias.com\/index.php\/wp-json\/wp\/v2\/categories?post=2827"},{"taxonomy":"post_tag","embeddable":true,"href":"https:\/\/www.regioncuatronoticias.com\/index.php\/wp-json\/wp\/v2\/tags?post=2827"}],"curies":[{"name":"wp","href":"https:\/\/api.w.org\/{rel}","templated":true}]}}