{"id":28225,"date":"2025-05-13T21:27:00","date_gmt":"2025-05-14T04:27:00","guid":{"rendered":"https:\/\/www.regioncuatronoticias.com\/?p=28225"},"modified":"2025-05-13T21:27:04","modified_gmt":"2025-05-14T04:27:04","slug":"los-fotografos-clase-aparte","status":"publish","type":"post","link":"https:\/\/www.regioncuatronoticias.com\/index.php\/2025\/05\/13\/los-fotografos-clase-aparte\/","title":{"rendered":"Los fot\u00f3grafos, clase aparte"},"content":{"rendered":"\n<p><strong>Columna Corren Rumores<\/strong><\/p>\n\n\n\n<p><strong>Hilario Olea<\/strong><\/p>\n\n\n\n<p><strong>Los fot\u00f3grafos, clase aparte<\/strong><\/p>\n\n\n\n<p><strong>Mi\u00e9rcoles 14 de mayo de 2025<\/strong><\/p>\n\n\n\n<p><strong>EL MEMO Y LOS 70 A\u00d1OS\u2026<\/strong> Aprovechando el escenario de las Fiestas del Pitic se montar\u00e1 la Ruta del Arte con exposiciones de diferentes tipos en 16 puntos de la ciudad. En este escenario se rendir\u00e1 un muy reconocido homenaje al legendario fot\u00f3grafo Guillermo Moreno, con el tema \u201c70 a\u00f1os en esto de la fotograf\u00eda\u201d.&nbsp; Un homenaje muy reconocido porque si alguien est\u00e1 relacionado con la c\u00e1mara es&nbsp; el Memo, quien no solo es una leyenda del lente sino que deja un enorme legado con im\u00e1genes que han dado vuelta al mundo, como la del danzante yaqui tomada en la orilla del mar y teniendo como fondo el sol. Si no me equivoco esta foto estuvo en los cachitos de la Loter\u00eda y lleg\u00f3 hasta el propio Vaticano.&nbsp; Hay que darse la vuelta para reconocer a este maestro de la c\u00e1mara.<\/p>\n\n\n\n<p><strong>LA VIEJA GUARDIA\u2026<\/strong> Este homenaje me oblig\u00f3 a hacer recuerdo de todos los amigos y compa\u00f1eros de la c\u00e1mara con los que trabajamos juntos desde hace 50 a\u00f1os. Fot\u00f3grafos que fueron verdaderas leyendas en todo sentido.&nbsp; Recordamos por ejemplo a Gonzalo Blancarte, quien era un fot\u00f3grafo y periodista al mismo tiempo. Nos platicaba que en la campa\u00f1a de Bienbrich ten\u00edan que revelar las fotos improvisando un cuarto oscuro con una mesa la que cubr\u00edan con una cobija y ah\u00ed sin luz a puro colmillo revelaban los rollos. Adem\u00e1s, como columnista ten\u00eda un humor y veneno \u00fanico. Como cuando escribi\u00f3 que Enguerrando Tapia era chivo. \u00a1Qu\u00e9!, se preguntaron todos.&nbsp; Luego con el toque de humor dijo que era chivo porque hab\u00eda nacido en a Chivatera en Cananea. Lo vi cubrir un mot\u00edn en el Cereso como si fuera aprendiz, pues le entr\u00f3 a todo.<\/p>\n\n\n\n<p><strong>LA TROPA CON LENTE\u2026<\/strong> Caray, pidiendo perd\u00f3n por los que se me vayan quedar fuera, recordamos a familias de fot\u00f3grafos.&nbsp; Ah\u00ed est\u00e1n los D\u00e1vila,&nbsp; con Ernesto el Negro, que a la fecha sigue igualito.&nbsp; El tremendo Sergio que imitaba a Echeverr\u00eda igualito.&nbsp; Por cierto, en ese tiempo no se usaba lentes de telefoto y cuando cubr\u00eda el b\u00e9isbol se pon\u00eda a un lado de la tercera y les soltaba el flashazo a los corredores. Uno de ellos qued\u00f3 cegado y agarr\u00f3 para el dugout en lugar de home.&nbsp; Otra buena del Chiquil\u00edn fue cuando cubri\u00f3 un enfrentamiento a tiros con guerrilleros de la 23 de Septiembre. Se levantaba y tomaba la foto. Pero fue hasta que revel\u00f3 las im\u00e1genes que se dio cuenta que el guerrillero le estaba disparando a \u00e9l. Casi se orinaba. Otra familia de fot\u00f3grafos fueron los F\u00e9lix con el Chico y el G\u00fcerito.&nbsp; Tambi\u00e9n con ellos varias an\u00e9cdotas que les quedo pendientes.<\/p>\n\n\n\n<p><strong>OTROS ATRABANCADOS\u2026<\/strong> Dos fot\u00f3grafos que eran atrevidos y atrabancados fueron Rolando Paredes, con quien hac\u00edamos equipo para cubrir los eventos donde hab\u00eda violencia.&nbsp; Ya nos ten\u00edan tomada la medida porque sab\u00edan que ir\u00edamos a todo. Rolando en ocasiones se fajaba una pistola por lo que pudiera ofrecerse. El otro sin lugar a dudas uno de los grandes de la lente fue el tremendo Crisp\u00edn Ballesteros.&nbsp; No hab\u00eda nada que lo detuviera.&nbsp; Adem\u00e1s&nbsp; ten\u00eda olfato para las mejores fotos, como la mejor imagen del Mundial de Futbol con el gol de Negrete. Luego tuvo la suerte de tomar fotos de la gira del Papa cuando cambiaron ruta y de casualidad ah\u00ed estaba el Crisp\u00edn..&nbsp; Era no solo audaz sino temerario, por eso fue uno de los mejores fot\u00f3grafos, que deber\u00edan recuperar su trabajo porque&nbsp; hay fotos incre\u00edbles.<\/p>\n\n\n\n<p><strong>LA PAREJA PERFECTA\u2026 <\/strong>Hay&nbsp; que reconocer que ahora cualquiera es fot\u00f3grafo con un celular, pero en ese tiempo que les hablo ten\u00edamos que ser acompa\u00f1ados con alguien que supiera tomar fotos, no solo en blanco y negro sino en color que era lo m\u00e1s dif\u00edcil. Tenemos un bonche de an\u00e9cdotas, como la que nos pas\u00f3 con el Lupillo Langur\u00e9, cuando cubrimos una gira de L\u00f3pez Portillo que iba a inaugurar un fraccionamiento del Fovissste. Cuando ven\u00eda la comitiva intent\u00e9 subir al Lupillo al techo de una casa sin mirar hacia arriba. De repente comenz\u00f3 a gritar \u00a1B\u00e1jame, b\u00e1jame!. Al voltear vi que un militar le ten\u00eda puesto el rifle en la frente.&nbsp; Por poco y se orina. Claro, lo baje y a correr se ha dicho.&nbsp; En fin, me quedan muchos amigos por fuera y todos ellos de lo mejor, que deben estar en el Sal\u00f3n de la Fama de la Fotograf\u00eda. Esperemos que alguien tenga la iniciativa para crearlo.&nbsp; A todos nuestros amigos de las c\u00e1maras, tremendo recuerdo porque me faltaron un mont\u00f3n.&nbsp; Y felicidades a Memo Moreno por su reconocimiento.<\/p>\n\n\n\n<p><strong>En fin, como dijo el Chapito Rodr\u00edguez, el que tir\u00f3 la primera piedra es que ten\u00eda menos pecados.<\/strong><\/p>\n\n\n\n<p><strong>&nbsp;S\u00edganos en la cuenta de X o Twitter @hilarioolea.<\/strong><\/p>\n\n\n\n<p><strong>Pueden vernos de lunes a viernes de 8 a 9 de la noche en nuestro canal de YouTube \u201cEntre Todos Digital\u201d.<\/strong><\/p>\n\n\n\n<p><strong>Sigan nuestras redes sociales<\/strong><\/p>\n","protected":false},"excerpt":{"rendered":"<p>Columna Corren Rumores Hilario Olea Los fot\u00f3grafos, clase aparte Mi\u00e9rcoles 14 de mayo de 2025 EL MEMO Y LOS 70 A\u00d1OS\u2026 Aprovechando el escenario de las Fiestas del Pitic se montar\u00e1 la Ruta del Arte con exposiciones de diferentes tipos en 16 puntos de la ciudad. En este escenario se rendir\u00e1 un muy reconocido homenaje [&hellip;]<\/p>\n","protected":false},"author":1,"featured_media":28226,"comment_status":"open","ping_status":"open","sticky":false,"template":"","format":"standard","meta":{"content-type":"","footnotes":""},"categories":[121],"tags":[],"class_list":{"0":"post-28225","1":"post","2":"type-post","3":"status-publish","4":"format-standard","5":"has-post-thumbnail","7":"category-hilarioolea"},"_links":{"self":[{"href":"https:\/\/www.regioncuatronoticias.com\/index.php\/wp-json\/wp\/v2\/posts\/28225","targetHints":{"allow":["GET"]}}],"collection":[{"href":"https:\/\/www.regioncuatronoticias.com\/index.php\/wp-json\/wp\/v2\/posts"}],"about":[{"href":"https:\/\/www.regioncuatronoticias.com\/index.php\/wp-json\/wp\/v2\/types\/post"}],"author":[{"embeddable":true,"href":"https:\/\/www.regioncuatronoticias.com\/index.php\/wp-json\/wp\/v2\/users\/1"}],"replies":[{"embeddable":true,"href":"https:\/\/www.regioncuatronoticias.com\/index.php\/wp-json\/wp\/v2\/comments?post=28225"}],"version-history":[{"count":1,"href":"https:\/\/www.regioncuatronoticias.com\/index.php\/wp-json\/wp\/v2\/posts\/28225\/revisions"}],"predecessor-version":[{"id":28227,"href":"https:\/\/www.regioncuatronoticias.com\/index.php\/wp-json\/wp\/v2\/posts\/28225\/revisions\/28227"}],"wp:featuredmedia":[{"embeddable":true,"href":"https:\/\/www.regioncuatronoticias.com\/index.php\/wp-json\/wp\/v2\/media\/28226"}],"wp:attachment":[{"href":"https:\/\/www.regioncuatronoticias.com\/index.php\/wp-json\/wp\/v2\/media?parent=28225"}],"wp:term":[{"taxonomy":"category","embeddable":true,"href":"https:\/\/www.regioncuatronoticias.com\/index.php\/wp-json\/wp\/v2\/categories?post=28225"},{"taxonomy":"post_tag","embeddable":true,"href":"https:\/\/www.regioncuatronoticias.com\/index.php\/wp-json\/wp\/v2\/tags?post=28225"}],"curies":[{"name":"wp","href":"https:\/\/api.w.org\/{rel}","templated":true}]}}