{"id":28209,"date":"2025-05-13T07:15:16","date_gmt":"2025-05-13T14:15:16","guid":{"rendered":"https:\/\/www.regioncuatronoticias.com\/?p=28209"},"modified":"2025-05-13T07:15:18","modified_gmt":"2025-05-13T14:15:18","slug":"arranca-iee-campana-mi-voto-cuenta-y-descuenta","status":"publish","type":"post","link":"https:\/\/www.regioncuatronoticias.com\/index.php\/2025\/05\/13\/arranca-iee-campana-mi-voto-cuenta-y-descuenta\/","title":{"rendered":"Arranca IEE campa\u00f1a \u201cMi voto cuenta y descuenta\u201d"},"content":{"rendered":"\n<p><strong>-El organismo busca incentivar la participaci\u00f3n ciudadana en la elecci\u00f3n judicial<\/strong><\/p>\n\n\n\n<p>Hermosillo, Sonora; mayo 12 de 2025.- Con el prop\u00f3sito de incentivar la participaci\u00f3n ciudadana en la jornada electoral extraordinaria del pr\u00f3ximo 1 de junio, el Instituto Estatal Electoral y de Participaci\u00f3n Ciudadana de Sonora (IEE Sonora) dio inicio a la campa\u00f1a \u201cMi voto cuenta y descuenta\u201d, una estrategia de colaboraci\u00f3n con el sector empresarial para reconocer, mediante incentivos simb\u00f3licos, a quienes ejerzan su derecho al voto.<\/p>\n\n\n\n<p>Sonora es una de las entidades con menor participaci\u00f3n hist\u00f3rica en los comicios, y esta campa\u00f1a busca revertir esa tendencia al fomentar una cultura de responsabilidad c\u00edvica, especialmente entre las juventudes, precis\u00f3 el consejero presidente, Nery Ruiz Arvizu.<\/p>\n\n\n\n<p>\u201cSabemos que la participaci\u00f3n ciudadana ha mostrado una participaci\u00f3n a la baja en los procesos pasados, esto es un desaf\u00edo que asumimos con seriedad. Esta campa\u00f1a tambi\u00e9n tiene un enfoque formativo y social, ya que queremos impulsar una cultura de la participaci\u00f3n ciudadana donde ejercer el derecho al voto se viva con orgullo y sentido de pertenencia, una elecci\u00f3n debe ser vista con un sentido c\u00edvico de pertenencia\u201d, manifest\u00f3 durante su intervenci\u00f3n.<\/p>\n\n\n\n<p>La campa\u00f1a consiste en que las personas que acudan a votar puedan acceder a promociones o descuentos especiales mostrando su dedo marcado con tinta indeleble o su credencial para votar con el sello correspondiente del d\u00eda de la elecci\u00f3n. La iniciativa parte de una alianza con c\u00e1maras empresariales y comercios locales de diversos giros, con el objetivo de generar un sentido de pertenencia y orgullo por ejercer el derecho al voto.<\/p>\n\n\n\n<p>Por su parte, el consejero electoral Benjam\u00edn Hern\u00e1ndez Avalos, presidente de la Comisi\u00f3n Temporal de Participaci\u00f3n Ciudadana, destac\u00f3 que a partir de este lunes 12 de mayo y hasta el d\u00eda 26, se&nbsp; inicia la primera fase de la campa\u00f1a en la que se convoca a las empresas interesas a ser parte de esta iniciativa a trav\u00e9s del sitio web: https:\/\/ieesonora.org.mx\/votodescuenta_registro<\/p>\n\n\n\n<p>Dijo que ser\u00e1 a partir del 19 de mayo cuando comenzar\u00e1 la difusi\u00f3n de los negocios participantes, quienes recibir\u00e1n un cartel distintivo con la leyenda: \u201cMi voto cuenta y descuenta. Pregunta por nuestra promoci\u00f3n\u201d.<\/p>\n\n\n\n<p>Hasta el momento, ya se han inscrito 30 negocios en municipios como Hermosillo, Guaymas y Nogales, y se continuar\u00e1 extendiendo la invitaci\u00f3n en todo el estado. Adem\u00e1s, se buscar\u00e1 que los beneficios no se limiten al d\u00eda de la elecci\u00f3n, sino que puedan extenderse del 1 al 8 de junio.<\/p>\n\n\n\n<p>Record\u00f3 que en el proceso electoral de 2024 se inscribieron 232 negocios y establecimientos de diversos puntos de la entidad que ofrecieron descuentos o beneficios a quienes demostraran haber votado; en esta edici\u00f3n, se espera una participaci\u00f3n igual, mayor o similar.<\/p>\n\n\n\n<p>Finalmente, se reiter\u00f3 que esta campa\u00f1a se realiza bajo principios de imparcialidad y neutralidad, sin promover candidaturas, partidos ni \u00e1mbitos espec\u00edficos, enfoc\u00e1ndose \u00fanicamente en fortalecer la participaci\u00f3n ciudadana en un proceso electoral in\u00e9dito para Sonora.<\/p>\n\n\n\n<p>Presentes en la Rueda de prensa el consejero presidente Nery Ruiz Arvizu; las consejeras Flor Terecita Barcel\u00f3 Noriega&nbsp; y Linda Viridiana Calder\u00f3n Monta\u00f1o, as\u00ed como los consejeros Wilfredo Rom\u00e1n Morales Silva y Jaime Olea Miranda.<\/p>\n\n\n\n<p>La ciudadan\u00eda puede consultar la lista de comercios participantes y toda la informaci\u00f3n relacionada en:&nbsp; https:\/\/ieesonora.org.mx\/votodescuenta<\/p>\n","protected":false},"excerpt":{"rendered":"<p>-El organismo busca incentivar la participaci\u00f3n ciudadana en la elecci\u00f3n judicial Hermosillo, Sonora; mayo 12 de 2025.- Con el prop\u00f3sito de incentivar la participaci\u00f3n ciudadana en la jornada electoral extraordinaria del pr\u00f3ximo 1 de junio, el Instituto Estatal Electoral y de Participaci\u00f3n Ciudadana de Sonora (IEE Sonora) dio inicio a la campa\u00f1a \u201cMi voto cuenta [&hellip;]<\/p>\n","protected":false},"author":1,"featured_media":28210,"comment_status":"open","ping_status":"open","sticky":false,"template":"","format":"standard","meta":{"content-type":"","footnotes":""},"categories":[115,9],"tags":[],"class_list":{"0":"post-28209","1":"post","2":"type-post","3":"status-publish","4":"format-standard","5":"has-post-thumbnail","7":"category-politica","8":"category-sonora"},"_links":{"self":[{"href":"https:\/\/www.regioncuatronoticias.com\/index.php\/wp-json\/wp\/v2\/posts\/28209","targetHints":{"allow":["GET"]}}],"collection":[{"href":"https:\/\/www.regioncuatronoticias.com\/index.php\/wp-json\/wp\/v2\/posts"}],"about":[{"href":"https:\/\/www.regioncuatronoticias.com\/index.php\/wp-json\/wp\/v2\/types\/post"}],"author":[{"embeddable":true,"href":"https:\/\/www.regioncuatronoticias.com\/index.php\/wp-json\/wp\/v2\/users\/1"}],"replies":[{"embeddable":true,"href":"https:\/\/www.regioncuatronoticias.com\/index.php\/wp-json\/wp\/v2\/comments?post=28209"}],"version-history":[{"count":1,"href":"https:\/\/www.regioncuatronoticias.com\/index.php\/wp-json\/wp\/v2\/posts\/28209\/revisions"}],"predecessor-version":[{"id":28211,"href":"https:\/\/www.regioncuatronoticias.com\/index.php\/wp-json\/wp\/v2\/posts\/28209\/revisions\/28211"}],"wp:featuredmedia":[{"embeddable":true,"href":"https:\/\/www.regioncuatronoticias.com\/index.php\/wp-json\/wp\/v2\/media\/28210"}],"wp:attachment":[{"href":"https:\/\/www.regioncuatronoticias.com\/index.php\/wp-json\/wp\/v2\/media?parent=28209"}],"wp:term":[{"taxonomy":"category","embeddable":true,"href":"https:\/\/www.regioncuatronoticias.com\/index.php\/wp-json\/wp\/v2\/categories?post=28209"},{"taxonomy":"post_tag","embeddable":true,"href":"https:\/\/www.regioncuatronoticias.com\/index.php\/wp-json\/wp\/v2\/tags?post=28209"}],"curies":[{"name":"wp","href":"https:\/\/api.w.org\/{rel}","templated":true}]}}