{"id":2808,"date":"2023-11-19T19:36:24","date_gmt":"2023-11-20T02:36:24","guid":{"rendered":"https:\/\/www.regioncuatronoticias.com\/?p=2808"},"modified":"2023-11-19T19:36:26","modified_gmt":"2023-11-20T02:36:26","slug":"el-sindicato-de-la-politica","status":"publish","type":"post","link":"https:\/\/www.regioncuatronoticias.com\/index.php\/2023\/11\/19\/el-sindicato-de-la-politica\/","title":{"rendered":"El sindicato de la pol\u00edtica"},"content":{"rendered":"\n<p>MENSAJES<\/p>\n\n\n\n<p>Gilberto Armenta Reyes<\/p>\n\n\n\n<p>El sindicato de la pol\u00edtica<\/p>\n\n\n\n<p>Noviembre 13 del 2023<\/p>\n\n\n\n<p>La CTM de Javier Villarreal sabore\u00f3 las mieles del poder en administraciones del PRI antes del 2009, a\u00f1o en el que gan\u00f3 la gubernatura el panista Guillermo Padr\u00e9s El\u00edas, para luego de eso, enquistarse con mayor fuerza en los entonces poderosos c\u00edrculos azules, donde las car\u00e1tulas contractuales de varios sindicatos, las plazas y los nombramientos en n\u00f3minas de los tres niveles de gobierno, le fueron girados a placer.<\/p>\n\n\n\n<p>As\u00ed vivi\u00f3 la CTM Sonora la elecci\u00f3n del 2012, entregada al panismo, y viendo con desd\u00e9n al partido tricolor con el que antes se acurrucaba.<\/p>\n\n\n\n<p>Cuando finaliza el tumultuoso sexenio del \u201cmemo\u201d, Javier Villarreal se hace a un lado, y empieza a hacerle caravanas con el sombrero al PRI de Claudia Pavlovich.<\/p>\n\n\n\n<p>No funcion\u00f3 del todo el intento, porque los priistas no olvidaron que Villarreal G\u00e1mez no movi\u00f3 un solo dedo para que su estructura sindicalista le abriera un frente al referido ex mandatario panista.<\/p>\n\n\n\n<p>C\u00f3mo hacerlo, si al l\u00edder cetemista le iba muy bien.<\/p>\n\n\n\n<p>Por eso, en la victoria de Claudia Pavlovich, su \u201cexigida cartera\u201d fue desde\u00f1ada, y su figura se complic\u00f3 m\u00e1s cuando, con la intenci\u00f3n de convertirse en diputado local plurinominal, abandon\u00f3 en la pelea legal post electoral de pasada elecci\u00f3n, a la reconocida cetemista y actual l\u00edder del sindicato en Agua de Hermosillo, Rosy Mart\u00ednez, dejando que la nueva figura del PAN en Sonora, Carolina Lara, le ganara la elecci\u00f3n al PRI.<\/p>\n\n\n\n<p>La bancada tricolor de esa legislatura nunca le perdon\u00f3 a Javier Villarreal ese movimiento que todos calificaron como traici\u00f3n.<\/p>\n\n\n\n<p>Por eso, el arriba mencionado no fue recibido en Palacio de Gobierno como siempre hab\u00eda estado acostumbrado, por eso perdi\u00f3 el derecho de picaporte, y por eso, en equivocada respuesta al gobierno de la ahora ex gobernadora Claudia Pavlovich, y en un frontal enfrentamiento contra el tambi\u00e9n ex secretario de gobierno, Miguel Ernesto Pompa Corella, el influyente l\u00edder sindical le organiz\u00f3, a manera de tambores batientes, una protesta de taxistas, que tomando las calles aleda\u00f1as de palacio de gobierno, se apostaron tambi\u00e9n frente a las puertas de este. Ese fue el inicio de un rosario de desavenencias laborales contra la administraci\u00f3n estatal pasada, que un d\u00eda protestaban y se manifestaban en el norte, y al d\u00eda siguiente en el sur.<\/p>\n\n\n\n<p>As\u00ed enfrent\u00f3 la CTM Sonora la campa\u00f1a del 2018, con un PRI no del todo convencido de recibirle, pero obligado por la circunstancia, y esto luego de que de forma infructuosa, Javier Villarreal busc\u00f3 acomodo en el partido Morena que ya en el 2018 Alfonso Durazo administraba como dirigente estatal, e insiste en el 2021 con los mismos resultados.<\/p>\n\n\n\n<p>Ante esta negativa morenista de abrirle las puertas, el dirigente cetemista forma una asociaci\u00f3n pol\u00edtica en ese mismo a\u00f1o arriba referido, debidamente registrada ante las autoridades electorales, que en la elecci\u00f3n de ese a\u00f1o decide poner al servicio del PRI, ante la insistente negativa de Morena de recibirle como tal.<\/p>\n\n\n\n<p>En fechas recientes, Javier Villarreal G\u00e1mez aprovecha un hueco en la reforma laboral, y se alza por seis a\u00f1os m\u00e1s como dirigente estatal de la CTM Sonora.<\/p>\n\n\n\n<p>Conociendo su estilo, volver\u00e1 ante el gobierno estatal con un nuevo derecho de picaporte, a reclamar agenda en plazas y puestos p\u00fablicos, a exigir candidaturas para los suyos rumbo al 2024, y a marcar territorio pol\u00edtico\/sindical\/ electoral, so pena de organizarse, junto a otros sindicatos y grupos gremiales, para patear la puerta de palacio de gobierno.<\/p>\n\n\n\n<p>No se caracteriza Javier Villarreal por caminar de forma austera, ni de bajo perfil, mucho menos discreta.<\/p>\n\n\n\n<p>Ya asegurado en el poder sindical de la CTM de este 2023 al 2029, no tarda en morder la mano extendida, que le ayud\u00f3 a enderezarse. Al tiempo.<\/p>\n","protected":false},"excerpt":{"rendered":"<p>MENSAJES Gilberto Armenta Reyes El sindicato de la pol\u00edtica Noviembre 13 del 2023 La CTM de Javier Villarreal sabore\u00f3 las mieles del poder en administraciones del PRI antes del 2009, a\u00f1o en el que gan\u00f3 la gubernatura el panista Guillermo Padr\u00e9s El\u00edas, para luego de eso, enquistarse con mayor fuerza en los entonces poderosos c\u00edrculos [&hellip;]<\/p>\n","protected":false},"author":1,"featured_media":2809,"comment_status":"open","ping_status":"open","sticky":false,"template":"","format":"standard","meta":{"content-type":"","footnotes":""},"categories":[110],"tags":[],"class_list":{"0":"post-2808","1":"post","2":"type-post","3":"status-publish","4":"format-standard","5":"has-post-thumbnail","7":"category-gilberto-armenta-reyes"},"_links":{"self":[{"href":"https:\/\/www.regioncuatronoticias.com\/index.php\/wp-json\/wp\/v2\/posts\/2808","targetHints":{"allow":["GET"]}}],"collection":[{"href":"https:\/\/www.regioncuatronoticias.com\/index.php\/wp-json\/wp\/v2\/posts"}],"about":[{"href":"https:\/\/www.regioncuatronoticias.com\/index.php\/wp-json\/wp\/v2\/types\/post"}],"author":[{"embeddable":true,"href":"https:\/\/www.regioncuatronoticias.com\/index.php\/wp-json\/wp\/v2\/users\/1"}],"replies":[{"embeddable":true,"href":"https:\/\/www.regioncuatronoticias.com\/index.php\/wp-json\/wp\/v2\/comments?post=2808"}],"version-history":[{"count":1,"href":"https:\/\/www.regioncuatronoticias.com\/index.php\/wp-json\/wp\/v2\/posts\/2808\/revisions"}],"predecessor-version":[{"id":2810,"href":"https:\/\/www.regioncuatronoticias.com\/index.php\/wp-json\/wp\/v2\/posts\/2808\/revisions\/2810"}],"wp:featuredmedia":[{"embeddable":true,"href":"https:\/\/www.regioncuatronoticias.com\/index.php\/wp-json\/wp\/v2\/media\/2809"}],"wp:attachment":[{"href":"https:\/\/www.regioncuatronoticias.com\/index.php\/wp-json\/wp\/v2\/media?parent=2808"}],"wp:term":[{"taxonomy":"category","embeddable":true,"href":"https:\/\/www.regioncuatronoticias.com\/index.php\/wp-json\/wp\/v2\/categories?post=2808"},{"taxonomy":"post_tag","embeddable":true,"href":"https:\/\/www.regioncuatronoticias.com\/index.php\/wp-json\/wp\/v2\/tags?post=2808"}],"curies":[{"name":"wp","href":"https:\/\/api.w.org\/{rel}","templated":true}]}}