{"id":2805,"date":"2023-11-19T19:33:48","date_gmt":"2023-11-20T02:33:48","guid":{"rendered":"https:\/\/www.regioncuatronoticias.com\/?p=2805"},"modified":"2023-11-19T19:33:49","modified_gmt":"2023-11-20T02:33:49","slug":"sonora-sin-carreteras-2024-2","status":"publish","type":"post","link":"https:\/\/www.regioncuatronoticias.com\/index.php\/2023\/11\/19\/sonora-sin-carreteras-2024-2\/","title":{"rendered":"Sonora sin carreteras 2024"},"content":{"rendered":"\n<p><\/p>\n\n\n\n<p>MENSAJES<\/p>\n\n\n\n<p>Gilberto Armenta Reyes<\/p>\n\n\n\n<p>\u201cSonora sin carreteras 2024\u201d<\/p>\n\n\n\n<p>Noviembre 4 del 2023<\/p>\n\n\n\n<p>Lo he dicho siempre, desde el 2018 hasta la fecha: el problema en los estados de M\u00e9xico es que @lopezobrador no muestra inter\u00e9s equitativo en el tema presupuestal, y los ha dejado abandonados, particularmente a los del norte.<\/p>\n\n\n\n<p>Se dijo que en aquellas entidades en las que Morena ganara las elecciones, la situaci\u00f3n ser\u00eda diferente, y que se convertir\u00edan en un cuerno de la abundancia, al tener un presidente emanado del mismo partido. Eso result\u00f3 una falacia.<\/p>\n\n\n\n<p>Para este 2024, m\u00e1s all\u00e1 de la deuda de 1.7 billones que est\u00e1 en ciernes, es m\u00e1s importante subrayar que, al menos en el tema carretero, 25 estados no tendr\u00e1n inversi\u00f3n federal en proyectos, y SONORA est\u00e1 dentro de esa lista, adem\u00e1s de Aguascalientes, Baja California; Baja California Sur, Campeche, Chiapas, Chihuahua, Coahuila, Colima, Estado de M\u00e9xico, Guanajuato, Jalisco, Michoac\u00e1n, Morelos, Nayarit, Nuevo Le\u00f3n, Puebla, Quer\u00e9taro, Sinaloa, Tabasco, Tamaulipas, Tlaxcala, Veracruz, Yucat\u00e1n y Zacatecas.<\/p>\n\n\n\n<p>En lo personal, me llama la atenci\u00f3n la exclusi\u00f3n de Sinaloa, que de punta a punta, tiene su carretera pr\u00e1cticamente destruida, adem\u00e1s de ser una de las m\u00e1s caras en peaje de todo M\u00e9xico. Seguir\u00e1 igual un a\u00f1o m\u00e1s.<\/p>\n\n\n\n<p>Pero en cuanto a Sonora, no vale decir que su carretera est\u00e1 en buen estado, y que esta no ocupa mayor inversi\u00f3n. El detalle es que los mega proyectos tur\u00edsticos e industriales que se busca aterrizar aqu\u00ed, reclaman carreteras \u00f3ptimas, aparte de la federal que ya existe, y que parte a este estado por la mitad.<\/p>\n\n\n\n<p>Hay visi\u00f3n amplia por parte del gobernador @AlfonsoDurazo en ese sentido, porque siendo creativo y visionario, pugna por incluir a la iniciativa privada en la construcci\u00f3n o rehabilitaci\u00f3n de carreteras, aunque se las tenga que concesionar despu\u00e9s. Pero de nueva cuenta, no hay un solo apoyo o consideraci\u00f3n por parte de la federaci\u00f3n.<\/p>\n\n\n\n<p>Y digo no la hay de nueva cuenta, porque este 2023 no fue la excepci\u00f3n, ya que Sonora solo fue considerado para la carretera Bavispe-Agua Prieta.<\/p>\n\n\n\n<p>\u00bfSer\u00e1 que si a Sonora ya le toc\u00f3, con esa carretera arriba mencionada, ya no le volver\u00e1 a tocar?<\/p>\n\n\n\n<p>Pero mire usted, los 15 diputados federales de nuestro querido Sonora, ocho de estos emanados de Sonora, agachar\u00e1n la cabeza en sus curules, como siempre lo han hecho, y no defender\u00e1n a nuestro estado, pero en la calle, saldr\u00e1n a mentir diciendo: \u201cEs un honor estar con Obrador\u201d.<\/p>\n","protected":false},"excerpt":{"rendered":"<p>MENSAJES Gilberto Armenta Reyes \u201cSonora sin carreteras 2024\u201d Noviembre 4 del 2023 Lo he dicho siempre, desde el 2018 hasta la fecha: el problema en los estados de M\u00e9xico es que @lopezobrador no muestra inter\u00e9s equitativo en el tema presupuestal, y los ha dejado abandonados, particularmente a los del norte. Se dijo que en aquellas [&hellip;]<\/p>\n","protected":false},"author":1,"featured_media":2806,"comment_status":"open","ping_status":"open","sticky":false,"template":"","format":"standard","meta":{"content-type":"","footnotes":""},"categories":[110],"tags":[],"class_list":{"0":"post-2805","1":"post","2":"type-post","3":"status-publish","4":"format-standard","5":"has-post-thumbnail","7":"category-gilberto-armenta-reyes"},"_links":{"self":[{"href":"https:\/\/www.regioncuatronoticias.com\/index.php\/wp-json\/wp\/v2\/posts\/2805","targetHints":{"allow":["GET"]}}],"collection":[{"href":"https:\/\/www.regioncuatronoticias.com\/index.php\/wp-json\/wp\/v2\/posts"}],"about":[{"href":"https:\/\/www.regioncuatronoticias.com\/index.php\/wp-json\/wp\/v2\/types\/post"}],"author":[{"embeddable":true,"href":"https:\/\/www.regioncuatronoticias.com\/index.php\/wp-json\/wp\/v2\/users\/1"}],"replies":[{"embeddable":true,"href":"https:\/\/www.regioncuatronoticias.com\/index.php\/wp-json\/wp\/v2\/comments?post=2805"}],"version-history":[{"count":1,"href":"https:\/\/www.regioncuatronoticias.com\/index.php\/wp-json\/wp\/v2\/posts\/2805\/revisions"}],"predecessor-version":[{"id":2807,"href":"https:\/\/www.regioncuatronoticias.com\/index.php\/wp-json\/wp\/v2\/posts\/2805\/revisions\/2807"}],"wp:featuredmedia":[{"embeddable":true,"href":"https:\/\/www.regioncuatronoticias.com\/index.php\/wp-json\/wp\/v2\/media\/2806"}],"wp:attachment":[{"href":"https:\/\/www.regioncuatronoticias.com\/index.php\/wp-json\/wp\/v2\/media?parent=2805"}],"wp:term":[{"taxonomy":"category","embeddable":true,"href":"https:\/\/www.regioncuatronoticias.com\/index.php\/wp-json\/wp\/v2\/categories?post=2805"},{"taxonomy":"post_tag","embeddable":true,"href":"https:\/\/www.regioncuatronoticias.com\/index.php\/wp-json\/wp\/v2\/tags?post=2805"}],"curies":[{"name":"wp","href":"https:\/\/api.w.org\/{rel}","templated":true}]}}