{"id":28043,"date":"2025-05-08T23:56:05","date_gmt":"2025-05-09T06:56:05","guid":{"rendered":"https:\/\/www.regioncuatronoticias.com\/?p=28043"},"modified":"2025-05-08T23:56:08","modified_gmt":"2025-05-09T06:56:08","slug":"llegaron-las-boletas","status":"publish","type":"post","link":"https:\/\/www.regioncuatronoticias.com\/index.php\/2025\/05\/08\/llegaron-las-boletas\/","title":{"rendered":"Llegaron las boletas\u00a0"},"content":{"rendered":"\n<p><strong>Columna Corren Rumores<\/strong><\/p>\n\n\n\n<p><strong>Hilario Olea<\/strong><\/p>\n\n\n\n<p><strong>&nbsp;Llegaron las boletas&nbsp;<\/strong><\/p>\n\n\n\n<p><strong>Vienes 9 de mayo de 2025<\/strong><\/p>\n\n\n\n<p><strong>MUCHOS MILLONES\u2026 <\/strong>A pesar de que todo indica que la votaci\u00f3n para elegir jueces, magistrados y ministros apenas llegar\u00e1 a un 10% del padr\u00f3n electoral, a Sonora llegaron m\u00e1s de 14 millones de boletas. As\u00ed como lo ve y no lo cree, \u00a1M\u00e1s de 14 millones de boletas!. Pero claro, habr\u00e1 muchas maneras de inflar la votaci\u00f3n para que no se vea tan escu\u00e1lida.&nbsp; Primero habr\u00e1 una gran ventaja de que no van a dar resultados el mismo d\u00eda de la elecci\u00f3n, sino que tendr\u00e1n hasta 12 d\u00edas para dar a conocer los n\u00fameros finales. O sea casi dos semanas para mover numeritos y embarazar las urnas que haya menester. Otra, no se eliminar\u00e1n ni anular\u00e1n las boletas que no se usen. O sea, que pueden usarse posteriormente y quien te peg\u00f3, total estar\u00e1n por ah\u00ed como la mu\u00f1eca fea en un rinc\u00f3n.&nbsp; Con otra, la mayor\u00eda de los \u201cobservadores\u201d est\u00e1n relacionados con Morena.<\/p>\n\n\n\n<p><strong>SIN ACARREO NO SALE\u2026 <\/strong>Hemos platicado con varios amigos, y otros que no son tan amigos pero igual gorrean la cheve,&nbsp; y a la pregunta de si piensan ir a votar hemos tenido todo tipo de respuestas. Desde la m\u00e1s com\u00fan: Para qu\u00e9, si es elecci\u00f3n arreglada.&nbsp; Otros dicen, est\u00e1 caf\u00e9 no se entiende como se va a votar. Otros consideran que les da flojera porque no saben donde quedar\u00e1n los centros de votaci\u00f3n.&nbsp; Unos que si ir\u00e1n me dijeron: A wewe, porque si no voy y no llevo a la familia me cortan la pensi\u00f3n y otros que les quitan hasta la chamba.&nbsp; Total, que hay un desgano total, y miren esto obliga a montar todo un operativo de acarreo, que dicho sea de paso no es algo prohibido. Total,&nbsp; no es acarreo sino facilitar el traslado.&nbsp; Todo este rollo para preguntar, y para que gastaron tantos millones en boletas que nadie usar\u00e1.&nbsp; Si esto est\u00e1 m\u00e1s enfadoso y arreglado que un pleito del Canelo Alvarez.<\/p>\n\n\n\n<p><strong>SIGUE EL HERMETISMO\u2026 <\/strong>Cuando menos al escribir este espacio segu\u00eda el hermetismo en torno de la fuga de El Ponchis del Cereso de Hermosillo. Solo se sabe que hay cuatro detenidos pero no se ha dicho si son directivos del penal, guardias o empleados.&nbsp; Tampoco se ha dicho como la hizo para salir, porque unos dicen que sali\u00f3 oculto en una ambulancia y otros que sali\u00f3 caminando por la puerta principal. Para suerte de las autoridades este asunto qued\u00f3 medio escondido porque para la gente la noticia fue la elecci\u00f3n del Papa. Pero esto pasara de moda y comenzar\u00e1n las preguntas.&nbsp; Ser\u00e1 bueno que preparen una versi\u00f3n cre\u00edble. Claro lo ideal es que agarren a El Ponchis, pero ahorita no lo sacan del desierto.&nbsp; Por otro lado, fue acertado de parte del gobernador Alfonso Durazo de pedirle la bola al secretario de Seguridad P\u00fablica, responsables de los ceresos en el estado. Pero la papa sigue caliente y m\u00e1s vale que se haga algo porque se van a quemar la mano.<\/p>\n\n\n\n<p><strong>QUI\u00c9N DECIDIR\u00c1\u2026 <\/strong>Liderazgos de Morena andan preocupados por la divisi\u00f3n que se percibe en este partido. Esto se nota por la actitud de la presidenta Claudia Sheinbaum a quien le han jugado contras en algunas de sus \u00f3rdenes. Por eso se est\u00e1n preguntando si la mandataria tendr\u00e1 el poder como para palomear las listas de candidatos a gobernadores para el 2027. Al interior de ese partido&nbsp; se menciona que hay una franca divisi\u00f3n entre Andy L\u00f3pez Beltr\u00e1n&nbsp; y la presidenta Sheinbaum, a quien dicen su trabajo es administrar el gobierno. El seguimiento para concretar el movimiento pol\u00edtico de L\u00f3pez Obrador le toca a la familia.&nbsp; De ser cierta esta versi\u00f3n, significa que las candidaturas importantes estar\u00e1n bajo el palomeo de Andy y sus incondicionales.&nbsp; Pero, insisto, estos son rumores, hay que ver m\u00e1s se\u00f1ales para confirmar las versiones.<\/p>\n\n\n\n<p><strong>YO VIVO EN MEXICO\u2026<\/strong> Luego del esc\u00e1ndalo y las burlas en redes por andar pidiendo la ciudadan\u00eda espa\u00f1ola, la ex no primera dama Beatriz Guti\u00e9rrez M\u00fcller, no sali\u00f3 a desmentir lo publicado en medios gachupines, solo se limit\u00f3 a decir \u201cYo vivo en nuestro bello M\u00e9xico\u201d. Pero no neg\u00f3 que est\u00e9 haciendo tr\u00e1mites en la embajada espa\u00f1ola para irse a vivir un buen rato a ese pa\u00eds, al que le exigi\u00f3 que pidiera perd\u00f3n por la conquista de M\u00e9xico. Es obvio que la filtraci\u00f3n de estos tr\u00e1mites fueron hechos por el gobierno espa\u00f1ol. El caso es que todo est\u00e1 en el aire, porque&nbsp; todav\u00eda no dice que no se ir\u00e1 para all\u00e1. Claro, si primer le conceden la visa de visitante non grata. Ah, tampoco dijo donde vive, si en la CDMX o en Palenque. \u00bfAh, verdad?<\/p>\n\n\n\n<p><strong>En fin, lo bueno que ma\u00f1ana, ma\u00f1ana es\u2026. \u00a1\u00a1\u00a1Viernes!!! y por eso no olviden lo que dec\u00eda el Chava Corral: Donde manda capit\u00e1n, seguro hay \u2018dedazo\u2019. Sale.<\/strong><\/p>\n\n\n\n<p><strong>S\u00edganos en la cuenta de X o Twitter @hilarioolea.<\/strong><\/p>\n\n\n\n<p><strong>Pueden vernos de lunes a viernes de 8 a 9 de la noche en nuestro canal de YouTube \u201cEntre Todos Digital\u201d.<\/strong><\/p>\n\n\n\n<p><strong>Sigan nuestras redes sociales<\/strong><\/p>\n\n\n\n<p><\/p>\n","protected":false},"excerpt":{"rendered":"<p>Columna Corren Rumores Hilario Olea &nbsp;Llegaron las boletas&nbsp; Vienes 9 de mayo de 2025 MUCHOS MILLONES\u2026 A pesar de que todo indica que la votaci\u00f3n para elegir jueces, magistrados y ministros apenas llegar\u00e1 a un 10% del padr\u00f3n electoral, a Sonora llegaron m\u00e1s de 14 millones de boletas. As\u00ed como lo ve y no lo [&hellip;]<\/p>\n","protected":false},"author":1,"featured_media":28044,"comment_status":"open","ping_status":"open","sticky":false,"template":"","format":"standard","meta":{"content-type":"","footnotes":""},"categories":[121],"tags":[],"class_list":{"0":"post-28043","1":"post","2":"type-post","3":"status-publish","4":"format-standard","5":"has-post-thumbnail","7":"category-hilarioolea"},"_links":{"self":[{"href":"https:\/\/www.regioncuatronoticias.com\/index.php\/wp-json\/wp\/v2\/posts\/28043","targetHints":{"allow":["GET"]}}],"collection":[{"href":"https:\/\/www.regioncuatronoticias.com\/index.php\/wp-json\/wp\/v2\/posts"}],"about":[{"href":"https:\/\/www.regioncuatronoticias.com\/index.php\/wp-json\/wp\/v2\/types\/post"}],"author":[{"embeddable":true,"href":"https:\/\/www.regioncuatronoticias.com\/index.php\/wp-json\/wp\/v2\/users\/1"}],"replies":[{"embeddable":true,"href":"https:\/\/www.regioncuatronoticias.com\/index.php\/wp-json\/wp\/v2\/comments?post=28043"}],"version-history":[{"count":1,"href":"https:\/\/www.regioncuatronoticias.com\/index.php\/wp-json\/wp\/v2\/posts\/28043\/revisions"}],"predecessor-version":[{"id":28045,"href":"https:\/\/www.regioncuatronoticias.com\/index.php\/wp-json\/wp\/v2\/posts\/28043\/revisions\/28045"}],"wp:featuredmedia":[{"embeddable":true,"href":"https:\/\/www.regioncuatronoticias.com\/index.php\/wp-json\/wp\/v2\/media\/28044"}],"wp:attachment":[{"href":"https:\/\/www.regioncuatronoticias.com\/index.php\/wp-json\/wp\/v2\/media?parent=28043"}],"wp:term":[{"taxonomy":"category","embeddable":true,"href":"https:\/\/www.regioncuatronoticias.com\/index.php\/wp-json\/wp\/v2\/categories?post=28043"},{"taxonomy":"post_tag","embeddable":true,"href":"https:\/\/www.regioncuatronoticias.com\/index.php\/wp-json\/wp\/v2\/tags?post=28043"}],"curies":[{"name":"wp","href":"https:\/\/api.w.org\/{rel}","templated":true}]}}