{"id":28040,"date":"2025-05-08T23:50:49","date_gmt":"2025-05-09T06:50:49","guid":{"rendered":"https:\/\/www.regioncuatronoticias.com\/?p=28040"},"modified":"2025-05-08T23:50:52","modified_gmt":"2025-05-09T06:50:52","slug":"ni-pobres-ni-ricos-ignorados-el-peso-de-ser-clase-media-en-mexico","status":"publish","type":"post","link":"https:\/\/www.regioncuatronoticias.com\/index.php\/2025\/05\/08\/ni-pobres-ni-ricos-ignorados-el-peso-de-ser-clase-media-en-mexico\/","title":{"rendered":"Ni pobres ni ricos\u2026 ignorados: el peso de ser clase media en M\u00e9xico"},"content":{"rendered":"\n<p><strong>Columna Olor A Dinero<\/strong><\/p>\n\n\n\n<p><strong>Feliciano J. Espriella<\/strong><\/p>\n\n\n\n<p><strong>Ni pobres ni ricos\u2026 ignorados: el peso de ser clase media en M\u00e9xico<\/strong><\/p>\n\n\n\n<p><strong>Viernes 9 de mayo de 2925<\/strong><\/p>\n\n\n\n<p>No son lo suficientemente pobres para recibir apoyos ni lo bastante ricos para &nbsp;influir en las decisiones. La clase media mexicana es el burro de carga del modelo econ\u00f3mico: paga, produce, consume\u2026 y nadie la pela. En esta entrega abordo el olvido estructural de quienes sostienen al pa\u00eds sin levantar la voz.<\/p>\n\n\n\n<p>Mientras los reflectores del debate econ\u00f3mico se centran en los programas sociales dirigidos a los m\u00e1s pobres o en los grandes proyectos destinados a atraer inversi\u00f3n extranjera, hay un sector que permanece sistem\u00e1ticamente fuera del radar: la clase media. Esa franja de la poblaci\u00f3n que paga impuestos, financia el gasto p\u00fablico, sostiene el consumo interno y, sin embargo, no recibe pr\u00e1cticamente ning\u00fan respaldo directo del Estado.<\/p>\n\n\n\n<p>La clase media mexicana, lejos de ser una \u00e9lite privilegiada, es hoy un segmento presionado por la inflaci\u00f3n, las tasas de inter\u00e9s, la precariedad laboral y la falta de pol\u00edticas p\u00fablicas dise\u00f1adas espec\u00edficamente para su bienestar. Si bien algunos programas sociales universales, como las becas educativas, alcanzan a sus hijos, en t\u00e9rminos generales este sector no es el foco de atenci\u00f3n gubernamental. No recibe apoyos fiscales relevantes, ni subsidios directos, ni incentivos para vivienda, salud o ahorro. Vive entre el m\u00e9rito y el abandono.<\/p>\n\n\n\n<p>No es un fen\u00f3meno nuevo, pero s\u00ed se ha agudizado en a\u00f1os recientes. La l\u00f3gica binaria de \u201cprimero los pobres\u201d ha dejado fuera del discurso de justicia social a millones de personas que no son ni pobres ni ricos, pero que s\u00ed son esenciales para el desarrollo econ\u00f3mico y la estabilidad democr\u00e1tica. En otras palabras: sin clase media, no hay pa\u00eds posible.<\/p>\n\n\n\n<p><strong>La paradoja del esfuerzo sin recompensa<\/strong><\/p>\n\n\n\n<p>La narrativa oficial suele exaltar el esfuerzo individual, pero en la pr\u00e1ctica castiga a quienes se esfuerzan. Un profesionista que trabaja en el sector formal, que no evade impuestos, que paga colegiaturas, seguros, cr\u00e9ditos, renta y consumo\u2026 no recibe m\u00e1s que el derecho a seguir pagando. No hay incentivos, no hay alivios, no hay est\u00edmulos. Todo lo contrario: la clase media vive con la constante amenaza de ser \u201creclasificada\u201d como rica cada vez que se le quiere exprimir un poco m\u00e1s.<\/p>\n\n\n\n<p>Las tasas de inter\u00e9s altas golpean sus cr\u00e9ditos hipotecarios y personales. La inflaci\u00f3n, aunque moderada, afecta su canasta b\u00e1sica sin que tenga acceso a subsidios. Y la salud p\u00fablica, a\u00fan en proceso de reestructuraci\u00f3n, le exige pagar consultas privadas o seguros cada vez m\u00e1s caros. En este contexto, la movilidad social se ha vuelto una ilusi\u00f3n: quien nace clase media, hoy corre m\u00e1s riesgo de descender que de mejorar.<\/p>\n\n\n\n<p><strong>El Estado ausente\u2026 o selectivo<\/strong><\/p>\n\n\n\n<p>M\u00e9xico no ha desarrollado una pol\u00edtica p\u00fablica integral para atender a la clase media. Hay programas para los pobres, est\u00edmulos para grandes empresas, rescates para bancos\u2026 pero \u00bfy la clase media? A lo mucho, se le ofrecen deducciones limitadas en el SAT o facilidades administrativas que no compensan la carga fiscal ni la incertidumbre econ\u00f3mica.<\/p>\n\n\n\n<p>No hay una pol\u00edtica de vivienda efectiva para quienes no califican en los esquemas tradicionales del Infonavit. No hay red de guarder\u00edas suficiente para madres trabajadoras formales. No hay un sistema de pensiones digno para quienes cotizaron toda su vida. Y el sistema educativo p\u00fablico, que fue un basti\u00f3n de movilidad social, enfrenta severas limitaciones que empujan a muchas familias al endeudamiento para ofrecer mejores oportunidades a sus hijos.<\/p>\n\n\n\n<p><strong>&nbsp;El riesgo de ignorar a quien sostiene el pa\u00eds<\/strong><\/p>\n\n\n\n<p>Si la clase media sigue siendo ignorada, puede romperse el delicado equilibrio entre legitimidad y estabilidad. La clase media no solo es un motor econ\u00f3mico: es tambi\u00e9n un amortiguador social. Cuando se siente protegida, genera cohesi\u00f3n. Pero cuando se siente traicionada, se vuelve terreno f\u00e9rtil para el resentimiento, la polarizaci\u00f3n o la apat\u00eda pol\u00edtica.<\/p>\n\n\n\n<p>En muchas democracias, el debilitamiento de la clase media ha sido antesala de crisis m\u00e1s profundas: desde el crecimiento del populismo hasta la antipat\u00eda institucional. Si los gobiernos, de cualquier signo, no incluyen a la clase media en sus estrategias de desarrollo, estar\u00e1n cavando su propia fosa.<\/p>\n\n\n\n<p><strong>\u00bfY si volteamos a verla?<\/strong><\/p>\n\n\n\n<p>Atender a la clase media no implica abandonar a los pobres. Implica reconocer que el desarrollo sostenible necesita un ecosistema donde todas las capas sociales puedan progresar. Significa generar pol\u00edticas que premien el esfuerzo, alivien la carga fiscal, fortalezcan los servicios p\u00fablicos y garanticen condiciones m\u00ednimas de estabilidad para millones de mexicanos que, hoy por hoy, se sienten solos.<\/p>\n\n\n\n<p>Es urgente un redise\u00f1o del modelo econ\u00f3mico que no asuma que la clase media puede aguantarlo todo. Porque no puede. Y porque si cae, arrastra consigo a todo el pa\u00eds.<\/p>\n\n\n\n<p>Me despido con un comercial: sintonicen a las 6:10 de la ma\u00f1ana, &#8220;La Caliente&#8221; en el 90.7 de FM., el colega y amigo Jos\u00e9 \u00c1ngel Partida los viernes me abre un espacio en su noticiero en el que comentamos con m\u00e1s detalle esta columna y algunos otros temas. \u00a1No se lo pierdan!<\/p>\n\n\n\n<p>Por hoy fue todo. Gracias por su tolerancia y hasta la pr\u00f3xima.<\/p>\n\n\n\n<p><strong>Twitter: @fjespriella<\/strong><\/p>\n\n\n\n<p><strong>Correo: felicianoespriella@gmail.com<\/strong><\/p>\n","protected":false},"excerpt":{"rendered":"<p>Columna Olor A Dinero Feliciano J. Espriella Ni pobres ni ricos\u2026 ignorados: el peso de ser clase media en M\u00e9xico Viernes 9 de mayo de 2925 No son lo suficientemente pobres para recibir apoyos ni lo bastante ricos para &nbsp;influir en las decisiones. La clase media mexicana es el burro de carga del modelo econ\u00f3mico: [&hellip;]<\/p>\n","protected":false},"author":1,"featured_media":28041,"comment_status":"open","ping_status":"open","sticky":false,"template":"","format":"standard","meta":{"content-type":"","footnotes":""},"categories":[127],"tags":[],"class_list":{"0":"post-28040","1":"post","2":"type-post","3":"status-publish","4":"format-standard","5":"has-post-thumbnail","7":"category-olor-a-dinero"},"_links":{"self":[{"href":"https:\/\/www.regioncuatronoticias.com\/index.php\/wp-json\/wp\/v2\/posts\/28040","targetHints":{"allow":["GET"]}}],"collection":[{"href":"https:\/\/www.regioncuatronoticias.com\/index.php\/wp-json\/wp\/v2\/posts"}],"about":[{"href":"https:\/\/www.regioncuatronoticias.com\/index.php\/wp-json\/wp\/v2\/types\/post"}],"author":[{"embeddable":true,"href":"https:\/\/www.regioncuatronoticias.com\/index.php\/wp-json\/wp\/v2\/users\/1"}],"replies":[{"embeddable":true,"href":"https:\/\/www.regioncuatronoticias.com\/index.php\/wp-json\/wp\/v2\/comments?post=28040"}],"version-history":[{"count":1,"href":"https:\/\/www.regioncuatronoticias.com\/index.php\/wp-json\/wp\/v2\/posts\/28040\/revisions"}],"predecessor-version":[{"id":28042,"href":"https:\/\/www.regioncuatronoticias.com\/index.php\/wp-json\/wp\/v2\/posts\/28040\/revisions\/28042"}],"wp:featuredmedia":[{"embeddable":true,"href":"https:\/\/www.regioncuatronoticias.com\/index.php\/wp-json\/wp\/v2\/media\/28041"}],"wp:attachment":[{"href":"https:\/\/www.regioncuatronoticias.com\/index.php\/wp-json\/wp\/v2\/media?parent=28040"}],"wp:term":[{"taxonomy":"category","embeddable":true,"href":"https:\/\/www.regioncuatronoticias.com\/index.php\/wp-json\/wp\/v2\/categories?post=28040"},{"taxonomy":"post_tag","embeddable":true,"href":"https:\/\/www.regioncuatronoticias.com\/index.php\/wp-json\/wp\/v2\/tags?post=28040"}],"curies":[{"name":"wp","href":"https:\/\/api.w.org\/{rel}","templated":true}]}}