{"id":27968,"date":"2025-05-06T23:13:16","date_gmt":"2025-05-07T06:13:16","guid":{"rendered":"https:\/\/www.regioncuatronoticias.com\/?p=27968"},"modified":"2025-05-06T23:13:20","modified_gmt":"2025-05-07T06:13:20","slug":"inicia-el-conclave-para-la-eleccion-de-papa","status":"publish","type":"post","link":"https:\/\/www.regioncuatronoticias.com\/index.php\/2025\/05\/06\/inicia-el-conclave-para-la-eleccion-de-papa\/","title":{"rendered":"Inicia el C\u00f3nclave para la elecci\u00f3n de Papa"},"content":{"rendered":"\n<p><strong>Columna Olor A Dinero<\/strong><\/p>\n\n\n\n<p><strong>Feliciano J. Espriella<\/strong><\/p>\n\n\n\n<p><strong>Inicia el C\u00f3nclave para la elecci\u00f3n de Papa<\/strong><\/p>\n\n\n\n<p><strong>Mi\u00e9rcoles 7 de mayo de 2025<\/strong><\/p>\n\n\n\n<p>El C\u00f3nclave para la elecci\u00f3n del nuevo Papa se iniciar\u00e1 hoy, mi\u00e9rcoles 7 de mayo de 2025, en el Vaticano. La ceremonia de apertura dentro de la Capilla Sixtina est\u00e1 prevista para las 16:30 horas, tiempo local de Roma, lo que equivale a las 7:30 de la ma\u00f1ana, hora de Sonora.<\/p>\n\n\n\n<p>Sin embargo, antes del ingreso formal al C\u00f3nclave, se celebrar\u00e1 una misa &#8220;Pro eligendo Pontifice&#8221; (por la elecci\u00f3n del Romano Pont\u00edfice) en la Bas\u00edlica de San Pedro, a las 10:00 horas de Roma (1:00 a.m. en Sonora). Esta misa, a diferencia del c\u00f3nclave, es p\u00fablica y abierta a los fieles.<\/p>\n\n\n\n<p>Despu\u00e9s de la misa, los cardenales electores se trasladar\u00e1n en solemne procesi\u00f3n a la Capilla Sixtina para dar inicio formal al C\u00f3nclave, mediante la ceremonia de juramento.<\/p>\n\n\n\n<p>La elecci\u00f3n del nuevo Papa es un evento que, m\u00e1s all\u00e1 de su enorme simbolismo religioso, tiene un peso pol\u00edtico y geopol\u00edtico de gran calado. Lejos de ser un acto puramente espiritual guiado por el Esp\u00edritu Santo \u2014como dicta la tradici\u00f3n\u2014, el proceso est\u00e1 atravesado por tensiones internas, pugnas ideol\u00f3gicas y prioridades diplom\u00e1ticas dentro del Vaticano.<\/p>\n\n\n\n<p>Se habla de candidatos que representan distintas corrientes: reformistas y conservadoras, liberales y tradicionalistas. Y en medio de todo ello, destaca la enorme influencia del patrimonio econ\u00f3mico del Vaticano y su papel como actor diplom\u00e1tico con relaciones en m\u00e1s de 180 pa\u00edses y millones de fieles bajo su influencia.<\/p>\n\n\n\n<p>La divisi\u00f3n m\u00e1s comentada en esta ocasi\u00f3n es entre dos grandes bloques: por un lado, los sectores conservadores, tradicionalistas y nost\u00e1lgicos de la iglesia preconciliar; por el otro, las corrientes progresistas que buscan continuar con el legado del Papa Francisco. Varios medios internacionales han llegado incluso a calificar esta confrontaci\u00f3n como una lucha entre una &#8220;izquierda&#8221; y una &#8220;derecha&#8221; dentro de la Iglesia.<\/p>\n\n\n\n<p>Algunas fuentes subrayan que los sectores conservadores tendr\u00edan una influencia limitada, ya que m\u00e1s del 80% de los 133 cardenales con derecho a voto fueron nombrados por el propio Francisco. En teor\u00eda, eso inclinar\u00eda la balanza hacia su l\u00ednea reformista y pastoral. Sin embargo, no se descarta la influencia de grupos de presi\u00f3n que buscan imponer un liderazgo m\u00e1s alineado con sus posturas ideol\u00f3gicas y doctrinales.<\/p>\n\n\n\n<p>Te\u00f3logos y analistas sugieren que la divisi\u00f3n real es entre quienes apoyan la visi\u00f3n del Papa Francisco \u2014una Iglesia en salida, sinodal, cercana a los pobres, plural y m\u00e1s abierta\u2014 y quienes lo consideran un hereje por criticar el clericalismo y modificar costumbres arraigadas. Francisco abord\u00f3 con decisi\u00f3n temas como la reparaci\u00f3n a v\u00edctimas de abusos sexuales, el medio ambiente, las migraciones, el celibato sacerdotal y los derechos de las minor\u00edas sexuales. El nuevo Papa heredar\u00e1 ese legado, y su postura frente a estos temas marcar\u00e1 el rumbo de la Iglesia.<\/p>\n\n\n\n<p>El debate sobre los papables refleja, en el fondo, una lucha por el alma de la Iglesia. Se contraponen visiones que promueven apertura, reformas y una moral pastoral m\u00e1s emp\u00e1tica, frente a posturas que insisten en preservar la tradici\u00f3n doctrinal, el orden jer\u00e1rquico y una disciplina m\u00e1s r\u00edgida. La elecci\u00f3n depender\u00e1 del diagn\u00f3stico que los cardenales hagan del momento actual del mundo y del papel que debe jugar la Iglesia en \u00e9l.<\/p>\n\n\n\n<p>La duraci\u00f3n del c\u00f3nclave no est\u00e1 fijada. Los cardenales votan hasta cuatro veces por d\u00eda, y el proceso contin\u00faa hasta que uno de los candidatos alcance la mayor\u00eda de dos tercios \u2014en este caso, 89 votos\u2014. Algunas fuentes anticipan que este c\u00f3nclave podr\u00eda ser m\u00e1s prolongado que los anteriores, aunque tambi\u00e9n podr\u00eda resolverse antes del fin de semana.<\/p>\n\n\n\n<p>Los dos \u00faltimos c\u00f3nclaves \u2014el que eligi\u00f3 a Benedicto XVI en 2005 y el de Francisco en 2013\u2014 duraron apenas dos d\u00edas cada uno.<\/p>\n\n\n\n<p>A pesar de los avances tecnol\u00f3gicos, el Vaticano mantiene intacta la tradici\u00f3n de anunciar el resultado a trav\u00e9s de la famosa fumata. Una chimenea instalada en lo alto de la Capilla Sixtina emite humo negro si no hay decisi\u00f3n, o humo blanco cuando se ha elegido nuevo Papa. Ese momento es seguido por millones de personas en todo el mundo.<\/p>\n\n\n\n<p>Durante el c\u00f3nclave se desactiva por completo la red de telefon\u00eda m\u00f3vil y las transmisiones de telecomunicaciones dentro del Vaticano. Los cardenales deben entregar sus tel\u00e9fonos antes de ingresar, en un esfuerzo por preservar el secreto y la solemnidad del proceso.<\/p>\n\n\n\n<p>El ritual es claro:<\/p>\n\n\n\n<p>Humo negro: no hay Papa.<\/p>\n\n\n\n<p>Humo blanco: Habemus Papam.<\/p>\n\n\n\n<p>Eso es lo que el mundo entero espera ver hoy.<\/p>\n\n\n\n<p>Por hoy fue todo. Gracias por su tolerancia y hasta la pr\u00f3xima.<\/p>\n\n\n\n<p><strong>Twitter: @fjespriella<\/strong><\/p>\n\n\n\n<p><strong>Correo: felicianoespriella@gmail.com<\/strong><\/p>\n","protected":false},"excerpt":{"rendered":"<p>Columna Olor A Dinero Feliciano J. Espriella Inicia el C\u00f3nclave para la elecci\u00f3n de Papa Mi\u00e9rcoles 7 de mayo de 2025 El C\u00f3nclave para la elecci\u00f3n del nuevo Papa se iniciar\u00e1 hoy, mi\u00e9rcoles 7 de mayo de 2025, en el Vaticano. La ceremonia de apertura dentro de la Capilla Sixtina est\u00e1 prevista para las 16:30 [&hellip;]<\/p>\n","protected":false},"author":1,"featured_media":27969,"comment_status":"open","ping_status":"open","sticky":false,"template":"","format":"standard","meta":{"content-type":"","footnotes":""},"categories":[127],"tags":[],"class_list":{"0":"post-27968","1":"post","2":"type-post","3":"status-publish","4":"format-standard","5":"has-post-thumbnail","7":"category-olor-a-dinero"},"_links":{"self":[{"href":"https:\/\/www.regioncuatronoticias.com\/index.php\/wp-json\/wp\/v2\/posts\/27968","targetHints":{"allow":["GET"]}}],"collection":[{"href":"https:\/\/www.regioncuatronoticias.com\/index.php\/wp-json\/wp\/v2\/posts"}],"about":[{"href":"https:\/\/www.regioncuatronoticias.com\/index.php\/wp-json\/wp\/v2\/types\/post"}],"author":[{"embeddable":true,"href":"https:\/\/www.regioncuatronoticias.com\/index.php\/wp-json\/wp\/v2\/users\/1"}],"replies":[{"embeddable":true,"href":"https:\/\/www.regioncuatronoticias.com\/index.php\/wp-json\/wp\/v2\/comments?post=27968"}],"version-history":[{"count":1,"href":"https:\/\/www.regioncuatronoticias.com\/index.php\/wp-json\/wp\/v2\/posts\/27968\/revisions"}],"predecessor-version":[{"id":27970,"href":"https:\/\/www.regioncuatronoticias.com\/index.php\/wp-json\/wp\/v2\/posts\/27968\/revisions\/27970"}],"wp:featuredmedia":[{"embeddable":true,"href":"https:\/\/www.regioncuatronoticias.com\/index.php\/wp-json\/wp\/v2\/media\/27969"}],"wp:attachment":[{"href":"https:\/\/www.regioncuatronoticias.com\/index.php\/wp-json\/wp\/v2\/media?parent=27968"}],"wp:term":[{"taxonomy":"category","embeddable":true,"href":"https:\/\/www.regioncuatronoticias.com\/index.php\/wp-json\/wp\/v2\/categories?post=27968"},{"taxonomy":"post_tag","embeddable":true,"href":"https:\/\/www.regioncuatronoticias.com\/index.php\/wp-json\/wp\/v2\/tags?post=27968"}],"curies":[{"name":"wp","href":"https:\/\/api.w.org\/{rel}","templated":true}]}}