{"id":27675,"date":"2025-04-30T22:56:19","date_gmt":"2025-05-01T05:56:19","guid":{"rendered":"https:\/\/www.regioncuatronoticias.com\/?p=27675"},"modified":"2025-04-30T22:56:22","modified_gmt":"2025-05-01T05:56:22","slug":"trump-obligo-a-sheinbaum-a-deportar-a-mas-de-medio-millon-de-migrantes-segun-kristi-noem","status":"publish","type":"post","link":"https:\/\/www.regioncuatronoticias.com\/index.php\/2025\/04\/30\/trump-obligo-a-sheinbaum-a-deportar-a-mas-de-medio-millon-de-migrantes-segun-kristi-noem\/","title":{"rendered":"Trump \u201coblig\u00f3 a Sheinbaum\u201d a deportar a m\u00e1s de medio mill\u00f3n de migrantes, seg\u00fan Kristi Noem"},"content":{"rendered":"\n<p><strong>La secretaria de Seguridad Nacional de EU afirma que la presidenta de M\u00e9xico actu\u00f3 por presi\u00f3n del presidente Donald Trump.<\/strong><\/p>\n\n\n\n<p>Tomado de El Imparcial<\/p>\n\n\n\n<p>Ang\u00e9lica Alvarado&nbsp;<\/p>\n\n\n\n<p>Mi\u00e9rcoles 30 de abril de 2025<\/p>\n\n\n\n<p>ESTADOS UNIDOS.- Durante una reuni\u00f3n del gabinete presidencial en Washington, la secretaria de Seguridad Nacional de Estados Unidos, Kristi Noem, asegur\u00f3 que la presidenta de M\u00e9xico, Claudia Sheinbaum, ha deportado a m\u00e1s de medio mill\u00f3n de migrantes por \u00f3rdenes impl\u00edcitas del mandatario estadounidense, Donald Trump.<\/p>\n\n\n\n<p>\u201cLa presidenta de M\u00e9xico me dijo que ha devuelto a poco m\u00e1s de medio mill\u00f3n de personas antes de que lleguen a nuestra frontera\u201d, declar\u00f3 Noem frente a los integrantes del gabinete, durante una exposici\u00f3n sobre los logros del gobierno de Trump en sus primeros 100 d\u00edas de gesti\u00f3n.<\/p>\n\n\n\n<p>Seg\u00fan la funcionaria, este resultado se debe directamente a la presi\u00f3n ejercida por el republicano.<\/p>\n\n\n\n<p><strong>Trump presion\u00f3 y M\u00e9xico respondi\u00f3, seg\u00fan DHS<\/strong><\/p>\n\n\n\n<p>Kristi Noem afirm\u00f3 que gracias al liderazgo de Trump, M\u00e9xico ha adoptado una postura m\u00e1s firme frente a la migraci\u00f3n y el tr\u00e1fico de fentanilo. Enfatiz\u00f3 que el pa\u00eds vecino \u201cpor fin se ha sentado a la mesa\u201d a negociar ambos temas con seriedad.<\/p>\n\n\n\n<p>\u201cOjal\u00e1 contaran esas deportaciones\u201d, a\u00f1adi\u00f3, en referencia a los reportes que comparan las cifras de deportaciones entre las administraciones de Biden y Trump.<\/p>\n\n\n\n<p>\u201cPorque esas personas nunca lograron llegar a nuestra frontera porque ella los devolvi\u00f3, porque usted la oblig\u00f3\u201d, dijo dirigi\u00e9ndose a Trump.<\/p>\n\n\n\n<p><strong>\u201cRecibieron el mensaje\u201d: agradecimiento a Trump<\/strong><\/p>\n\n\n\n<p>La secretaria continu\u00f3 sus declaraciones se\u00f1alando que muchas de esas personas ni siquiera intentaron cruzar a Estados Unidos:<\/p>\n\n\n\n<p>\u201cSon personas que nunca llegaron aqu\u00ed porque recibieron el mensaje, porque usted fue tan agresivo\u201d, explic\u00f3.<\/p>\n\n\n\n<p>Noem aprovech\u00f3 el momento para agradecer al presidente Trump por su pol\u00edtica migratoria, al considerar que ha sido m\u00e1s efectiva para detener los flujos migratorios desde Centro y Sudam\u00e9rica.<\/p>\n\n\n\n<p><strong>Sheinbaum ya hab\u00eda desmentido a Noem<\/strong><\/p>\n\n\n\n<p>Las declaraciones de Noem se suman a una serie de afirmaciones pol\u00e9micas que ha hecho en el pasado.<\/p>\n\n\n\n<p>La funcionaria estadounidense visit\u00f3 el Palacio Nacional a finales de marzo, donde sostuvo una \u201cprovechosa reuni\u00f3n\u201d con Sheinbaum. De acuerdo con la secretaria de Seguridad Nacional de Estados Unidos, durante esta le subray\u00f3 que \u201ctodav\u00eda hay mucho trabajo por hacer para detener el flujo de drogas y de migrantes ilegales\u201d hacia su pa\u00eds.<\/p>\n\n\n\n<p>Tambi\u00e9n afirm\u00f3 en una posterior entrevista con Fox News que le entreg\u00f3 a Sheinbaum una \u201clista de cosas que a Trump le gustar\u00eda ver\u201d en materia migratoria. Ante ello, Sheinbaum le respondi\u00f3 p\u00fablicamente que:<\/p>\n\n\n\n<p>\u201cLa presidenta le responde a una sola autoridad, y esa es el pueblo de M\u00e9xico\u201d.<\/p>\n\n\n\n<p><a href=\"https:\/\/www.elimparcial.com\/mundo\/2025\/04\/30\/trump-obligo-a-sheinbaum-a-deportar-a-mas-de-medio-millon-de-migrantes-segun-kristi-noem\">https:\/\/www.elimparcial.com\/mundo\/2025\/04\/30\/trump-obligo-a-sheinbaum-a-deportar-a-mas-de-medio-millon-de-migrantes-segun-kristi-noem<\/a><\/p>\n","protected":false},"excerpt":{"rendered":"<p>La secretaria de Seguridad Nacional de EU afirma que la presidenta de M\u00e9xico actu\u00f3 por presi\u00f3n del presidente Donald Trump. Tomado de El Imparcial Ang\u00e9lica Alvarado&nbsp; Mi\u00e9rcoles 30 de abril de 2025 ESTADOS UNIDOS.- Durante una reuni\u00f3n del gabinete presidencial en Washington, la secretaria de Seguridad Nacional de Estados Unidos, Kristi Noem, asegur\u00f3 que la [&hellip;]<\/p>\n","protected":false},"author":1,"featured_media":27676,"comment_status":"open","ping_status":"open","sticky":false,"template":"","format":"standard","meta":{"content-type":"","footnotes":""},"categories":[7,12,105],"tags":[],"class_list":{"0":"post-27675","1":"post","2":"type-post","3":"status-publish","4":"format-standard","5":"has-post-thumbnail","7":"category-internacional","8":"category-migracion","9":"category-principal"},"_links":{"self":[{"href":"https:\/\/www.regioncuatronoticias.com\/index.php\/wp-json\/wp\/v2\/posts\/27675","targetHints":{"allow":["GET"]}}],"collection":[{"href":"https:\/\/www.regioncuatronoticias.com\/index.php\/wp-json\/wp\/v2\/posts"}],"about":[{"href":"https:\/\/www.regioncuatronoticias.com\/index.php\/wp-json\/wp\/v2\/types\/post"}],"author":[{"embeddable":true,"href":"https:\/\/www.regioncuatronoticias.com\/index.php\/wp-json\/wp\/v2\/users\/1"}],"replies":[{"embeddable":true,"href":"https:\/\/www.regioncuatronoticias.com\/index.php\/wp-json\/wp\/v2\/comments?post=27675"}],"version-history":[{"count":1,"href":"https:\/\/www.regioncuatronoticias.com\/index.php\/wp-json\/wp\/v2\/posts\/27675\/revisions"}],"predecessor-version":[{"id":27677,"href":"https:\/\/www.regioncuatronoticias.com\/index.php\/wp-json\/wp\/v2\/posts\/27675\/revisions\/27677"}],"wp:featuredmedia":[{"embeddable":true,"href":"https:\/\/www.regioncuatronoticias.com\/index.php\/wp-json\/wp\/v2\/media\/27676"}],"wp:attachment":[{"href":"https:\/\/www.regioncuatronoticias.com\/index.php\/wp-json\/wp\/v2\/media?parent=27675"}],"wp:term":[{"taxonomy":"category","embeddable":true,"href":"https:\/\/www.regioncuatronoticias.com\/index.php\/wp-json\/wp\/v2\/categories?post=27675"},{"taxonomy":"post_tag","embeddable":true,"href":"https:\/\/www.regioncuatronoticias.com\/index.php\/wp-json\/wp\/v2\/tags?post=27675"}],"curies":[{"name":"wp","href":"https:\/\/api.w.org\/{rel}","templated":true}]}}