{"id":27669,"date":"2025-04-30T00:29:11","date_gmt":"2025-04-30T07:29:11","guid":{"rendered":"https:\/\/www.regioncuatronoticias.com\/?p=27669"},"modified":"2025-04-30T00:29:14","modified_gmt":"2025-04-30T07:29:14","slug":"congreso-infantil-algo-mas-que-un-simbolismo","status":"publish","type":"post","link":"https:\/\/www.regioncuatronoticias.com\/index.php\/2025\/04\/30\/congreso-infantil-algo-mas-que-un-simbolismo\/","title":{"rendered":"Congreso Infantil: algo m\u00e1s que un simbolismo"},"content":{"rendered":"\n<p><strong>Columna El Zancudo<\/strong><\/p>\n\n\n\n<p><strong>Arturo Soto Mungu\u00eda<\/strong><\/p>\n\n\n\n<p><strong>Congreso Infantil: algo m\u00e1s que un simbolismo<\/strong><\/p>\n\n\n\n<p><strong>Mi\u00e9rcoles 30 de abril de 2025<\/strong><\/p>\n\n\n\n<p><strong>-Conjuran la huelga en la Universidad de Sonora<\/strong><\/p>\n\n\n\n<p>Como todos los a\u00f1os, la sesi\u00f3n del Congreso Infantil se convierte en un evento que va m\u00e1s all\u00e1 de los simbolismos.<\/p>\n\n\n\n<p>&nbsp;Encierra no solo la m\u00edstica del trabajo legislativo, usualmente vilipendiado e incomprendido, sino que coloca en la agenda p\u00fablica temas que vienen desde la frescura de las voces infantiles que desde la tribuna recrean con claridad y precisi\u00f3n las cotidianidades que enfrentan y que a veces son despiadadas.<\/p>\n\n\n\n<p>&nbsp;Esta vez no pod\u00eda ser la excepci\u00f3n, m\u00e1s trat\u00e1ndose de un tema fundamental como es el de las estrategias gubernamentales para resolver los riesgos relacionados con la violencia, pero que adquieren otra dimensi\u00f3n cuando son las ni\u00f1as y ni\u00f1os quienes los citan a partir de sus propias experiencias, directas e indirectas.<\/p>\n\n\n\n<p>&nbsp;Este ejercicio naci\u00f3 a iniciativa del diputado perredista Juan Manuel \u00c1vila F\u00e9lix all\u00e1 por 1997 si mal no recuerdo. Desde entonces, no deja de sorprender el talento y la naturalidad de las ni\u00f1as y ni\u00f1os que por cierto, llegan a su curul despu\u00e9s de un exhaustivo proceso de selecci\u00f3n en cada una de las escuelas del estado, organizado por el Instituto Estatal Electoral. Es decir, se ganan a pulso la oportunidad de participar de este ejercicio c\u00edvico donde tambi\u00e9n vale la pena poner en relieve los corazones henchidos de orgullo de padres, madres y familiares de los y las peque\u00f1as diputadas.<\/p>\n\n\n\n<p>&nbsp;En esta ocasi\u00f3n, los y las legisladoras infantiles hicieron un llamado a las autoridades para promover entornos seguros y respetuosos; propusieron acciones concretas como la prevenci\u00f3n de la violencia, el fortalecimiento del desarrollo socioemocional, la capacitaci\u00f3n de familias y docentes as\u00ed como el fomento de valores.<\/p>\n\n\n\n<p>&nbsp;Debe ser una experiencia maravillosa conocer desde esa edad la sede de uno de los Poderes del Estado y las din\u00e1micas que all\u00ed se presentan; conocer adem\u00e1s no solo a diputadas y diputados, sino a autoridades electorales, servidores p\u00fablicos de primer nivel y magistrados del Supremo Tribunal de Justicia.<\/p>\n\n\n\n<p>&nbsp;Eso, adem\u00e1s de otras experiencias que incluyen los est\u00edmulos para participar de este certamen, como las visitas guiadas a edificios hist\u00f3ricos, la capacitaci\u00f3n y ensayos para su desempe\u00f1o en la sesi\u00f3n y algunas amenidades propias de sus edades<\/p>\n\n\n\n<p>&nbsp;Se trata de un evento que vale la pena mantener y enriquecer, pues las experiencias para los peque\u00f1os habr\u00e1n de marcarlos de por vida, y tal vez de all\u00ed se est\u00e9 gestando la verdadera nueva clase pol\u00edtica.<\/p>\n\n\n\n<p>&nbsp;<strong>II<\/strong><\/p>\n\n\n\n<p>&nbsp;Muchas lecturas arroja el no estallamiento de la huelga en la Universidad de Sonora, pero una de las m\u00e1s recurrentes en los pasillos de la M\u00e1xima Casa de Estudios es que de nueva cuenta, la base magisterial dej\u00f3 en claro que su voto no est\u00e1 condicionado a la l\u00ednea trazada por su dirigencia, que esta vez estuvo promoviendo el voto en favor de la huelga.<\/p>\n\n\n\n<p>&nbsp;Ya hab\u00edan dado una muestra de ello en la pasada elecci\u00f3n de rectora, cuando la mayor\u00eda de los profesores universitarios no votaron por Cuauht\u00e9moc Gonz\u00e1lez (org\u00e1nicamente parte de la dirigencia del STAUS) ni por Aar\u00f3n Grageda (exsecretario de Educaci\u00f3n y Cultura en la primera parte del gobierno de Alfonso Durazo) ambos finalistas en la terna de donde surgi\u00f3 como rectora Dena Camarena, a quien todos ubicaban como la candidata de la actual administraci\u00f3n universitaria que encabeza Rita Plancarte.<\/p>\n\n\n\n<p>&nbsp;En la administraci\u00f3n duracista que inici\u00f3 en 2021, el STAUS ha estallado dos huelgas. En a\u00f1os pasados las condiciones eran distintas y desde la dirigencia se promovi\u00f3 el \u2018no a la huelga\u2019, pero las bases en asamblea general decidieron otra cosa.<\/p>\n\n\n\n<p>&nbsp;Y se preguntar\u00e1 el aguilucho lector, la sindicalista lectora: si la dirigencia del STAUS no tiene el consenso mayoritario entre la base magisterial, \u00bfc\u00f3mo es que el grupo pol\u00edtico que actualmente domina el sindicato tiene alrededor de 30 a\u00f1os ganando las elecciones internas?<\/p>\n\n\n\n<p>&nbsp;Una explicaci\u00f3n es que a ese grupo le pasa lo que a la administraci\u00f3n universitaria, que tambi\u00e9n tiene unos 30 a\u00f1os ganando la rector\u00eda: tienen el \u2018aparato\u2019 y los recursos, y no tienen enfrente una oposici\u00f3n unida y articulada que les dispute el poder.<\/p>\n\n\n\n<p>&nbsp;Recordar\u00e1n que una vez realizada la consulta universitaria para la elecci\u00f3n de rector(a), cuatro de los cinco candidatos opositores a Dena Mar\u00eda Camarena se unieron para solicitar al Colegio Universitario que su decisi\u00f3n final recayera en uno de ellos, toda vez que entre todos tuvieron m\u00e1s votos que Dena, lo que significaba, seg\u00fan su interpretaci\u00f3n, que la mayor\u00eda de lo universitarios estaba en favor del cambio y no de la continuidad.<\/p>\n\n\n\n<p>&nbsp;Tal tesis no es tan descabellada y se sustenta en los n\u00fameros. El problema es que la competencia no fue entre ese bloque y Dena, sino entre cada uno de ellos y Dena y all\u00ed s\u00ed fueron rebasados en toda la l\u00ednea.<\/p>\n\n\n\n<p>&nbsp;Algo similar sucede en el STAUS: no hay liderazgos de peso que le disputen la hegemon\u00eda al grupo dominante, y los que hay suelen competir separados.<\/p>\n\n\n\n<p>&nbsp;Total, se ahuyent\u00f3 el fantasma de la huelga en el STAUS, y el STEUS, que deber\u00eda decidir hoy sobre el estallamiento no lo har\u00e1 porque el emplazamiento no fue entregado a tiempo y por ello el expediente se archiv\u00f3.<\/p>\n\n\n\n<p>&nbsp;En este caso tambi\u00e9n hay varias versiones, incluyendo una que habla de que el emplazamiento fue deliberadamente extempor\u00e1neo para dar pie al recurso legal que \u2018bateara\u2019 la huelga, como sucedi\u00f3.<\/p>\n\n\n\n<p>&nbsp;Un sindicalista del STEUS me confi\u00f3 ayer que prevalece mucha inconformidad en un grueso sector de los trabajadores, m\u00e1s del 50% cuyos salarios est\u00e1n por debajo del m\u00ednimo y que estaban decididos a estallar la huelga. De hecho ya estaban organizando las guardias y toda la parafernalia del caso, pero se quedaron con la carabina al hombro.<\/p>\n\n\n\n<p>&nbsp;Si hubo una negociaci\u00f3n para evitar por esa v\u00eda la huelga, \u00bfde qui\u00e9n fue la mano que meci\u00f3 la cuna?<\/p>\n\n\n\n<p>&nbsp;Eso lo veremos en el pr\u00f3ximo cap\u00edtulo de esta emocionante telenovela.<\/p>\n\n\n\n<p>&nbsp;<strong>III<\/strong><\/p>\n\n\n\n<p>&nbsp;Llegando y haciendo adobes, el gobernador Alfonso Durazo se encuentra en la Ciudad de M\u00e9xico donde se reuni\u00f3 con el Director General de la Conagua, Efra\u00edn Morales L\u00f3pez para dar seguimiento a las acciones del Plan H\u00eddrico que busca garantizar agua para todas las regiones del estado, cuando ya comienzan a sentirse las inclemencias del verano.<\/p>\n\n\n\n<p>&nbsp;Se sabe que la prolongada sequ\u00eda en Sonora derivada del cambio clim\u00e1tico est\u00e1 provocando problemas de abasto y por ello se busca garantizar agua para consumo humano y para uso agropecuario e industrial.<\/p>\n\n\n\n<p>&nbsp;El Plan H\u00eddrico fue puesto en marcha desde 2023 y a trav\u00e9s de \u00e9l se han destinado m\u00e1s de 17 mil millones de pesos para diversas acciones entre las que destacan la construcci\u00f3n de 78 pozos en diferentes municipios, la perforaci\u00f3n de 35 m\u00e1s y la rehabilitaci\u00f3n y equipamiento de otros 13; adquisici\u00f3n de pipas, modernizaci\u00f3n del Acueducto Independencia, la construcci\u00f3n del Bypass en Hermosillo, entre otros.<\/p>\n\n\n\n<p>&nbsp;Actualmente se trabaja en un proyecto para la construcci\u00f3n de tres presas aguas arriba de los r\u00edos Sonora y San Miguel para garantizar agua en la capital.<\/p>\n\n\n\n<p>Este encuentro con funcionarios federales forma parte de una agenda estrat\u00e9gica para enfrentar las condiciones del clima \u00e1rido que caracteriza a Sonora, impulsando una gesti\u00f3n sostenible del agua, con enfoque de justicia social y bienestar colectivo.<\/p>\n\n\n\n<p><strong>&nbsp;Tambi\u00e9n me puedes seguir en X: @Chaposoto<\/strong><\/p>\n\n\n\n<p><strong>Visita www.elzancudo.com.mx<\/strong><\/p>\n","protected":false},"excerpt":{"rendered":"<p>Columna El Zancudo Arturo Soto Mungu\u00eda Congreso Infantil: algo m\u00e1s que un simbolismo Mi\u00e9rcoles 30 de abril de 2025 -Conjuran la huelga en la Universidad de Sonora Como todos los a\u00f1os, la sesi\u00f3n del Congreso Infantil se convierte en un evento que va m\u00e1s all\u00e1 de los simbolismos. &nbsp;Encierra no solo la m\u00edstica del trabajo [&hellip;]<\/p>\n","protected":false},"author":1,"featured_media":27670,"comment_status":"open","ping_status":"open","sticky":false,"template":"","format":"standard","meta":{"content-type":"","footnotes":""},"categories":[125],"tags":[],"class_list":{"0":"post-27669","1":"post","2":"type-post","3":"status-publish","4":"format-standard","5":"has-post-thumbnail","7":"category-arturo-soto-munguia"},"_links":{"self":[{"href":"https:\/\/www.regioncuatronoticias.com\/index.php\/wp-json\/wp\/v2\/posts\/27669","targetHints":{"allow":["GET"]}}],"collection":[{"href":"https:\/\/www.regioncuatronoticias.com\/index.php\/wp-json\/wp\/v2\/posts"}],"about":[{"href":"https:\/\/www.regioncuatronoticias.com\/index.php\/wp-json\/wp\/v2\/types\/post"}],"author":[{"embeddable":true,"href":"https:\/\/www.regioncuatronoticias.com\/index.php\/wp-json\/wp\/v2\/users\/1"}],"replies":[{"embeddable":true,"href":"https:\/\/www.regioncuatronoticias.com\/index.php\/wp-json\/wp\/v2\/comments?post=27669"}],"version-history":[{"count":1,"href":"https:\/\/www.regioncuatronoticias.com\/index.php\/wp-json\/wp\/v2\/posts\/27669\/revisions"}],"predecessor-version":[{"id":27671,"href":"https:\/\/www.regioncuatronoticias.com\/index.php\/wp-json\/wp\/v2\/posts\/27669\/revisions\/27671"}],"wp:featuredmedia":[{"embeddable":true,"href":"https:\/\/www.regioncuatronoticias.com\/index.php\/wp-json\/wp\/v2\/media\/27670"}],"wp:attachment":[{"href":"https:\/\/www.regioncuatronoticias.com\/index.php\/wp-json\/wp\/v2\/media?parent=27669"}],"wp:term":[{"taxonomy":"category","embeddable":true,"href":"https:\/\/www.regioncuatronoticias.com\/index.php\/wp-json\/wp\/v2\/categories?post=27669"},{"taxonomy":"post_tag","embeddable":true,"href":"https:\/\/www.regioncuatronoticias.com\/index.php\/wp-json\/wp\/v2\/tags?post=27669"}],"curies":[{"name":"wp","href":"https:\/\/api.w.org\/{rel}","templated":true}]}}