{"id":27541,"date":"2025-04-27T23:23:49","date_gmt":"2025-04-28T06:23:49","guid":{"rendered":"https:\/\/www.regioncuatronoticias.com\/?p=27541"},"modified":"2025-04-27T23:23:52","modified_gmt":"2025-04-28T06:23:52","slug":"enferman-al-gobernador","status":"publish","type":"post","link":"https:\/\/www.regioncuatronoticias.com\/index.php\/2025\/04\/27\/enferman-al-gobernador\/","title":{"rendered":"Enferman al gobernador"},"content":{"rendered":"\n<p><strong>Columna Corren Rumores<\/strong><\/p>\n\n\n\n<p><strong>Hilario Olea<\/strong><\/p>\n\n\n\n<p><strong>&nbsp;Enferman al gobernador<\/strong><\/p>\n\n\n\n<p><strong>Lunes 28 de abril de 2025<\/strong><\/p>\n\n\n\n<p><strong>YA APARECI\u00d3\u2026<\/strong> Como sucede de cuando en cuando y de vez en vez, algunos espacios&nbsp; enfermaron de gravedad al gobernador Alfonso Durazo, esto luego de la&nbsp; operaci\u00f3n de tiroides a la que fue sometido en d\u00edas pasados. A pesar de que el propio mandatario reconoci\u00f3 la intervenci\u00f3n quir\u00fargica y el reposo,&nbsp; por ah\u00ed se pusieron a especular que era algo m\u00e1s grave. \u00bfQu\u00e9 tan grave? Pues unos hablaron de males cardiacos y otros se volaron la barda al pr\u00e1cticamente enfermarlo de c\u00e1ncer.&nbsp; Lo que se supo es que segu\u00eda despachando desde su casa y adem\u00e1s estuvo muy bien representado por su jefa de Oficina, Paulina Oca\u00f1a, y su secretario de Gobierno, Adolfo Salazar.&nbsp; Pero eso no dej\u00f3 satisfechos a los que especulan con el tema y para acallar&nbsp; rumores, se recurri\u00f3 a la tradicional foto en donde saluda al alcalde de Cajeme, Javier Lamarque.&nbsp; Pero, bueno, as\u00ed se manejan estas cosas, que muchas veces vienen desde adentro, que es lo peor.<\/p>\n\n\n\n<p><strong>\u00bfY EL PALENQUE?&#8230;<\/strong> Bueno ya que andamos en la rumorolog\u00eda m\u00e9dica, que me dicen del inquilino de la hacienda de Palenque.&nbsp; Ya van para&nbsp; seis meses que no saca la cabeza para nada.&nbsp; De ah\u00ed que se especule que este si podr\u00eda tener alguna enfermedad.&nbsp; Primero, porque su vanidad es tan grande que debe ser algo poderoso lo que impida que saque la nariz.&nbsp; Vamos, ni siquiera un mensajito en redes para decir&nbsp; que por ah\u00ed anda.&nbsp; Es obvio que esto se lo tiene que agradecer la presidenta Claudia Sheinbaum, porque cada vez que saliera iban a decir que fue para dar l\u00ednea. Sea, el caso es que se especula que pudiera estar padeciendo fuerte enfermedad que lo tiene guardado.&nbsp; Recordar que tiene antecedentes cardiacos serios.&nbsp; Sufri\u00f3 tres casos de Covid con todo y su fuerza moral.&nbsp; El punto es que en este caso, si pega el chicle de que ande bien amolado.&nbsp; Incluso, no falta el que diga que lo tienen en Cuba en tratamiento. Algo as\u00ed como pas\u00f3 con Hugo Ch\u00e1vez.<\/p>\n\n\n\n<p><strong>BIEN ARMADOS, LOS MALOS\u2026<\/strong> La C\u00e1mara de Diputados&nbsp; se avent\u00f3 una jalada y aprob\u00f3 el mi\u00e9rcoles las modificaciones al art\u00edculo 57 de la Ley Federal de Armas de Fuego y Explosivos, que permitir\u00e1n la portaci\u00f3n de armas de fuego a funcionarios p\u00fablicos, campesinos y empresas de seguridad privada. Pero resulta que casi les autorizan para que tengan pistolas de triquis. A los&nbsp; campesinos les permitir\u00e1n que sigan igual, que puedan tener rifles .22 y escopetas.&nbsp; Se imaginan esas armas contra las que traen los grupos criminales, que la m\u00e1s bajita es la cuerno de chivo. En otras cosas m\u00e1s productivas deber\u00edan de ponerse a trabajar y no en andar con mamilas. Al rato van a permitir que traigan resorteras.<\/p>\n\n\n\n<p><strong>QUITEN A LOS GUARURAS\u2026 <\/strong>Ahora si verdaderamente quieren que se logre la seguridad y se termine la violencia, es muy f\u00e1cil. Solo&nbsp; hay que quitarle los guaruras a los ricachos, a los pol\u00edticos y funcionarios. Dejarlos sin carros blindados y sin escoltas. Obligarlos a que anden en sus carritos y los manejen ellos mismos.&nbsp; Van a ver que cuando queden como simples mortales y est\u00e9n expuestos a lo que vive el resto de la poblaci\u00f3n, de volada se van a poner a trabajar para controlar a los grupos criminales. Van a legislar en serio. Los funcionarios van a hacer que se aplique la ley y van a reforzar en serio a los cuerpos policiacos. Es cosa de hacerlos mortales para que realmente combatan el crimen. Porque, cuando sientan que estar\u00e1n expuestos como cualquier ciudadano,&nbsp; van poner las cosas en orden.&nbsp; \u00bfCu\u00e1nto a que s\u00ed?<\/p>\n\n\n\n<p><strong>MOSTRAR EL M\u00daSCULO\u2026 <\/strong>Como es tradici\u00f3n y costumbre, la CTM se prepara para mostrar el m\u00fasculo este 01 de mayo con motivo del D\u00eda del Trabajo. Anunciaron que van a organizar una concentraci\u00f3n masiva en el CUM, en donde se contar\u00e1 con la presencia de todas las autoridades. Adem\u00e1s de que se dejar\u00e1n ver los candidateables. En lugar&nbsp; de solo participar en el desfile obrero donde comparten cartelera con otras organizaciones sindicales, mejor se llevan la fiesta para ellos solos.&nbsp; Y de nueva cuenta mostrar\u00e1n cual es la central obrera m\u00e1s importante del estado y desde luego su voz se dejar\u00e1 escuchar. No olvidar&nbsp; que para este a\u00f1o llegan aliados de Morena, por lo que este partido debe escuchar bien su voz.<\/p>\n\n\n\n<p><strong>En fin, por eso mejor recuerden lo que dijo Benito el&nbsp; Gordo:&nbsp; No hay gordo que coma lumbre, pero todo lo dem\u00e1s s\u00ed. Sale.<\/strong><\/p>\n\n\n\n<p><strong>S\u00edganos en la cuenta de X o Twitter @hilarioolea.<\/strong><\/p>\n\n\n\n<p><strong>Pueden vernos de lunes a viernes de 8 a 9 de la noche en nuestro canal de YouTube \u201cEntre Todos Digital\u201d.<\/strong><\/p>\n\n\n\n<p><strong>Sigan nuestras redes sociales<\/strong><\/p>\n","protected":false},"excerpt":{"rendered":"<p>Columna Corren Rumores Hilario Olea &nbsp;Enferman al gobernador Lunes 28 de abril de 2025 YA APARECI\u00d3\u2026 Como sucede de cuando en cuando y de vez en vez, algunos espacios&nbsp; enfermaron de gravedad al gobernador Alfonso Durazo, esto luego de la&nbsp; operaci\u00f3n de tiroides a la que fue sometido en d\u00edas pasados. A pesar de que [&hellip;]<\/p>\n","protected":false},"author":1,"featured_media":27542,"comment_status":"open","ping_status":"open","sticky":false,"template":"","format":"standard","meta":{"content-type":"","footnotes":""},"categories":[121],"tags":[],"class_list":{"0":"post-27541","1":"post","2":"type-post","3":"status-publish","4":"format-standard","5":"has-post-thumbnail","7":"category-hilarioolea"},"_links":{"self":[{"href":"https:\/\/www.regioncuatronoticias.com\/index.php\/wp-json\/wp\/v2\/posts\/27541","targetHints":{"allow":["GET"]}}],"collection":[{"href":"https:\/\/www.regioncuatronoticias.com\/index.php\/wp-json\/wp\/v2\/posts"}],"about":[{"href":"https:\/\/www.regioncuatronoticias.com\/index.php\/wp-json\/wp\/v2\/types\/post"}],"author":[{"embeddable":true,"href":"https:\/\/www.regioncuatronoticias.com\/index.php\/wp-json\/wp\/v2\/users\/1"}],"replies":[{"embeddable":true,"href":"https:\/\/www.regioncuatronoticias.com\/index.php\/wp-json\/wp\/v2\/comments?post=27541"}],"version-history":[{"count":1,"href":"https:\/\/www.regioncuatronoticias.com\/index.php\/wp-json\/wp\/v2\/posts\/27541\/revisions"}],"predecessor-version":[{"id":27543,"href":"https:\/\/www.regioncuatronoticias.com\/index.php\/wp-json\/wp\/v2\/posts\/27541\/revisions\/27543"}],"wp:featuredmedia":[{"embeddable":true,"href":"https:\/\/www.regioncuatronoticias.com\/index.php\/wp-json\/wp\/v2\/media\/27542"}],"wp:attachment":[{"href":"https:\/\/www.regioncuatronoticias.com\/index.php\/wp-json\/wp\/v2\/media?parent=27541"}],"wp:term":[{"taxonomy":"category","embeddable":true,"href":"https:\/\/www.regioncuatronoticias.com\/index.php\/wp-json\/wp\/v2\/categories?post=27541"},{"taxonomy":"post_tag","embeddable":true,"href":"https:\/\/www.regioncuatronoticias.com\/index.php\/wp-json\/wp\/v2\/tags?post=27541"}],"curies":[{"name":"wp","href":"https:\/\/api.w.org\/{rel}","templated":true}]}}