{"id":27427,"date":"2025-04-26T14:13:04","date_gmt":"2025-04-26T21:13:04","guid":{"rendered":"https:\/\/www.regioncuatronoticias.com\/?p=27427"},"modified":"2025-04-26T14:13:06","modified_gmt":"2025-04-26T21:13:06","slug":"por-el-humo-blanco","status":"publish","type":"post","link":"https:\/\/www.regioncuatronoticias.com\/index.php\/2025\/04\/26\/por-el-humo-blanco\/","title":{"rendered":"Por el humo blanco"},"content":{"rendered":"\n<p><strong>Columna Corren Rumores<\/strong><\/p>\n\n\n\n<p><strong>Hilario Olea<\/strong><\/p>\n\n\n\n<p><strong>&nbsp;Por el humo blanco<\/strong><\/p>\n\n\n\n<p><strong>S\u00e1bado 26 de abril de 2025<\/strong><\/p>\n\n\n\n<p><strong>TERMINAN LOS FUNERALES\u2026 <\/strong>Sin duda que la noticia de la semana fue la muerte y funerales del Papa Francisco. El impacto de su fallecimiento es enorme porque no deja de ser el l\u00edder espiritual de 1,300 millones de cat\u00f3licos, desde los&nbsp; militantes&nbsp; hasta los de puro membrete. Pero&nbsp; muerto el Papa, ahora como en toda&nbsp; monarqu\u00eda lo importante es quien ser\u00e1 el sucesor.&nbsp; Por eso ahora la atenci\u00f3n se centrar\u00e1 en el C\u00f3nclave, que es la ceremonia donde los cardenales menores de 80 a\u00f1os eligen al nuevo pont\u00edfice.&nbsp; Hay mucha informaci\u00f3n al respecto de cual es la mec\u00e1nica de esta elecci\u00f3n, pero eso no significa que se pueda adivinar o atinarle al sucesor.&nbsp; Sobre todo a ra\u00edz de c\u00f3mo se manejan las cosas en el Vaticano, que no difieren de las grillas de los civiles.&nbsp; De modo que hay que prepararse.<\/p>\n\n\n\n<p><strong>CONGREGACIONES GENERALES\u2026 <\/strong>A partir de la muerte del Papa comenzaron las reuniones de cardenales conocidas como las Congregaciones Generales, en donde los que est\u00e1n en Roma se van poniendo de acuerdo sobre algunas reglas para el funeral y para el conclave. Hasta ayer ya iban en la cuarta, en donde se pusieron de acuerdo en que el l domingo ir\u00e1n todos a rezar a la tumba de Francisco en la Bas\u00edlica de Santa Mar\u00eda la Mayor, y&nbsp; la otra para iniciar los trabajos del c\u00f3nclave que ser\u00e1 a partir del lunes 5 de mayo. En donde se definir\u00e1 que corriente es la que prevalecer\u00e1 en el Colegio Cardenalicio.<\/p>\n\n\n\n<p><strong>VARIAS CORRIENTES\u2026<\/strong> Como en toda organizaci\u00f3n, si bien es cierto que tiene una jerarqu\u00eda vertical cuando vive el Papa, en su ausencia se definen posturas. Por lo pronto ya hay tres grupos o corrientes&nbsp; muy identificadas.&nbsp; Primero los alineados con el llamado&nbsp; establishment, que siguen el sistema vaticano y&nbsp; en este los que m\u00e1s posibilidades tienen son los italianos Pietro Parolin y Matteo Zuppi, dos cardenales con verdadero poder en la Iglesia, aunque tambi\u00e9n aparecen P\u00e9ter Erd\u00f6 y Mario Grech. Parolini es considerado de los favoritos porque por sus manos pasaron el nombramiento de m\u00e1s de cien cardenales.&nbsp; Se mueve a dos aguas, entre l\u00edneas conservadoras y liberales.<\/p>\n\n\n\n<p><strong>CORRIENTE REFORMADORA\u2026 <\/strong>O conocidos como los liberales. Los que est\u00e1n a favor de temas como son el matrimonio de sacerdotes,&nbsp; que las mujeres sean consagradas.&nbsp; Incluso temas m\u00e1s escabrosos.&nbsp; Navegan con bandera de&nbsp; progresistas con visi\u00f3n franciscana. Est\u00e1n alineados con las reformas de Francisco. En este grupo figuran en primer\u00edsimo lugar el carism\u00e1tico cardenal de Filipinas,&nbsp; Luis Antonio Tagle. Luego le siguen algo alejados&nbsp; Jean-Marc Aveline, Wilton D. Gregory y Fridolin Ambongo. Algunos sectores consideran que esto obligar\u00eda a la Iglesia a dar un bandazo que a lo mejor no est\u00e1n listos para ello. Otros consideran que ser\u00e1 necesario para recuperar fieles o clientela perdida.<\/p>\n\n\n\n<p><strong>LOS TRADICIONALISTAS\u2026 <\/strong>Y no pod\u00eda faltar el movimiento tradicionalista que ha cobrado fuerza al interior de la Iglesia. Entre estos figuran los&nbsp;&nbsp; cardenales anti-Francisco y conservadores. Son los bendecidos por Benedicto XVI, enemigos del progresismo, ultraconservadores y defensores de la &#8220;Iglesia antigua&#8221;. Aqu\u00ed aparecen Roberto Sarah, el influyente cardenal de Guinea, tambi\u00e9n&nbsp; Raymond Leo Burke, Willem Jacobus Eijk,&nbsp; y Carlo Maria Polvani. Cuenta con el apoyo de grupos y gobiernos conservadores que han tomado el poder a lo largo del mundo, como podr\u00eda ser Donald Trump.&nbsp; Como se ven los grupos resultan poderosos y esto hace que el C\u00f3nclave vaya a estar muy re\u00f1ido.<\/p>\n\n\n\n<p><strong>En fin, por eso mejor recuerden lo que dec\u00eda el Marciano L\u00f3pez: \u201cNo por mucho madrugar, va estar m\u00e1s heladas\u201d. Sale.<\/strong><\/p>\n\n\n\n<p><strong>S\u00edganos en la cuenta de X o Twitter @hilarioolea.<\/strong><\/p>\n\n\n\n<p><strong>Pueden vernos de lunes a viernes de 8 a 9 de la noche en nuestro canal de YouTube \u201cEntre Todos Digital\u201d.<\/strong><\/p>\n\n\n\n<p><strong>Sigan nuestras redes sociales<\/strong><\/p>\n","protected":false},"excerpt":{"rendered":"<p>Columna Corren Rumores Hilario Olea &nbsp;Por el humo blanco S\u00e1bado 26 de abril de 2025 TERMINAN LOS FUNERALES\u2026 Sin duda que la noticia de la semana fue la muerte y funerales del Papa Francisco. El impacto de su fallecimiento es enorme porque no deja de ser el l\u00edder espiritual de 1,300 millones de cat\u00f3licos, desde [&hellip;]<\/p>\n","protected":false},"author":1,"featured_media":27428,"comment_status":"open","ping_status":"open","sticky":false,"template":"","format":"standard","meta":{"content-type":"","footnotes":""},"categories":[121],"tags":[],"class_list":{"0":"post-27427","1":"post","2":"type-post","3":"status-publish","4":"format-standard","5":"has-post-thumbnail","7":"category-hilarioolea"},"_links":{"self":[{"href":"https:\/\/www.regioncuatronoticias.com\/index.php\/wp-json\/wp\/v2\/posts\/27427","targetHints":{"allow":["GET"]}}],"collection":[{"href":"https:\/\/www.regioncuatronoticias.com\/index.php\/wp-json\/wp\/v2\/posts"}],"about":[{"href":"https:\/\/www.regioncuatronoticias.com\/index.php\/wp-json\/wp\/v2\/types\/post"}],"author":[{"embeddable":true,"href":"https:\/\/www.regioncuatronoticias.com\/index.php\/wp-json\/wp\/v2\/users\/1"}],"replies":[{"embeddable":true,"href":"https:\/\/www.regioncuatronoticias.com\/index.php\/wp-json\/wp\/v2\/comments?post=27427"}],"version-history":[{"count":1,"href":"https:\/\/www.regioncuatronoticias.com\/index.php\/wp-json\/wp\/v2\/posts\/27427\/revisions"}],"predecessor-version":[{"id":27429,"href":"https:\/\/www.regioncuatronoticias.com\/index.php\/wp-json\/wp\/v2\/posts\/27427\/revisions\/27429"}],"wp:featuredmedia":[{"embeddable":true,"href":"https:\/\/www.regioncuatronoticias.com\/index.php\/wp-json\/wp\/v2\/media\/27428"}],"wp:attachment":[{"href":"https:\/\/www.regioncuatronoticias.com\/index.php\/wp-json\/wp\/v2\/media?parent=27427"}],"wp:term":[{"taxonomy":"category","embeddable":true,"href":"https:\/\/www.regioncuatronoticias.com\/index.php\/wp-json\/wp\/v2\/categories?post=27427"},{"taxonomy":"post_tag","embeddable":true,"href":"https:\/\/www.regioncuatronoticias.com\/index.php\/wp-json\/wp\/v2\/tags?post=27427"}],"curies":[{"name":"wp","href":"https:\/\/api.w.org\/{rel}","templated":true}]}}