{"id":2735,"date":"2023-11-17T19:56:38","date_gmt":"2023-11-18T02:56:38","guid":{"rendered":"https:\/\/www.regioncuatronoticias.com\/?p=2735"},"modified":"2023-11-17T19:56:39","modified_gmt":"2023-11-18T02:56:39","slug":"rinde-lomeli-protesta-como-rector-de-la-unam","status":"publish","type":"post","link":"https:\/\/www.regioncuatronoticias.com\/index.php\/2023\/11\/17\/rinde-lomeli-protesta-como-rector-de-la-unam\/","title":{"rendered":"Rinde Lomel\u00ed protesta como rector de la UNAM"},"content":{"rendered":"\n<p>Ciudad de M\u00e9xico.- Leonardo Lomel\u00ed rindi\u00f3 protesta como Rector de la Universidad Nacional Aut\u00f3noma de M\u00e9xico (UNAM) para el periodo 2023-2027.<\/p>\n\n\n\n<p>A la ceremonia acudieron ex Rectores como Francisco Barn\u00e9s, Jos\u00e9 Sarukh\u00e1n, Jos\u00e9 Narro y Juan Ram\u00f3n de la Fuente.<\/p>\n\n\n\n<p>Antes de iniciar la ceremonia, De la Fuente asegur\u00f3 que la UNAM es un espacio plural, no neoliberal, y se pronunci\u00f3 en cerrar filas con Lomel\u00ed.<\/p>\n\n\n\n<p>Mano derecha de Enrique Graue, quien lo nombr\u00f3 Secretario General el 18 de noviembre de 2015, Lomel\u00ed ha manifestado que conoce la operaci\u00f3n administrativa y acad\u00e9mica de la M\u00e1xima Casa de Estudios.<\/p>\n\n\n\n<p>Es la primera ocasi\u00f3n en que un acad\u00e9mico de la Facultad de Econom\u00eda, de la cual fue director entre 2010 y 2015, asume la Rector\u00eda de la UNAM.<\/p>\n\n\n\n<p>Lomel\u00ed es licenciado en econom\u00eda por la UNAM y maestro y doctor en historia por la misma Universidad.<\/p>\n\n\n\n<p>Ha ejercido la docencia en la Facultad de Econom\u00eda de la UNAM desde 1994.<\/p>\n\n\n\n<p>Pertenece al Sistema Nacional de Investigadores con la categor\u00eda de investigador nacional nivel II.<\/p>\n\n\n\n<p>Es miembro de la Academia Mexicana de Econom\u00eda Pol\u00edtica, de la Asociaci\u00f3n Mexicana de Historia Econ\u00f3mica y de la Academia Mexicana de Ciencias.<\/p>\n\n\n\n<p>Es autor de cuatro libros: Liberalismo olig\u00e1rquico y pol\u00edtica econ\u00f3mica; La pol\u00edtica econ\u00f3mica y el discurso de la reconstrucci\u00f3n nacional, 1917-1925; Puebla: Historia Breve y Breve historia de Puebla.<\/p>\n\n\n\n<p>Fue director de la Facultad de Econom\u00eda entre 2010 y 2015.<\/p>\n\n\n\n<p>Fue consejero universitario ex oficio y presidente de la Comisi\u00f3n de Presupuestos del Consejo Universitario.<\/p>\n\n\n\n<p>www.reforma.com<\/p>\n","protected":false},"excerpt":{"rendered":"<p>Ciudad de M\u00e9xico.- Leonardo Lomel\u00ed rindi\u00f3 protesta como Rector de la Universidad Nacional Aut\u00f3noma de M\u00e9xico (UNAM) para el periodo 2023-2027. A la ceremonia acudieron ex Rectores como Francisco Barn\u00e9s, Jos\u00e9 Sarukh\u00e1n, Jos\u00e9 Narro y Juan Ram\u00f3n de la Fuente. Antes de iniciar la ceremonia, De la Fuente asegur\u00f3 que la UNAM es un espacio [&hellip;]<\/p>\n","protected":false},"author":1,"featured_media":2736,"comment_status":"open","ping_status":"open","sticky":false,"template":"","format":"standard","meta":{"content-type":"","footnotes":""},"categories":[117,3,105],"tags":[],"class_list":{"0":"post-2735","1":"post","2":"type-post","3":"status-publish","4":"format-standard","5":"has-post-thumbnail","7":"category-general","8":"category-mexico","9":"category-principal"},"_links":{"self":[{"href":"https:\/\/www.regioncuatronoticias.com\/index.php\/wp-json\/wp\/v2\/posts\/2735","targetHints":{"allow":["GET"]}}],"collection":[{"href":"https:\/\/www.regioncuatronoticias.com\/index.php\/wp-json\/wp\/v2\/posts"}],"about":[{"href":"https:\/\/www.regioncuatronoticias.com\/index.php\/wp-json\/wp\/v2\/types\/post"}],"author":[{"embeddable":true,"href":"https:\/\/www.regioncuatronoticias.com\/index.php\/wp-json\/wp\/v2\/users\/1"}],"replies":[{"embeddable":true,"href":"https:\/\/www.regioncuatronoticias.com\/index.php\/wp-json\/wp\/v2\/comments?post=2735"}],"version-history":[{"count":1,"href":"https:\/\/www.regioncuatronoticias.com\/index.php\/wp-json\/wp\/v2\/posts\/2735\/revisions"}],"predecessor-version":[{"id":2737,"href":"https:\/\/www.regioncuatronoticias.com\/index.php\/wp-json\/wp\/v2\/posts\/2735\/revisions\/2737"}],"wp:featuredmedia":[{"embeddable":true,"href":"https:\/\/www.regioncuatronoticias.com\/index.php\/wp-json\/wp\/v2\/media\/2736"}],"wp:attachment":[{"href":"https:\/\/www.regioncuatronoticias.com\/index.php\/wp-json\/wp\/v2\/media?parent=2735"}],"wp:term":[{"taxonomy":"category","embeddable":true,"href":"https:\/\/www.regioncuatronoticias.com\/index.php\/wp-json\/wp\/v2\/categories?post=2735"},{"taxonomy":"post_tag","embeddable":true,"href":"https:\/\/www.regioncuatronoticias.com\/index.php\/wp-json\/wp\/v2\/tags?post=2735"}],"curies":[{"name":"wp","href":"https:\/\/api.w.org\/{rel}","templated":true}]}}