{"id":2725,"date":"2023-11-16T19:59:55","date_gmt":"2023-11-17T02:59:55","guid":{"rendered":"https:\/\/www.regioncuatronoticias.com\/?p=2725"},"modified":"2023-11-16T19:59:57","modified_gmt":"2023-11-17T02:59:57","slug":"ana-guevara-y-ana-laura-bernal-son-acusadas-de-falsificacion-de-pruebas-y-trafico-de-influencias","status":"publish","type":"post","link":"https:\/\/www.regioncuatronoticias.com\/index.php\/2023\/11\/16\/ana-guevara-y-ana-laura-bernal-son-acusadas-de-falsificacion-de-pruebas-y-trafico-de-influencias\/","title":{"rendered":"Ana Guevara y Ana Laura Bernal, son acusadas de falsificaci\u00f3n de pruebas y tr\u00e1fico de influencias"},"content":{"rendered":"\n<p>Una denuncia del abogado V\u00edctor Guzm\u00e1n pone en la mira a la exmedallista ol\u00edmpica, Ana Gabriela Guevara, y a su pareja, Ana Laura Bernal, quienes son acusadas de fabricar pruebas y de tr\u00e1fico de influencias en un intento de despojarlo de la custodia de su hijo.<\/p>\n\n\n\n<p>Con informaci\u00f3n de El Imparcial<\/p>\n\n\n\n<p>16 de Noviembre de 2023<\/p>\n\n\n\n<p>Ana Guevara y su pareja, Ana Laura Bernal, son acusadas de falsificaci\u00f3n de pruebas y tr\u00e1fico de influencias en contra del abogado V\u00edctor Guzm\u00e1n.(Archivo Digital GH)<\/p>\n\n\n\n<p>En un giro sorprendente, el abogado V\u00edctor Guzm\u00e1n ha acusado a la exmedallista ol\u00edmpica Ana Guevara y su pareja, Ana Laura Bernal, de fabricar pruebas y tr\u00e1fico de influencias en un intento por despojarlo de la custodia de su hijo.<\/p>\n\n\n\n<p>Guzm\u00e1n formaliz\u00f3 la denuncia ante la Fiscal\u00eda General de Justicia de la Ciudad de M\u00e9xico (FGJCDMX), detallando supuestas falsificaciones de documentos, como actas de nacimiento y constancias de estudios, presentadas por Guevara y Bernal para desacreditar la paternidad.<\/p>\n\n\n\n<p>La acusaci\u00f3n incluye se\u00f1alamientos contra Guevara, quien, seg\u00fan Guzm\u00e1n, habr\u00eda utilizado sus conexiones como ex subsecretaria de Seguridad P\u00fablica Federal para ejercer presi\u00f3n sobre las autoridades judiciales y lograr la retirada de la custodia del hijo en com\u00fan, seg\u00fan informaci\u00f3n publicada en el medio R\u00e9cord.<\/p>\n\n\n\n<p>La FGJCDMX ha aceptado la denuncia, dando inicio a una investigaci\u00f3n que promete arrojar luz sobre las complejidades de este caso.<\/p>\n\n\n\n<p>Guevara y Bernal niegan las acusaciones<\/p>\n\n\n\n<p>Tanto Guevara como Bernal han negado las acusaciones, defendi\u00e9ndose y afirmando que las pruebas presentadas por Guzm\u00e1n son falsas. Bernal, por su parte, ha alegado ser v\u00edctima de violencia dom\u00e9stica por parte del abogado.<\/p>\n\n\n\n<p>Este esc\u00e1ndalo legal ha generado repercusiones significativas en M\u00e9xico, afectando la imagen p\u00fablica de Ana Guevara, una figura ampliamente conocida en el pa\u00eds.<\/p>\n\n\n\n<p>Las implicaciones de la investigaci\u00f3n podr\u00edan ser cruciales para Guevara y Bernal, ya que, de comprobarse las acusaciones de Guzm\u00e1n, podr\u00edan enfrentar cargos graves como falsificaci\u00f3n de documentos, tr\u00e1fico de influencias y violencia dom\u00e9stica.<\/p>\n\n\n\n<p>La ciudadan\u00eda espera atenta los resultados de esta indagaci\u00f3n que podr\u00eda redefinir el futuro de los involucrados.<\/p>\n","protected":false},"excerpt":{"rendered":"<p>Una denuncia del abogado V\u00edctor Guzm\u00e1n pone en la mira a la exmedallista ol\u00edmpica, Ana Gabriela Guevara, y a su pareja, Ana Laura Bernal, quienes son acusadas de fabricar pruebas y de tr\u00e1fico de influencias en un intento de despojarlo de la custodia de su hijo. Con informaci\u00f3n de El Imparcial 16 de Noviembre de [&hellip;]<\/p>\n","protected":false},"author":1,"featured_media":2726,"comment_status":"open","ping_status":"open","sticky":false,"template":"","format":"standard","meta":{"content-type":"","footnotes":""},"categories":[3,115,105],"tags":[],"class_list":{"0":"post-2725","1":"post","2":"type-post","3":"status-publish","4":"format-standard","5":"has-post-thumbnail","7":"category-mexico","8":"category-politica","9":"category-principal"},"_links":{"self":[{"href":"https:\/\/www.regioncuatronoticias.com\/index.php\/wp-json\/wp\/v2\/posts\/2725","targetHints":{"allow":["GET"]}}],"collection":[{"href":"https:\/\/www.regioncuatronoticias.com\/index.php\/wp-json\/wp\/v2\/posts"}],"about":[{"href":"https:\/\/www.regioncuatronoticias.com\/index.php\/wp-json\/wp\/v2\/types\/post"}],"author":[{"embeddable":true,"href":"https:\/\/www.regioncuatronoticias.com\/index.php\/wp-json\/wp\/v2\/users\/1"}],"replies":[{"embeddable":true,"href":"https:\/\/www.regioncuatronoticias.com\/index.php\/wp-json\/wp\/v2\/comments?post=2725"}],"version-history":[{"count":1,"href":"https:\/\/www.regioncuatronoticias.com\/index.php\/wp-json\/wp\/v2\/posts\/2725\/revisions"}],"predecessor-version":[{"id":2727,"href":"https:\/\/www.regioncuatronoticias.com\/index.php\/wp-json\/wp\/v2\/posts\/2725\/revisions\/2727"}],"wp:featuredmedia":[{"embeddable":true,"href":"https:\/\/www.regioncuatronoticias.com\/index.php\/wp-json\/wp\/v2\/media\/2726"}],"wp:attachment":[{"href":"https:\/\/www.regioncuatronoticias.com\/index.php\/wp-json\/wp\/v2\/media?parent=2725"}],"wp:term":[{"taxonomy":"category","embeddable":true,"href":"https:\/\/www.regioncuatronoticias.com\/index.php\/wp-json\/wp\/v2\/categories?post=2725"},{"taxonomy":"post_tag","embeddable":true,"href":"https:\/\/www.regioncuatronoticias.com\/index.php\/wp-json\/wp\/v2\/tags?post=2725"}],"curies":[{"name":"wp","href":"https:\/\/api.w.org\/{rel}","templated":true}]}}