{"id":27236,"date":"2025-04-19T22:39:44","date_gmt":"2025-04-20T05:39:44","guid":{"rendered":"https:\/\/www.regioncuatronoticias.com\/?p=27236"},"modified":"2025-04-19T22:39:47","modified_gmt":"2025-04-20T05:39:47","slug":"han-muerto-45-bebes-por-tos-ferina-en-2025-ninguno-tenia-vacuna-admite-la-secretaria-de-salud","status":"publish","type":"post","link":"https:\/\/www.regioncuatronoticias.com\/index.php\/2025\/04\/19\/han-muerto-45-bebes-por-tos-ferina-en-2025-ninguno-tenia-vacuna-admite-la-secretaria-de-salud\/","title":{"rendered":"Han muerto 45 beb\u00e9s por tos ferina en 2025; ninguno ten\u00eda vacuna, admite la Secretar\u00eda de Salud"},"content":{"rendered":"\n<p><strong>De acuerdo con los datos oficiales, las muertes de los peque\u00f1os ocurrieron en 15 estados del pa\u00eds, con Puebla a la cabeza.<\/strong><\/p>\n\n\n\n<p>Tomado de Proceso<\/p>\n\n\n\n<p>Redacci\u00f3n<\/p>\n\n\n\n<p>Domingo 19 de abril de 2025<\/p>\n\n\n\n<p>CIUDAD DE M\u00c9XICO (apro).- En M\u00e9xico, la tos ferina ha cobrado la vida de 45 beb\u00e9s en lo que va del 2025, todos ellos sin recibir la vacuna contra esta enfermedad altamente contagiosa, confirm\u00f3 la Secretar\u00eda de Salud federal de David Kershenobich Stalnikowitz.<\/p>\n\n\n\n<p>\u201cSe han registrado 45 defunciones por tos ferina; todas corresponden a casos en menores de 1 a\u00f1o de edad sin antecedente de vacunaci\u00f3n, el 91% corresponden a menores de 6 meses. En cuanto al sexo, el 57.8% se present\u00f3 en mujeres\u201d, detall\u00f3 la dependencia en su bolet\u00edn epidemiol\u00f3gico m\u00e1s reciente.<\/p>\n\n\n\n<p>Adem\u00e1s, si se compara con el mismo periodo de 2024, el Sistema Especial de Vigilancia Epidemiol\u00f3gica de S\u00edndrome Coqueluchoide y Tos Ferina no report\u00f3 ninguna muerte de beb\u00e9s.<\/p>\n\n\n\n<p>De acuerdo con los datos oficiales, las muertes de los peque\u00f1os, con corte hasta la Semana Epidemiol\u00f3gica 15, se distribuyeron en 15 estados del pa\u00eds. Puebla destaca como el estado con mayor letalidad, seguido de Campeche, Chiapas, Jalisco y San Luis Potos\u00ed.<\/p>\n\n\n\n<p>Adem\u00e1s del saldo mortal, la Secretar\u00eda de Salud reconoci\u00f3 que tambi\u00e9n se han reportado 2 mil 772 casos probables de tos ferina en todo el territorio nacional, de los cuales 749 ya est\u00e1n confirmados, lo que implica una incidencia de 0.56 casos por cada 100 mil habitantes.<\/p>\n\n\n\n<p>Al cierre preliminar de 2024, se documentaron 32 defunciones por tos ferina, considerando tanto a menores como adultos.<\/p>\n\n\n\n<p>Con los 45 beb\u00e9s muertos en lo que va de 2025, la letalidad ya super\u00f3 al a\u00f1o anterior.<\/p>\n\n\n\n<p>En el documento, la dependencia del gobierno de Claudia Sheinbaum admiti\u00f3 la necesidad de reforzar la vacunaci\u00f3n, especialmente en zonas vulnerables.<\/p>\n\n\n\n<p>Indic\u00f3 que se debe intensificar la inmunizaci\u00f3n en el peridomicilio de cada caso, en municipios de alto riesgo, \u00e1reas con alta afluencia de turistas extranjeros, corredores de poblaci\u00f3n migrante y municipios fronterizos.<\/p>\n\n\n\n<p><a href=\"https:\/\/www.proceso.com.mx\/nacional\/2025\/4\/19\/han-muerto-45-bebes-por-tos-ferina-en-2025-ninguno-tenia-vacuna-admite-la-secretaria-de-salud-349689.html\">https:\/\/www.proceso.com.mx\/nacional\/2025\/4\/19\/han-muerto-45-bebes-por-tos-ferina-en-2025-ninguno-tenia-vacuna-admite-la-secretaria-de-salud-349689.html<\/a><\/p>\n","protected":false},"excerpt":{"rendered":"<p>De acuerdo con los datos oficiales, las muertes de los peque\u00f1os ocurrieron en 15 estados del pa\u00eds, con Puebla a la cabeza. Tomado de Proceso Redacci\u00f3n Domingo 19 de abril de 2025 CIUDAD DE M\u00c9XICO (apro).- En M\u00e9xico, la tos ferina ha cobrado la vida de 45 beb\u00e9s en lo que va del 2025, todos [&hellip;]<\/p>\n","protected":false},"author":1,"featured_media":27237,"comment_status":"open","ping_status":"open","sticky":false,"template":"","format":"standard","meta":{"content-type":"","footnotes":""},"categories":[3,105,6],"tags":[],"class_list":{"0":"post-27236","1":"post","2":"type-post","3":"status-publish","4":"format-standard","5":"has-post-thumbnail","7":"category-mexico","8":"category-principal","9":"category-salud"},"_links":{"self":[{"href":"https:\/\/www.regioncuatronoticias.com\/index.php\/wp-json\/wp\/v2\/posts\/27236","targetHints":{"allow":["GET"]}}],"collection":[{"href":"https:\/\/www.regioncuatronoticias.com\/index.php\/wp-json\/wp\/v2\/posts"}],"about":[{"href":"https:\/\/www.regioncuatronoticias.com\/index.php\/wp-json\/wp\/v2\/types\/post"}],"author":[{"embeddable":true,"href":"https:\/\/www.regioncuatronoticias.com\/index.php\/wp-json\/wp\/v2\/users\/1"}],"replies":[{"embeddable":true,"href":"https:\/\/www.regioncuatronoticias.com\/index.php\/wp-json\/wp\/v2\/comments?post=27236"}],"version-history":[{"count":1,"href":"https:\/\/www.regioncuatronoticias.com\/index.php\/wp-json\/wp\/v2\/posts\/27236\/revisions"}],"predecessor-version":[{"id":27238,"href":"https:\/\/www.regioncuatronoticias.com\/index.php\/wp-json\/wp\/v2\/posts\/27236\/revisions\/27238"}],"wp:featuredmedia":[{"embeddable":true,"href":"https:\/\/www.regioncuatronoticias.com\/index.php\/wp-json\/wp\/v2\/media\/27237"}],"wp:attachment":[{"href":"https:\/\/www.regioncuatronoticias.com\/index.php\/wp-json\/wp\/v2\/media?parent=27236"}],"wp:term":[{"taxonomy":"category","embeddable":true,"href":"https:\/\/www.regioncuatronoticias.com\/index.php\/wp-json\/wp\/v2\/categories?post=27236"},{"taxonomy":"post_tag","embeddable":true,"href":"https:\/\/www.regioncuatronoticias.com\/index.php\/wp-json\/wp\/v2\/tags?post=27236"}],"curies":[{"name":"wp","href":"https:\/\/api.w.org\/{rel}","templated":true}]}}