{"id":2722,"date":"2023-11-16T19:56:20","date_gmt":"2023-11-17T02:56:20","guid":{"rendered":"https:\/\/www.regioncuatronoticias.com\/?p=2722"},"modified":"2023-11-16T19:56:23","modified_gmt":"2023-11-17T02:56:23","slug":"tribunal-electoral-revoca-nombramiento-de-arturo-salinas-como-gobernador-interino-de-nuevo-leon","status":"publish","type":"post","link":"https:\/\/www.regioncuatronoticias.com\/index.php\/2023\/11\/16\/tribunal-electoral-revoca-nombramiento-de-arturo-salinas-como-gobernador-interino-de-nuevo-leon\/","title":{"rendered":"Tribunal Electoral revoca nombramiento de Arturo Salinas como gobernador interino de Nuevo Le\u00f3n"},"content":{"rendered":"\n<p>En sesi\u00f3n, el TEPJF llam\u00f3 al congreso de Nuevo Le\u00f3n a que genere los consensos necesarios para la designaci\u00f3n de un nuevo gobernador interino<\/p>\n\n\n\n<p>CDMX; Noviembre 15, 2023.- La Sala Superior del Tribunal Electoral revoc\u00f3 este mi\u00e9rcoles el nombramiento de Arturo Salinas como gobernador interino de Nuevo Le\u00f3n.<\/p>\n\n\n\n<p>En sesi\u00f3n, el TEPJF llam\u00f3 al congreso estatal a que genere los consensos necesarios para una nueva designaci\u00f3n.<\/p>\n\n\n\n<p>Los magistrados determinaron la o inelegibilidad de Salinas Garza como gobernador interino debido a que ostent\u00f3 previamente, el cargo frente al Tribunal Superior de Justicia y del Consejo de la Judicatura local.<\/p>\n","protected":false},"excerpt":{"rendered":"<p>En sesi\u00f3n, el TEPJF llam\u00f3 al congreso de Nuevo Le\u00f3n a que genere los consensos necesarios para la designaci\u00f3n de un nuevo gobernador interino CDMX; Noviembre 15, 2023.- La Sala Superior del Tribunal Electoral revoc\u00f3 este mi\u00e9rcoles el nombramiento de Arturo Salinas como gobernador interino de Nuevo Le\u00f3n. En sesi\u00f3n, el TEPJF llam\u00f3 al congreso [&hellip;]<\/p>\n","protected":false},"author":1,"featured_media":2723,"comment_status":"open","ping_status":"open","sticky":false,"template":"","format":"standard","meta":{"content-type":"","footnotes":""},"categories":[3,115,105],"tags":[],"class_list":{"0":"post-2722","1":"post","2":"type-post","3":"status-publish","4":"format-standard","5":"has-post-thumbnail","7":"category-mexico","8":"category-politica","9":"category-principal"},"_links":{"self":[{"href":"https:\/\/www.regioncuatronoticias.com\/index.php\/wp-json\/wp\/v2\/posts\/2722","targetHints":{"allow":["GET"]}}],"collection":[{"href":"https:\/\/www.regioncuatronoticias.com\/index.php\/wp-json\/wp\/v2\/posts"}],"about":[{"href":"https:\/\/www.regioncuatronoticias.com\/index.php\/wp-json\/wp\/v2\/types\/post"}],"author":[{"embeddable":true,"href":"https:\/\/www.regioncuatronoticias.com\/index.php\/wp-json\/wp\/v2\/users\/1"}],"replies":[{"embeddable":true,"href":"https:\/\/www.regioncuatronoticias.com\/index.php\/wp-json\/wp\/v2\/comments?post=2722"}],"version-history":[{"count":1,"href":"https:\/\/www.regioncuatronoticias.com\/index.php\/wp-json\/wp\/v2\/posts\/2722\/revisions"}],"predecessor-version":[{"id":2724,"href":"https:\/\/www.regioncuatronoticias.com\/index.php\/wp-json\/wp\/v2\/posts\/2722\/revisions\/2724"}],"wp:featuredmedia":[{"embeddable":true,"href":"https:\/\/www.regioncuatronoticias.com\/index.php\/wp-json\/wp\/v2\/media\/2723"}],"wp:attachment":[{"href":"https:\/\/www.regioncuatronoticias.com\/index.php\/wp-json\/wp\/v2\/media?parent=2722"}],"wp:term":[{"taxonomy":"category","embeddable":true,"href":"https:\/\/www.regioncuatronoticias.com\/index.php\/wp-json\/wp\/v2\/categories?post=2722"},{"taxonomy":"post_tag","embeddable":true,"href":"https:\/\/www.regioncuatronoticias.com\/index.php\/wp-json\/wp\/v2\/tags?post=2722"}],"curies":[{"name":"wp","href":"https:\/\/api.w.org\/{rel}","templated":true}]}}