{"id":27109,"date":"2025-04-14T21:52:53","date_gmt":"2025-04-15T04:52:53","guid":{"rendered":"https:\/\/www.regioncuatronoticias.com\/?p=27109"},"modified":"2025-04-14T21:52:56","modified_gmt":"2025-04-15T04:52:56","slug":"confirman-en-sonora-cuatro-nuevos-casos-de-sarampion","status":"publish","type":"post","link":"https:\/\/www.regioncuatronoticias.com\/index.php\/2025\/04\/14\/confirman-en-sonora-cuatro-nuevos-casos-de-sarampion\/","title":{"rendered":"Confirman en Sonora cuatro nuevos casos de sarampi\u00f3n"},"content":{"rendered":"\n<p>Tomado de Enfoque Noticias<\/p>\n\n\n\n<p>Rosa Ang\u00e9lica Fimbres<\/p>\n\n\n\n<p>Lunes 14 de abril de 2025<\/p>\n\n\n\n<p>M\u00e9xico.- El Sistema de Vigilancia Epidemiol\u00f3gica de Sonora identific\u00f3 y confirm\u00f3 cuatro casos de sarampi\u00f3n procedentes de la localidad de Ascensi\u00f3n, Chihuahua, inform\u00f3 la Secretar\u00eda de Salud.<\/p>\n\n\n\n<p>La dependencia se\u00f1al\u00f3 que los afectados son tres menores y una mujer de 28 a\u00f1os de edad que arribaron al municipio de Cajeme entre el 31 de marzo y 1 de abril.<\/p>\n\n\n\n<p>Destac\u00f3 que las cuatro personas no cuentan con antecedentes de vacunaci\u00f3n contra el padecimiento y los resultados positivos fueron detectados por unidades m\u00e9dicas donde se alojan y se encuentran estables.<\/p>\n\n\n\n<p><strong>Acciones para evitar contagios en Sonora<\/strong><\/p>\n\n\n\n<p>Se est\u00e1n llevando a cabo acciones como aislamiento total de los cuatro casos confirmados, as\u00ed como seguimiento y vacunaci\u00f3n contra sarampi\u00f3n a todos sus contactos, con b\u00fasqueda intencionada y activa en toda la localidad.<\/p>\n\n\n\n<p>Asimismo, vacunaci\u00f3n contra sarampi\u00f3n a todas las personas menores de 40 a\u00f1os que en la localidad no tuvieran el antecedente vacunal confirmado (cerco vacunal).<\/p>\n\n\n\n<p>Tambi\u00e9n se conforma una red negativa de casos probables de sarampi\u00f3n que aplica para todo el estado de Sonora, con \u00e9nfasis en el municipio y la localidad donde se identificaron los casos confirmados.<\/p>\n\n\n\n<p>Todas las medidas intensivas de prevenci\u00f3n, mitigaci\u00f3n y control se llevar\u00e1n a cabo hasta cumplirse 21 d\u00edas, que corresponden a un periodo largo de incubaci\u00f3n, posteriores al \u00faltimo caso confirmado que sea identificado.<\/p>\n\n\n\n<p>Hasta el momento son cinco los casos importados de sarampi\u00f3n confirmados en Sonora, incluido el caso previo de una residente de Nogales, la cual no tiene ninguna relaci\u00f3n con los casos detectados en Cajeme.<\/p>\n\n\n\n<p><a href=\"https:\/\/enfoquenoticias.com.mx\/nacional\/sonora-confirman-cuatro-nuevos-casos-de-sarampion\">https:\/\/enfoquenoticias.com.mx\/nacional\/sonora-confirman-cuatro-nuevos-casos-de-sarampion<\/a><\/p>\n","protected":false},"excerpt":{"rendered":"<p>Tomado de Enfoque Noticias Rosa Ang\u00e9lica Fimbres Lunes 14 de abril de 2025 M\u00e9xico.- El Sistema de Vigilancia Epidemiol\u00f3gica de Sonora identific\u00f3 y confirm\u00f3 cuatro casos de sarampi\u00f3n procedentes de la localidad de Ascensi\u00f3n, Chihuahua, inform\u00f3 la Secretar\u00eda de Salud. La dependencia se\u00f1al\u00f3 que los afectados son tres menores y una mujer de 28 a\u00f1os [&hellip;]<\/p>\n","protected":false},"author":1,"featured_media":27110,"comment_status":"open","ping_status":"open","sticky":false,"template":"","format":"standard","meta":{"content-type":"","footnotes":""},"categories":[6,9],"tags":[],"class_list":{"0":"post-27109","1":"post","2":"type-post","3":"status-publish","4":"format-standard","5":"has-post-thumbnail","7":"category-salud","8":"category-sonora"},"_links":{"self":[{"href":"https:\/\/www.regioncuatronoticias.com\/index.php\/wp-json\/wp\/v2\/posts\/27109","targetHints":{"allow":["GET"]}}],"collection":[{"href":"https:\/\/www.regioncuatronoticias.com\/index.php\/wp-json\/wp\/v2\/posts"}],"about":[{"href":"https:\/\/www.regioncuatronoticias.com\/index.php\/wp-json\/wp\/v2\/types\/post"}],"author":[{"embeddable":true,"href":"https:\/\/www.regioncuatronoticias.com\/index.php\/wp-json\/wp\/v2\/users\/1"}],"replies":[{"embeddable":true,"href":"https:\/\/www.regioncuatronoticias.com\/index.php\/wp-json\/wp\/v2\/comments?post=27109"}],"version-history":[{"count":1,"href":"https:\/\/www.regioncuatronoticias.com\/index.php\/wp-json\/wp\/v2\/posts\/27109\/revisions"}],"predecessor-version":[{"id":27111,"href":"https:\/\/www.regioncuatronoticias.com\/index.php\/wp-json\/wp\/v2\/posts\/27109\/revisions\/27111"}],"wp:featuredmedia":[{"embeddable":true,"href":"https:\/\/www.regioncuatronoticias.com\/index.php\/wp-json\/wp\/v2\/media\/27110"}],"wp:attachment":[{"href":"https:\/\/www.regioncuatronoticias.com\/index.php\/wp-json\/wp\/v2\/media?parent=27109"}],"wp:term":[{"taxonomy":"category","embeddable":true,"href":"https:\/\/www.regioncuatronoticias.com\/index.php\/wp-json\/wp\/v2\/categories?post=27109"},{"taxonomy":"post_tag","embeddable":true,"href":"https:\/\/www.regioncuatronoticias.com\/index.php\/wp-json\/wp\/v2\/tags?post=27109"}],"curies":[{"name":"wp","href":"https:\/\/api.w.org\/{rel}","templated":true}]}}