{"id":27049,"date":"2025-04-12T22:14:32","date_gmt":"2025-04-13T05:14:32","guid":{"rendered":"https:\/\/www.regioncuatronoticias.com\/?p=27049"},"modified":"2025-04-12T22:14:34","modified_gmt":"2025-04-13T05:14:34","slug":"sonora-se-mantiene-con-un-caso-de-sarampion-salud","status":"publish","type":"post","link":"https:\/\/www.regioncuatronoticias.com\/index.php\/2025\/04\/12\/sonora-se-mantiene-con-un-caso-de-sarampion-salud\/","title":{"rendered":"Sonora se mantiene con un caso de Sarampi\u00f3n: Salud"},"content":{"rendered":"\n<p><strong>Esta es una enfermedad 100% prevenible por vacunaci\u00f3n, por lo cual hacen el llamado a inmunizarse.<\/strong><\/p>\n\n\n\n<p>Tomado de El Imparcial<\/p>\n\n\n\n<p>Leonor Hern\u00e1ndez y Agencia Reforma&nbsp;<\/p>\n\n\n\n<p>S\u00e1bado 12 de abril de 2025<\/p>\n\n\n\n<p>HERMOSILLO.- Sonora se mantiene con un solo caso de sarampi\u00f3n, sin nuevos contagios relacionados al caso confirmado, u otros casos sospechosos, inform\u00f3 Universo Ortiz Arballo, director de Epidemiolog\u00eda de la Secretar\u00eda de Salud estatal.<\/p>\n\n\n\n<p>Aun as\u00ed, record\u00f3 que esta es una enfermedad 100% prevenible por vacunaci\u00f3n, por lo cual hizo un llamado a acudir al Centro de Salud para ser inmunizado en caso de tener m\u00e1s de 30 a\u00f1os, o no haber sido vacunado nunca.<\/p>\n\n\n\n<p>Si tenemos duda si fuimos vacunados o no contra sarampi\u00f3n, consider\u00e9monos no vacunados, y acudamos a una unidad de salud para recibir la vacuna SR hasta los 39 a\u00f1os, despu\u00e9s de los 40 ya no aplica.<\/p>\n\n\n\n<p>\u201cAlgo muy importante, es que en el caso de la vacuna de sarampi\u00f3n previene la enfermedad como tal, si bien no existe una vacuna 100% eficaz, y pudiese ser que entre 1 mill\u00f3n de vacunados uno o dos adquiera el virus y puedan enfermar, la realidad es que es una cantidad muy m\u00ednima\u201d, afirm\u00f3.<\/p>\n\n\n\n<p><strong>CONTAGIOSO<\/strong><\/p>\n\n\n\n<p>El sarampi\u00f3n es una enfermedad altamente transmisible, las complicaciones pueden ocasionar neumon\u00eda o encefalitis. Los s\u00edntomas son:<\/p>\n\n\n\n<p><strong>FIEBRE ALTA<\/strong><\/p>\n\n\n\n<p><strong>TOS<\/strong><\/p>\n\n\n\n<p><strong>ESCURRIMIENTO NASAL<\/strong><\/p>\n\n\n\n<p><strong>OJOS LLOROSOS Y ENROJECIDOS<\/strong><\/p>\n\n\n\n<p><strong>PEQUE\u00d1AS MANCHAS BLANCAS EN LA CARA INTERNA DE LAS MEJILLAS.<\/strong><\/p>\n\n\n\n<p><strong>Reporta Chihuahua primera muerte por sarampi\u00f3n<\/strong><\/p>\n\n\n\n<p>El Estado de Chihuahua registr\u00f3 la primera muerte por sarampi\u00f3n. Se trata de un hombre de la comunidad menonita, de 31 a\u00f1os de edad, que no estaba vacunado.<\/p>\n\n\n\n<p>La Secretar\u00eda de Salud estatal inform\u00f3 que el paciente resid\u00eda en el Municipio de Ascensi\u00f3n, pero falleci\u00f3 en Ciudad Ju\u00e1rez, a donde hab\u00eda sido trasladado.<\/p>\n\n\n\n<p>De acuerdo con el estudio epidemiol\u00f3gico, la persona no contaba con la vacuna contra la enfermedad, padec\u00eda diabetes mellitus como padecimiento preexistente y est\u00e1 relacionado con el brote que se registra en el vecino Estado de Texas.<\/p>\n\n\n\n<p>Al notar los s\u00edntomas de la enfermedad, el paciente fue atendido en un nosocomio privado. Las pruebas que le fueron practicadas se procesaron en el Laboratorio Estatal de Salud P\u00fablica, donde se confirm\u00f3 el contagio\u201d, estableci\u00f3 la dependencia.<\/p>\n\n\n\n<p>Pidi\u00f3 a la poblaci\u00f3n estar atenta de la salud de ni\u00f1as y ni\u00f1os, los cuales deben recibir dos dosis de la vacuna contra el sarampi\u00f3n: Una a los 12 meses y un refuerzo a los 18 meses de edad.<\/p>\n\n\n\n<p><a href=\"https:\/\/www.elimparcial.com\/son\/sonora\/2025\/04\/12\/sonora-se-mantiene-con-un-caso-de-sarampion-salud\">https:\/\/www.elimparcial.com\/son\/sonora\/2025\/04\/12\/sonora-se-mantiene-con-un-caso-de-sarampion-salud<\/a><\/p>\n","protected":false},"excerpt":{"rendered":"<p>Esta es una enfermedad 100% prevenible por vacunaci\u00f3n, por lo cual hacen el llamado a inmunizarse. Tomado de El Imparcial Leonor Hern\u00e1ndez y Agencia Reforma&nbsp; S\u00e1bado 12 de abril de 2025 HERMOSILLO.- Sonora se mantiene con un solo caso de sarampi\u00f3n, sin nuevos contagios relacionados al caso confirmado, u otros casos sospechosos, inform\u00f3 Universo Ortiz [&hellip;]<\/p>\n","protected":false},"author":1,"featured_media":27050,"comment_status":"open","ping_status":"open","sticky":false,"template":"","format":"standard","meta":{"content-type":"","footnotes":""},"categories":[105,6,9],"tags":[],"class_list":{"0":"post-27049","1":"post","2":"type-post","3":"status-publish","4":"format-standard","5":"has-post-thumbnail","7":"category-principal","8":"category-salud","9":"category-sonora"},"_links":{"self":[{"href":"https:\/\/www.regioncuatronoticias.com\/index.php\/wp-json\/wp\/v2\/posts\/27049","targetHints":{"allow":["GET"]}}],"collection":[{"href":"https:\/\/www.regioncuatronoticias.com\/index.php\/wp-json\/wp\/v2\/posts"}],"about":[{"href":"https:\/\/www.regioncuatronoticias.com\/index.php\/wp-json\/wp\/v2\/types\/post"}],"author":[{"embeddable":true,"href":"https:\/\/www.regioncuatronoticias.com\/index.php\/wp-json\/wp\/v2\/users\/1"}],"replies":[{"embeddable":true,"href":"https:\/\/www.regioncuatronoticias.com\/index.php\/wp-json\/wp\/v2\/comments?post=27049"}],"version-history":[{"count":1,"href":"https:\/\/www.regioncuatronoticias.com\/index.php\/wp-json\/wp\/v2\/posts\/27049\/revisions"}],"predecessor-version":[{"id":27051,"href":"https:\/\/www.regioncuatronoticias.com\/index.php\/wp-json\/wp\/v2\/posts\/27049\/revisions\/27051"}],"wp:featuredmedia":[{"embeddable":true,"href":"https:\/\/www.regioncuatronoticias.com\/index.php\/wp-json\/wp\/v2\/media\/27050"}],"wp:attachment":[{"href":"https:\/\/www.regioncuatronoticias.com\/index.php\/wp-json\/wp\/v2\/media?parent=27049"}],"wp:term":[{"taxonomy":"category","embeddable":true,"href":"https:\/\/www.regioncuatronoticias.com\/index.php\/wp-json\/wp\/v2\/categories?post=27049"},{"taxonomy":"post_tag","embeddable":true,"href":"https:\/\/www.regioncuatronoticias.com\/index.php\/wp-json\/wp\/v2\/tags?post=27049"}],"curies":[{"name":"wp","href":"https:\/\/api.w.org\/{rel}","templated":true}]}}