{"id":27037,"date":"2025-04-12T20:10:09","date_gmt":"2025-04-13T03:10:09","guid":{"rendered":"https:\/\/www.regioncuatronoticias.com\/?p=27037"},"modified":"2025-04-12T20:10:12","modified_gmt":"2025-04-13T03:10:12","slug":"columna-corren-rumores-5","status":"publish","type":"post","link":"https:\/\/www.regioncuatronoticias.com\/index.php\/2025\/04\/12\/columna-corren-rumores-5\/","title":{"rendered":"Columna Corren Rumores"},"content":{"rendered":"\n<p><strong>Hilario Olea<\/strong><\/p>\n\n\n\n<p><strong>SLRC est\u00e1 en la mira&nbsp;&nbsp;&nbsp;&nbsp;&nbsp;<\/strong><\/p>\n\n\n\n<p><strong>S\u00e1bado 12 de abril de 2025<\/strong><\/p>\n\n\n\n<p><strong>VUELVE EL MANDO \u00daNICO\u2026 <\/strong>Algo est\u00e1 pasando con la polic\u00eda de San Luis R\u00edo Colorado, porque ya tuvo antes mando \u00fanico y m\u00e1s o menos se arreglaron los problemas de violencia y de inseguridad en ese municipio.&nbsp; Pero nom\u00e1s se quit\u00f3 las cosas se descompusieron en unos cuantos d\u00edas.&nbsp; Hoy va de nuevo y el alcalde Iv\u00e1n Sandoval no le qued\u00f3 otra cosa que aceptarlo, y de forma impl\u00edcita, aceptar que el tema de la inseguridad se le ha salido de control.&nbsp; Esta plaza por ser frontera con Arizona y Baja California es clave,&nbsp; y seguramente por ello est\u00e1n tan fuerte los conflictos y&nbsp; la violencia.&nbsp; Ahora hay que ver&nbsp; si los refuerzos vuelven a tener resultado o ya les agarraron el modo.&nbsp; O de plano hay demasiadas manzanas podridas en la corporaci\u00f3n municipal.<\/p>\n\n\n\n<p><strong>VAN A INVESTIGAR\u2026 <\/strong>Para verificar estas \u201cirregularidades\u201d en la corporaci\u00f3n, junto con los equipos operativos, tambi\u00e9n se traslad\u00f3 a esa frontera un grupo del \u00e1rea de Asuntos Internos que se encargar\u00e1 de investigar a fondo la actuaci\u00f3n de los municipales, pero tambi\u00e9n de elementos de las otras corporaciones. El hecho de que est\u00e9n husmeando los de Asuntos Internos significa que se tiene informaci\u00f3n&nbsp; de que si hay manzanas podridas. Esperemos esto no se opere solo en lo oscurito y se informe de los avances que hay en estas investigaciones. Por otro lado, no cay\u00f3 bien que se avisara a los polic\u00edas de que van a ser investigados, porque se pueden poner un buen huarache. Veremos y comentaremos.<\/p>\n\n\n\n<p><strong>QUE INVESTIGUEN AL PATR\u00d3N\u2026 <\/strong>Por cierto y a prop\u00f3sito de investigaciones, resulta interesante la encuesta hecha por el portal de noticias Latinus, en el sentido de que el 62% de los mexicanos est\u00e1n de acuerdo en que se lleve a cabo una investigaci\u00f3n contra el expresidente Andr\u00e9s Manuel L\u00f3pez Obrador por presuntos nexos con el narcotr\u00e1fico. Adem\u00e1s, el 68% incluso apoya que esta investigaci\u00f3n se extienda a los hijos del jefe pol\u00edtico por asuntos de corrupci\u00f3n.&nbsp; Ahora bien, esta encuesta hecha por Lorena Becerra es para uno de los medios m\u00e1s cr\u00edticos contra la 4T y sobre todo contra el sexenio pasado.&nbsp; Por lo mismo, pudiera tener cierta tendencia. Lo cierto es que ya comienzan a mover el agua y en un descuido pega el chicle. Claro, nunca se har\u00e1&nbsp; una investigaci\u00f3n a L\u00f3pez Obrador, pero en su lugar pueden poner algunas cabecitas.<\/p>\n\n\n\n<p><strong>RETOM\u00d3 EL CONTROL\u2026 <\/strong>Hasta ahora no hemos le\u00eddo respuesta de Luisa Mar\u00eda Alcalde o de Andy L\u00f3pez Beltr\u00e1n, sobre la sugerencia de la presidenta Claudia Sheinbaum, de que Morena ponga reglas para evitar las campa\u00f1as electorales anticipadas, sobre todo las que son demasiado ostentosas y careras.&nbsp; Se supone que la presidenta como militante en receso solamente sugiri\u00f3 que se hiciera esto. Pero una sugerencia de ese calibre es m\u00e1s que una orden; por eso resulta &nbsp;extra\u00f1o &nbsp;que no hayan reaccionado p\u00fablicamente. Cuando menos no hemos visto sus declaraciones, vamos ni siquiera en los medios oficiales o con sus voceros.&nbsp; Cuando menos estaban obligados a citar al consejo pol\u00edtico nacional para que se tomen medidas. Recuerden que la jefa manda aunque a unos no les parezca.&nbsp; Adem\u00e1s, para varios esta actitud hace pensar que la jefa est\u00e1 tomando el control.&nbsp; Y si es as\u00ed, truchas.<\/p>\n\n\n\n<p><strong>POR SALDO BLANCO\u2026<\/strong> Con el Domingo de Ramos oficialmente inicia la Semana Santa y miles de familias salen de vacaciones.&nbsp; Por lo mismo, no est\u00e1 dem\u00e1s el insistir en que si van a viajar por carretera tomen precauciones. Manejen con doble cuidado porque llevan a lo m\u00e1s preciado, que es su familia..&nbsp; No tienen que ir volando porque de todos modos van a llegar. Recuerden que lo importante es ver el camino y no las pantallas de los celulares.&nbsp; Antes de salir, obliga a una revisi\u00f3n completa del carro, sobre&nbsp; todo de las llantas. Esto todos se lo saben, pero por apurados no lo hacen. Nada les cuesta y van a ganar mucho.<\/p>\n\n\n\n<p><strong>UNOS TIPS\u2026<\/strong> Alejandro Orozco, el mejor meteor\u00f3logo de la comarca,&nbsp; es adem\u00e1s un hombre muy pr\u00e1ctico y siempre da consejos muy \u00fatiles porque es un gran viajero.&nbsp; Por ejemplo, si llevan ni\u00f1os peque\u00f1os en lugares de mucha gente, t\u00f3menle una foto con el celular para ver c\u00f3mo andan vestidos en este momento. As\u00ed, Dios guarde, se pierden, lo primero que preguntan \u00bfY c\u00f3mo andaba vestido el ni\u00f1o? Otro consejo es sacar fotos de los documentos como pasaportes, licencias,&nbsp; credencial INE,&nbsp; del INAPAM los viejones,&nbsp; y los dem\u00e1s importantes. Luego envi\u00e1rselos a un correo personal y al de alguien de la familia. Si se llegan a perder, cuando menos hay una copia para sacar del apuro.&nbsp; Sigan estos consejos y que tengan excelentes vacaciones.<\/p>\n\n\n\n<p><strong>En fin, como dijo el Tadeo Belmonte: Ya supe c\u00f3mo masca la iguana. Igual que los pol\u00edticos. Sale<\/strong><\/p>\n\n\n\n<p><strong>S\u00edganos en la cuenta de X o Twitter @hilarioolea.<\/strong><\/p>\n\n\n\n<p><strong>Pueden vernos de lunes a viernes de 8 a 9 de la noche en nuestro canal de YouTube \u201cEntre Todos Digital\u201d.<\/strong><\/p>\n\n\n\n<p><strong>Sigan nuestras redes sociales<\/strong><\/p>\n","protected":false},"excerpt":{"rendered":"<p>Hilario Olea SLRC est\u00e1 en la mira&nbsp;&nbsp;&nbsp;&nbsp;&nbsp; S\u00e1bado 12 de abril de 2025 VUELVE EL MANDO \u00daNICO\u2026 Algo est\u00e1 pasando con la polic\u00eda de San Luis R\u00edo Colorado, porque ya tuvo antes mando \u00fanico y m\u00e1s o menos se arreglaron los problemas de violencia y de inseguridad en ese municipio.&nbsp; Pero nom\u00e1s se quit\u00f3 las [&hellip;]<\/p>\n","protected":false},"author":1,"featured_media":27038,"comment_status":"open","ping_status":"open","sticky":false,"template":"","format":"standard","meta":{"content-type":"","footnotes":""},"categories":[121],"tags":[],"class_list":{"0":"post-27037","1":"post","2":"type-post","3":"status-publish","4":"format-standard","5":"has-post-thumbnail","7":"category-hilarioolea"},"_links":{"self":[{"href":"https:\/\/www.regioncuatronoticias.com\/index.php\/wp-json\/wp\/v2\/posts\/27037","targetHints":{"allow":["GET"]}}],"collection":[{"href":"https:\/\/www.regioncuatronoticias.com\/index.php\/wp-json\/wp\/v2\/posts"}],"about":[{"href":"https:\/\/www.regioncuatronoticias.com\/index.php\/wp-json\/wp\/v2\/types\/post"}],"author":[{"embeddable":true,"href":"https:\/\/www.regioncuatronoticias.com\/index.php\/wp-json\/wp\/v2\/users\/1"}],"replies":[{"embeddable":true,"href":"https:\/\/www.regioncuatronoticias.com\/index.php\/wp-json\/wp\/v2\/comments?post=27037"}],"version-history":[{"count":1,"href":"https:\/\/www.regioncuatronoticias.com\/index.php\/wp-json\/wp\/v2\/posts\/27037\/revisions"}],"predecessor-version":[{"id":27039,"href":"https:\/\/www.regioncuatronoticias.com\/index.php\/wp-json\/wp\/v2\/posts\/27037\/revisions\/27039"}],"wp:featuredmedia":[{"embeddable":true,"href":"https:\/\/www.regioncuatronoticias.com\/index.php\/wp-json\/wp\/v2\/media\/27038"}],"wp:attachment":[{"href":"https:\/\/www.regioncuatronoticias.com\/index.php\/wp-json\/wp\/v2\/media?parent=27037"}],"wp:term":[{"taxonomy":"category","embeddable":true,"href":"https:\/\/www.regioncuatronoticias.com\/index.php\/wp-json\/wp\/v2\/categories?post=27037"},{"taxonomy":"post_tag","embeddable":true,"href":"https:\/\/www.regioncuatronoticias.com\/index.php\/wp-json\/wp\/v2\/tags?post=27037"}],"curies":[{"name":"wp","href":"https:\/\/api.w.org\/{rel}","templated":true}]}}