{"id":2698,"date":"2023-11-15T21:29:33","date_gmt":"2023-11-16T04:29:33","guid":{"rendered":"https:\/\/www.regioncuatronoticias.com\/?p=2698"},"modified":"2023-11-15T21:29:34","modified_gmt":"2023-11-16T04:29:34","slug":"el-2023-ano-inolvidable-para-el-karate-do-de-sonora","status":"publish","type":"post","link":"https:\/\/www.regioncuatronoticias.com\/index.php\/2023\/11\/15\/el-2023-ano-inolvidable-para-el-karate-do-de-sonora\/","title":{"rendered":"El 2023, a\u00f1o inolvidable para el Karate Do de Sonora"},"content":{"rendered":"\n<p>(Tomado de Para los de a pie)<\/p>\n\n\n\n<p>Hermosillo, Sonora, 14 de noviembre del 2023.- El karate do sonorense compil\u00f3 un a\u00f1o tan fruct\u00edfero en el 2023, que ha sido el mejor en su historia en cuanto a resultados, tanto en el plano nacional como en el internacional.<\/p>\n\n\n\n<p>Claudia Barreras Hern\u00e1ndez, presidenta de la Asociaci\u00f3n Sonorense de Karate Do, alab\u00f3 las actuaciones de los karatecas de nuestra entidad en eventos tales como los Nacionales Conade 2023, el Panamericano Juvenil, el Campeonato Centroamericano y la Liga Mundial.<\/p>\n\n\n\n<p>En los Nacionales Conade 2023, celebrados en Villahermosa, Tabasco, la delegaci\u00f3n de karate sonorense gan\u00f3 siete medallas de oro, marca jam\u00e1s alcanzada, lo que les vali\u00f3 colocarse en el segundo lugar general en ese certamen, tambi\u00e9n un r\u00e9cord para Sonora.<\/p>\n\n\n\n<p>A su vez, en el Panamericano Juvenil, realizado en Santiago de Chile, los sonorenses ganaron tres metales: una plata y dos bronces, mientras que en el Campeonato Centroamericano sumaron cuatro preseas, repartidas en una de oro, par de argentas y dos de tercer sitio.<\/p>\n\n\n\n<p>En la Liga Mundial de Karate Do, serial anual organizado por la Federaci\u00f3n Internacional de ese deporte, en donde Sonora particip\u00f3 con 42 atletas. En &nbsp;resumen, se ganaron cuatro medallas, divididas en tres doradas y una de bronce.<\/p>\n\n\n\n<p>El tema de entrenadores tampoco pas\u00f3 desapercibido, ya que, como estratega principal del seleccionado nacional de mayores -dentro de su segundo proceso ol\u00edmpico-, Barreras Hern\u00e1ndez guio a los karatecas aztecas a colgarse una medalla de oro (dos en total) tanto en los Juegos Centroamericanos y del Caribe (San Salvador, El Salvador) como en los Juegos Panamericanos (Santiago de Chile).<\/p>\n\n\n\n<p>En este 2023 que est\u00e1 en su ocaso, agreg\u00f3 la presidenta de la Asociaci\u00f3n Sonorense de Karate, las figuras sonorenses fueron: Jes\u00fas Garc\u00eda Garc\u00eda (categor\u00eda Junior), Ana Carolina Herrera Ayala (Sub 21) y Eliam Hern\u00e1ndez (U14), por sus resultados en diferentes competencias nacionales e internacionales.<\/p>\n","protected":false},"excerpt":{"rendered":"<p>(Tomado de Para los de a pie) Hermosillo, Sonora, 14 de noviembre del 2023.- El karate do sonorense compil\u00f3 un a\u00f1o tan fruct\u00edfero en el 2023, que ha sido el mejor en su historia en cuanto a resultados, tanto en el plano nacional como en el internacional. Claudia Barreras Hern\u00e1ndez, presidenta de la Asociaci\u00f3n Sonorense [&hellip;]<\/p>\n","protected":false},"author":1,"featured_media":2699,"comment_status":"open","ping_status":"open","sticky":false,"template":"","format":"standard","meta":{"content-type":"","footnotes":""},"categories":[5,9],"tags":[],"class_list":{"0":"post-2698","1":"post","2":"type-post","3":"status-publish","4":"format-standard","5":"has-post-thumbnail","7":"category-deportes","8":"category-sonora"},"_links":{"self":[{"href":"https:\/\/www.regioncuatronoticias.com\/index.php\/wp-json\/wp\/v2\/posts\/2698","targetHints":{"allow":["GET"]}}],"collection":[{"href":"https:\/\/www.regioncuatronoticias.com\/index.php\/wp-json\/wp\/v2\/posts"}],"about":[{"href":"https:\/\/www.regioncuatronoticias.com\/index.php\/wp-json\/wp\/v2\/types\/post"}],"author":[{"embeddable":true,"href":"https:\/\/www.regioncuatronoticias.com\/index.php\/wp-json\/wp\/v2\/users\/1"}],"replies":[{"embeddable":true,"href":"https:\/\/www.regioncuatronoticias.com\/index.php\/wp-json\/wp\/v2\/comments?post=2698"}],"version-history":[{"count":1,"href":"https:\/\/www.regioncuatronoticias.com\/index.php\/wp-json\/wp\/v2\/posts\/2698\/revisions"}],"predecessor-version":[{"id":2700,"href":"https:\/\/www.regioncuatronoticias.com\/index.php\/wp-json\/wp\/v2\/posts\/2698\/revisions\/2700"}],"wp:featuredmedia":[{"embeddable":true,"href":"https:\/\/www.regioncuatronoticias.com\/index.php\/wp-json\/wp\/v2\/media\/2699"}],"wp:attachment":[{"href":"https:\/\/www.regioncuatronoticias.com\/index.php\/wp-json\/wp\/v2\/media?parent=2698"}],"wp:term":[{"taxonomy":"category","embeddable":true,"href":"https:\/\/www.regioncuatronoticias.com\/index.php\/wp-json\/wp\/v2\/categories?post=2698"},{"taxonomy":"post_tag","embeddable":true,"href":"https:\/\/www.regioncuatronoticias.com\/index.php\/wp-json\/wp\/v2\/tags?post=2698"}],"curies":[{"name":"wp","href":"https:\/\/api.w.org\/{rel}","templated":true}]}}