{"id":2689,"date":"2023-11-15T20:56:06","date_gmt":"2023-11-16T03:56:06","guid":{"rendered":"https:\/\/www.regioncuatronoticias.com\/?p=2689"},"modified":"2023-11-15T20:56:07","modified_gmt":"2023-11-16T03:56:07","slug":"se-baja-jorge-taddei-de-la-contienda-por-candidatura-de-morena-al-senado","status":"publish","type":"post","link":"https:\/\/www.regioncuatronoticias.com\/index.php\/2023\/11\/15\/se-baja-jorge-taddei-de-la-contienda-por-candidatura-de-morena-al-senado\/","title":{"rendered":"\u201cSe baja\u201d Jorge Taddei de la contienda por candidatura de MORENA al Senado"},"content":{"rendered":"\n<p><\/p>\n\n\n\n<p>Noviembre 14 del 2023. Jorge Taddei Bringas, el \u00a0ex delegado de la Secretar\u00eda del Bienestar en Sonora, de quien se dijo hab\u00eda renunciado a ese cargo para competir por la candidatura de MORENA\u00a0 al Senado de la Rep\u00fablica, anunci\u00f3 que finalmente no dejar\u00e1 sus funciones, pues desisti\u00f3 de sus aspiraciones. Esta noticia la dio a conocer a trav\u00e9s de su cuenta de \u2018X\u2019 antes \u2018Twitter\u2019.<\/p>\n\n\n\n<p>Taddei se\u00f1al\u00f3 que renunciar a esta candidatura es para poder cerrar su ciclo al frente de la delegaci\u00f3n de la Secretaria de Bienestar en Sonora, junto al sexenio del presidente Andr\u00e9s Manuel L\u00f3pez Obrador.<\/p>\n\n\n\n<p>El pasado 4 de noviembre hab\u00eda expresado su intenci\u00f3n de buscar la candidatura al Senado de la Rep\u00fablica para el 2024, para lo cual hab\u00eda hecho su registro hasta el \u00faltimo momento. Hoy declar\u00f3 su intenci\u00f3n de quedarse a la conclusi\u00f3n del sexenio junto a AMLO.<\/p>\n","protected":false},"excerpt":{"rendered":"<p>Noviembre 14 del 2023. Jorge Taddei Bringas, el \u00a0ex delegado de la Secretar\u00eda del Bienestar en Sonora, de quien se dijo hab\u00eda renunciado a ese cargo para competir por la candidatura de MORENA\u00a0 al Senado de la Rep\u00fablica, anunci\u00f3 que finalmente no dejar\u00e1 sus funciones, pues desisti\u00f3 de sus aspiraciones. Esta noticia la dio a [&hellip;]<\/p>\n","protected":false},"author":1,"featured_media":2690,"comment_status":"open","ping_status":"open","sticky":false,"template":"","format":"standard","meta":{"content-type":"","footnotes":""},"categories":[115,9],"tags":[],"class_list":{"0":"post-2689","1":"post","2":"type-post","3":"status-publish","4":"format-standard","5":"has-post-thumbnail","7":"category-politica","8":"category-sonora"},"_links":{"self":[{"href":"https:\/\/www.regioncuatronoticias.com\/index.php\/wp-json\/wp\/v2\/posts\/2689","targetHints":{"allow":["GET"]}}],"collection":[{"href":"https:\/\/www.regioncuatronoticias.com\/index.php\/wp-json\/wp\/v2\/posts"}],"about":[{"href":"https:\/\/www.regioncuatronoticias.com\/index.php\/wp-json\/wp\/v2\/types\/post"}],"author":[{"embeddable":true,"href":"https:\/\/www.regioncuatronoticias.com\/index.php\/wp-json\/wp\/v2\/users\/1"}],"replies":[{"embeddable":true,"href":"https:\/\/www.regioncuatronoticias.com\/index.php\/wp-json\/wp\/v2\/comments?post=2689"}],"version-history":[{"count":1,"href":"https:\/\/www.regioncuatronoticias.com\/index.php\/wp-json\/wp\/v2\/posts\/2689\/revisions"}],"predecessor-version":[{"id":2691,"href":"https:\/\/www.regioncuatronoticias.com\/index.php\/wp-json\/wp\/v2\/posts\/2689\/revisions\/2691"}],"wp:featuredmedia":[{"embeddable":true,"href":"https:\/\/www.regioncuatronoticias.com\/index.php\/wp-json\/wp\/v2\/media\/2690"}],"wp:attachment":[{"href":"https:\/\/www.regioncuatronoticias.com\/index.php\/wp-json\/wp\/v2\/media?parent=2689"}],"wp:term":[{"taxonomy":"category","embeddable":true,"href":"https:\/\/www.regioncuatronoticias.com\/index.php\/wp-json\/wp\/v2\/categories?post=2689"},{"taxonomy":"post_tag","embeddable":true,"href":"https:\/\/www.regioncuatronoticias.com\/index.php\/wp-json\/wp\/v2\/tags?post=2689"}],"curies":[{"name":"wp","href":"https:\/\/api.w.org\/{rel}","templated":true}]}}