{"id":26727,"date":"2025-04-03T21:44:37","date_gmt":"2025-04-04T04:44:37","guid":{"rendered":"https:\/\/www.regioncuatronoticias.com\/?p=26727"},"modified":"2025-04-03T21:44:43","modified_gmt":"2025-04-04T04:44:43","slug":"yo-estoy-con-rafael-cano","status":"publish","type":"post","link":"https:\/\/www.regioncuatronoticias.com\/index.php\/2025\/04\/03\/yo-estoy-con-rafael-cano\/","title":{"rendered":"Yo estoy con Rafael Cano"},"content":{"rendered":"\n<p><strong>Columna Corren Rumores<\/strong><\/p>\n\n\n\n<p><strong>Hilario Olea<\/strong><\/p>\n\n\n\n<p><strong>Yo estoy con Rafael Cano<\/strong><\/p>\n\n\n\n<p><strong>Viernes 4 de abril de 2025<\/strong><\/p>\n\n\n\n<p><strong>UN PERIODISTA AGREDIDO\u2026 <\/strong>Ahora estamos ante una nueva caterva de pol\u00edticos con piel sensible a las verdades, como es el caso de Guillermo Ruiz Campoy, a quien nuestro colega Rafael Cano Franco, lo expuso como un irresponsable por no cumplir con pago de la pensi\u00f3n alimenticia. En respuesta a esto no aclar\u00f3 la situaci\u00f3n sino demand\u00f3 al periodista. Es obvio el af\u00e1n de tratar de intimidar al colega, cosa que no va a lograr. Por el contrario, solo est\u00e1 consiguiendo que la comunidad periodista haga frente com\u00fan. Por eso, respaldamos y hacemos como propio el mensaje firmado por docenas de colegas y ratificamos &nbsp;que \u00a1Yo estoy con Rafael Cano! Y esto apenas inicia. Este es el texto que recomienda que lo lean para que vean la verdad de la situaci\u00f3n. Firmes.<\/p>\n\n\n\n<p><strong>\u00a1S\u00f3lo somos periodistas!<\/strong><\/p>\n\n\n\n<p>Un reportero nunca debe ser noticia principal de ning\u00fan medio, porque cuando eso &nbsp;sucede obedece a dos razones: porque fue agredido, peor a\u00fan fue asesinado; o por enfrentar una demanda judicial.<\/p>\n\n\n\n<p>Esas son las dos razones principales para aparecer en portada y en ambos casos es negativo.<\/p>\n\n\n\n<p>En M\u00e9xico se ha vuelto tema cotidiano el asesinato, la agresi\u00f3n y las demandas contra reporteros; a muchos personajes que gustan de la vida p\u00fablica y gozan las mieles de la popularidad, de pronto les desagrada se les descubra un pasado oscuro en el servicio p\u00fablico, un acto de corrupci\u00f3n o estar en listas de agresores sexuales de mujeres o formar parte de una lista de deudores morosos en el pago de pensiones alimenticias; detr\u00e1s del se\u00f1alamiento period\u00edstico ven una mano que meci\u00f3 la cuna, pero jam\u00e1s reflexionan sobre su proceder que fue el origen del se\u00f1alamiento.<\/p>\n\n\n\n<p>Es entonces cuando asumen actitudes violentas o de aparente indignaci\u00f3n.<\/p>\n\n\n\n<p>El periodismo en M\u00e9xico cada vez enfrenta nuevos retos y amenazas; pero la Libertad de Expresi\u00f3n es un bien que se debe tutelar y resguardar con toda la fuerza de las instituciones, de los ciudadanos y de los propios periodistas.<\/p>\n\n\n\n<p>Un personaje p\u00fablico, que asume tintes de redentor social, debe comprender que estar\u00e1 sujeto a un intenso escrutinio social y que sus acciones del pasado tendr\u00e1n impacto en sus actos del presente, por eso es necesario que su actuar est\u00e9 sujeto a las leyes, a la decencia, al decoro p\u00fablico y debe prever que todo lo que hizo y hace ser\u00e1n objeto de inter\u00e9s p\u00fablico.<\/p>\n\n\n\n<p>El se\u00f1or Guillermo Ruiz Campoy, un pol\u00edtico de Navojoa, crey\u00f3 que era buena idea demandar al periodista Rafael Cano Franco y con muy poca inteligencia emocional se lanz\u00f3 a los juzgados para intentar lavar su honor.<\/p>\n\n\n\n<p>No pidi\u00f3 derecho de r\u00e9plica, no trato de aclarar los se\u00f1alamientos en su contra, opt\u00f3 por presentar una demanda y luego hacerla p\u00fablica para tratar de mostrar que nadie le puede cuestionar o escrutarle su pasado.<\/p>\n\n\n\n<p>No solamente exhibe su inmadurez pol\u00edtica y la falta de oficio para enfrentar las cr\u00edticas; deja de manifiesto su falta de control emocional y expone a su propio instituto pol\u00edtico, el Partido Sonorense, a ser cuestionado por incluir en su militancia a personajes como \u00e9l.<\/p>\n\n\n\n<p>El periodista tiene como tribuna los espacios donde opina, analiza, reflexiona y plantea posturas ante hechos o sucesos consumados; intentar limitar el contenido informativo de esos espacios es un acto de censura y una forma burda de tratar de acallar las cr\u00edticas y se\u00f1alamientos.<\/p>\n\n\n\n<p>No sabemos que molest\u00f3 a Guillermo Ruiz Campoy:<\/p>\n\n\n\n<p>Pudo ser que se dijera fue s\u00edndico municipal en la administraci\u00f3n de Rosario Quintero, un gobierno municipal de Navojoa marcado por el desaseo administrativo, la falta de trasparencia y el exceso de opacidad, donde se privilegi\u00f3 la frivolidad por encima del cumplimiento de la responsabilidad.<\/p>\n\n\n\n<p>\u00a1Ah\u00ed estaba Guillermo Ruiz Campoy!, era el S\u00edndico Municipal, un cargo que le confirieron los navojoenses para que vigilara el accionar del gobierno y donde, derivado de los resultados fue omiso y puede ser que hasta c\u00f3mplice.<\/p>\n\n\n\n<p>Igual se pudo molestar por se\u00f1alar que su carrera partidista est\u00e1 impregnada de inconsistencias y deslealtades. Abandon\u00f3 las filas de Morena cuando no lo consideraron como buen candidato para la alcald\u00eda; emigr\u00f3 al Partido del Trabajo donde consigui\u00f3 la candidatura y fue regidor, de muy pobre desempe\u00f1o, por cierto; pero a ese partido tambi\u00e9n lo dej\u00f3 para cambiar de ropaje y vestirse con los colores del Partido Sonorense, desde donde intenta, \u00a1otra vez! ser candidato.<\/p>\n\n\n\n<p>Pero est\u00e1 visto que no son los partidos los del problema, \u00a1es \u00e9l quien no da la talla!<\/p>\n\n\n\n<p>El motivo para que Ruiz Campoy denunciara a Rafael Cano, pudo deberse a que se le acusa de no pagar una pensi\u00f3n alimenticia y desde esa perspectiva se cuestiona la validez de su desempe\u00f1o p\u00fablico con su actuar en lo privado.<\/p>\n\n\n\n<p>Es posible que derivado del se\u00f1alamiento, finalmente asumi\u00f3 sus responsabilidades familiares, algo para lo cual tambi\u00e9n sirve el periodismo \u00a1para obligarlos a cumplir!; pero eso no lava que lo hizo casi obligado y solamente para luego intentar lavar su imagen y poder demandar al periodista.<\/p>\n\n\n\n<p>En fin, Guillermo Ruiz Campoy es uno de esos pol\u00edticos que ahora abundan; fr\u00e1giles, carentes de ideales pol\u00edticos, acomodaticio y de extrema sensibilidad en la piel, que gustan de los medios cuando los halagan pero que los demandan cuando los desnudan.<\/p>\n\n\n\n<p>Por todo lo anterior yo estoy con Rafael Cano.<\/p>\n\n\n\n<p><strong>Y bueno,&nbsp; espero se solidaricen con el Rafa Cano, porque recuerden lo que dec\u00eda el Cuate Rubio, hoy por ti, porque ma\u00f1ana nos agarran solos. Sale.<\/strong><\/p>\n\n\n\n<p><strong>S\u00edganos en la cuenta de X o Twitter @hilarioolea.<\/strong><\/p>\n\n\n\n<p><strong>Pueden vernos de lunes a viernes de 8 a 9 de la noche en nuestro canal de YouTube \u201cEntre Todos Digital\u201d.<\/strong><\/p>\n\n\n\n<p><strong>Sigan nuestras redes sociales<\/strong><\/p>\n","protected":false},"excerpt":{"rendered":"<p>Columna Corren Rumores Hilario Olea Yo estoy con Rafael Cano Viernes 4 de abril de 2025 UN PERIODISTA AGREDIDO\u2026 Ahora estamos ante una nueva caterva de pol\u00edticos con piel sensible a las verdades, como es el caso de Guillermo Ruiz Campoy, a quien nuestro colega Rafael Cano Franco, lo expuso como un irresponsable por no [&hellip;]<\/p>\n","protected":false},"author":1,"featured_media":26728,"comment_status":"open","ping_status":"open","sticky":false,"template":"","format":"standard","meta":{"content-type":"","footnotes":""},"categories":[121],"tags":[],"class_list":{"0":"post-26727","1":"post","2":"type-post","3":"status-publish","4":"format-standard","5":"has-post-thumbnail","7":"category-hilarioolea"},"_links":{"self":[{"href":"https:\/\/www.regioncuatronoticias.com\/index.php\/wp-json\/wp\/v2\/posts\/26727","targetHints":{"allow":["GET"]}}],"collection":[{"href":"https:\/\/www.regioncuatronoticias.com\/index.php\/wp-json\/wp\/v2\/posts"}],"about":[{"href":"https:\/\/www.regioncuatronoticias.com\/index.php\/wp-json\/wp\/v2\/types\/post"}],"author":[{"embeddable":true,"href":"https:\/\/www.regioncuatronoticias.com\/index.php\/wp-json\/wp\/v2\/users\/1"}],"replies":[{"embeddable":true,"href":"https:\/\/www.regioncuatronoticias.com\/index.php\/wp-json\/wp\/v2\/comments?post=26727"}],"version-history":[{"count":1,"href":"https:\/\/www.regioncuatronoticias.com\/index.php\/wp-json\/wp\/v2\/posts\/26727\/revisions"}],"predecessor-version":[{"id":26729,"href":"https:\/\/www.regioncuatronoticias.com\/index.php\/wp-json\/wp\/v2\/posts\/26727\/revisions\/26729"}],"wp:featuredmedia":[{"embeddable":true,"href":"https:\/\/www.regioncuatronoticias.com\/index.php\/wp-json\/wp\/v2\/media\/26728"}],"wp:attachment":[{"href":"https:\/\/www.regioncuatronoticias.com\/index.php\/wp-json\/wp\/v2\/media?parent=26727"}],"wp:term":[{"taxonomy":"category","embeddable":true,"href":"https:\/\/www.regioncuatronoticias.com\/index.php\/wp-json\/wp\/v2\/categories?post=26727"},{"taxonomy":"post_tag","embeddable":true,"href":"https:\/\/www.regioncuatronoticias.com\/index.php\/wp-json\/wp\/v2\/tags?post=26727"}],"curies":[{"name":"wp","href":"https:\/\/api.w.org\/{rel}","templated":true}]}}