{"id":26669,"date":"2025-04-02T22:59:19","date_gmt":"2025-04-03T05:59:19","guid":{"rendered":"https:\/\/www.regioncuatronoticias.com\/?p=26669"},"modified":"2025-04-02T23:02:57","modified_gmt":"2025-04-03T06:02:57","slug":"el-problema-de-la-unison-no-es-quien-la-dirige-sino-quien-la-controla","status":"publish","type":"post","link":"https:\/\/www.regioncuatronoticias.com\/index.php\/2025\/04\/02\/el-problema-de-la-unison-no-es-quien-la-dirige-sino-quien-la-controla\/","title":{"rendered":"El problema de la Unison no es qui\u00e9n la dirige, sino qui\u00e9n la controla"},"content":{"rendered":"\n<p><strong>Columna Olor A Dinero<\/strong><\/p>\n\n\n\n<p><strong>Feliciano J. Espriella<\/strong><\/p>\n\n\n\n<p><strong>El problema de la Unison no es qui\u00e9n la dirige, sino qui\u00e9n la controla<\/strong><\/p>\n\n\n\n<p><strong>Jueves 3 de abril de 2025<\/strong><\/p>\n\n\n\n<p>La elecci\u00f3n de la nueva rector\u00eda de la Universidad de Sonora ha expuesto un problema m\u00e1s profundo: no se trata solo de qui\u00e9n ocupar\u00e1 el cargo, sino de qui\u00e9n realmente controla la instituci\u00f3n. Entre el continuismo de un grupo enquistado por m\u00e1s de dos d\u00e9cadas y la posible injerencia del oficialismo estatal, la Unison enfrenta un dilema que va m\u00e1s all\u00e1 de los nombres y revela una crisis estructural que sigue sin resolverse.<\/p>\n\n\n\n<p>Cuando todo parec\u00eda marchar sobre ruedas en la elecci\u00f3n del nuevo rector o rectora de la Universidad de Sonora (Unison), el proceso dio un giro inesperado. El pasado martes, al grito de \u201c\u00a1No al continuismo!\u201d, cuatro aspirantes que en la consulta universitaria quedaron muy por debajo de la triunfadora, Dena Camarena, decidieron unir fuerzas para evitar que la decisi\u00f3n final recaiga en quien consideran la candidata de la actual rectora, Rita Plancarte.<\/p>\n\n\n\n<p>El temor de este bloque es que, con Camarena al frente, la Universidad siga bajo el control del mismo grupo que la ha manejado por m\u00e1s de dos d\u00e9cadas, con los resultados cuestionables que hoy est\u00e1n a la vista.<\/p>\n\n\n\n<p><strong>Los n\u00fameros de la disputa<\/strong><\/p>\n\n\n\n<p>En la consulta universitaria, Dena Camarena obtuvo el 39% de los votos, mientras que el 60% restante se dividi\u00f3 entre los otros cinco aspirantes. De estos, cuatro (Cuauht\u00e9moc Gonz\u00e1lez, Aar\u00f3n Grageda, Judith T\u00e1nori y Mar\u00eda Elena Robles) decidieron conformar un frente com\u00fan, argumentando que su porcentaje conjunto representa un mandato claro de la comunidad universitaria a favor del cambio y en contra de la continuidad.<\/p>\n\n\n\n<p>Su exigencia es clara: que el Colegio Universitario respete el mensaje de la mayor\u00eda y designe a un rector o rectora que rompa con el pasado. Su interpretaci\u00f3n ha encontrado eco en diversos sectores acad\u00e9micos, pol\u00edticos y sociales que, desde hace a\u00f1os, critican el estado de la Unison.<\/p>\n\n\n\n<p>Sin embargo, la consulta universitaria no es vinculante, lo que significa que el Colegio Universitario tiene la \u00faltima palabra y puede o no considerar este argumento. Pero tampoco se puede minimizar el hecho de que Camarena fue la m\u00e1s votada individualmente.<\/p>\n\n\n\n<p><strong>Un dilema inc\u00f3modo<\/strong><\/p>\n\n\n\n<p>El escenario se vuelve a\u00fan m\u00e1s complejo cuando se analizan las alternativas.<\/p>\n\n\n\n<p>Si el Colegio Universitario opta por la supuesta mayor\u00eda del 60%, eso podr\u00eda significar la designaci\u00f3n de Aar\u00f3n Grageda, quien solo obtuvo el 19.56% de los votos y, adem\u00e1s, carga con la etiqueta de ser el candidato del oficialismo estatal. Su paso como secretario de Educaci\u00f3n en el gobierno de Alfonso Durazo lo convierte, para muchos, en el hombre de Palacio, lo que despierta sospechas sobre su independencia.<\/p>\n\n\n\n<p>Pero, por otro lado, \u00bfqu\u00e9 tan diferente es la opci\u00f3n de Dena Camarena? A pesar de que no hay evidencia directa de que forme parte del grupo de los \u201cqu\u00edmicos\u201d que han controlado la Unison desde 2001, su perfil tampoco representa un quiebre con el modelo que ha llevado a la universidad al deterioro actual.<\/p>\n\n\n\n<p>El problema de fondo es que la Universidad de Sonora se encuentra en ca\u00edda libre. Hoy, ocupa el lugar 159 en el ranking de universidades de Mextudia, por debajo de tres instituciones sonorenses que hace no mucho eran vistas con inferioridad acad\u00e9mica.<\/p>\n\n\n\n<p><strong>\u00bfContinuismo o sometimiento?<\/strong><\/p>\n\n\n\n<p>El Colegio Universitario tiene ante s\u00ed una decisi\u00f3n dif\u00edcil. Seguir con el predominio del mismo grupo que ha gobernado la Unison por m\u00e1s de dos d\u00e9cadas o entregar la universidad al control del oficialismo estatal.<\/p>\n\n\n\n<p>Desde 2001, la instituci\u00f3n ha estado en manos de los mismos actores:<\/p>\n\n\n\n<p>-Pedro Ortega Romero (2001-2009)<\/p>\n\n\n\n<p>-Heriberto Grijalva Monteverde (2009-2017)<\/p>\n\n\n\n<p>-Enrique Vel\u00e1zquez Contreras (2017-2021)<\/p>\n\n\n\n<p>-Rita Plancarte Mart\u00ednez (2021-2025)<\/p>\n\n\n\n<p>Todos, parte de una misma estructura que, lejos de impulsar a la Unison, la ha dejado rezagada.<\/p>\n\n\n\n<p>Pero la alternativa no es mucho m\u00e1s alentadora. Si la universidad cae en manos del oficialismo, la posibilidad de reconstrucci\u00f3n acad\u00e9mica quedar\u00e1 sepultada. Si algo ha demostrado el gobierno actual es su inclinaci\u00f3n por el control absoluto de las instituciones, y la Unison no ser\u00eda la excepci\u00f3n.<\/p>\n\n\n\n<p><strong>El laberinto sin salida<\/strong><\/p>\n\n\n\n<p>En este punto, la elecci\u00f3n parece un callej\u00f3n sin escapatoria. No se trata solo de qui\u00e9n gana la rector\u00eda, sino de qu\u00e9 tipo de universidad queremos para el futuro.<\/p>\n\n\n\n<p>Si el Colegio Universitario decide a favor de la continuidad, la Unison seguir\u00e1 perdiendo prestigio. Si cede al oficialismo, se arriesga a convertirse en una extensi\u00f3n m\u00e1s del poder estatal.<\/p>\n\n\n\n<p>Ambas opciones son malas. Pero la peor de todas es no reconocer que el problema de la Unison no es qui\u00e9n la dirige, sino el sistema que la mantiene atrapada en la mediocridad.<\/p>\n\n\n\n<p>El Colegio Universitario tiene la \u00faltima palabra. Pero, cualquiera que sea su decisi\u00f3n, el mensaje es claro: la Unison necesita una reforma de fondo. Y eso, por ahora, parece estar fuera de la mesa.<\/p>\n\n\n\n<p><strong>Twitter: @fjespriella<\/strong><\/p>\n\n\n\n<p><strong>Correo: felicianoespriella@gmail.com<\/strong><\/p>\n\n\n\n<p><\/p>\n","protected":false},"excerpt":{"rendered":"<p>Columna Olor A Dinero Feliciano J. Espriella El problema de la Unison no es qui\u00e9n la dirige, sino qui\u00e9n la controla Jueves 3 de abril de 2025 La elecci\u00f3n de la nueva rector\u00eda de la Universidad de Sonora ha expuesto un problema m\u00e1s profundo: no se trata solo de qui\u00e9n ocupar\u00e1 el cargo, sino de [&hellip;]<\/p>\n","protected":false},"author":1,"featured_media":26670,"comment_status":"open","ping_status":"open","sticky":false,"template":"","format":"standard","meta":{"content-type":"","footnotes":""},"categories":[127],"tags":[],"class_list":{"0":"post-26669","1":"post","2":"type-post","3":"status-publish","4":"format-standard","5":"has-post-thumbnail","7":"category-olor-a-dinero"},"_links":{"self":[{"href":"https:\/\/www.regioncuatronoticias.com\/index.php\/wp-json\/wp\/v2\/posts\/26669","targetHints":{"allow":["GET"]}}],"collection":[{"href":"https:\/\/www.regioncuatronoticias.com\/index.php\/wp-json\/wp\/v2\/posts"}],"about":[{"href":"https:\/\/www.regioncuatronoticias.com\/index.php\/wp-json\/wp\/v2\/types\/post"}],"author":[{"embeddable":true,"href":"https:\/\/www.regioncuatronoticias.com\/index.php\/wp-json\/wp\/v2\/users\/1"}],"replies":[{"embeddable":true,"href":"https:\/\/www.regioncuatronoticias.com\/index.php\/wp-json\/wp\/v2\/comments?post=26669"}],"version-history":[{"count":2,"href":"https:\/\/www.regioncuatronoticias.com\/index.php\/wp-json\/wp\/v2\/posts\/26669\/revisions"}],"predecessor-version":[{"id":26672,"href":"https:\/\/www.regioncuatronoticias.com\/index.php\/wp-json\/wp\/v2\/posts\/26669\/revisions\/26672"}],"wp:featuredmedia":[{"embeddable":true,"href":"https:\/\/www.regioncuatronoticias.com\/index.php\/wp-json\/wp\/v2\/media\/26670"}],"wp:attachment":[{"href":"https:\/\/www.regioncuatronoticias.com\/index.php\/wp-json\/wp\/v2\/media?parent=26669"}],"wp:term":[{"taxonomy":"category","embeddable":true,"href":"https:\/\/www.regioncuatronoticias.com\/index.php\/wp-json\/wp\/v2\/categories?post=26669"},{"taxonomy":"post_tag","embeddable":true,"href":"https:\/\/www.regioncuatronoticias.com\/index.php\/wp-json\/wp\/v2\/tags?post=26669"}],"curies":[{"name":"wp","href":"https:\/\/api.w.org\/{rel}","templated":true}]}}