{"id":26548,"date":"2025-03-31T23:58:40","date_gmt":"2025-04-01T06:58:40","guid":{"rendered":"https:\/\/www.regioncuatronoticias.com\/?p=26548"},"modified":"2025-03-31T23:58:43","modified_gmt":"2025-04-01T06:58:43","slug":"propone-sheinbaum-que-gobierno-tenga-acceso-a-todos-los-datos-biometricos-del-pais","status":"publish","type":"post","link":"https:\/\/www.regioncuatronoticias.com\/index.php\/2025\/03\/31\/propone-sheinbaum-que-gobierno-tenga-acceso-a-todos-los-datos-biometricos-del-pais\/","title":{"rendered":"Propone Sheinbaum que gobierno tenga acceso a todos los datos biom\u00e9tricos del pa\u00eds"},"content":{"rendered":"\n<p><strong>Este lunes envi\u00f3 al Senado de la Rep\u00fablica la reforma que pretende mejorar la b\u00fasqueda de personas desaparecidas.<\/strong><\/p>\n\n\n\n<p>Tomado de Aristegui Noticias<\/p>\n\n\n\n<p>Redacci\u00f3n AN\/ SBH<\/p>\n\n\n\n<p>Lunes 31 de marzo de 2025<\/p>\n\n\n\n<p>La presidenta de M\u00e9xico, Claudia Sheinbaum, envi\u00f3 al Senado de la Rep\u00fablica la iniciativa de reforma para combatir la desaparici\u00f3n de personas.<\/p>\n\n\n\n<p>El documento plantea crear una Plataforma \u00danica de Identidad, que se interconectar\u00e1 con todos los sistemas de informaci\u00f3n que incluyan datos de personas, ya sean p\u00fablicos o privados.<\/p>\n\n\n\n<p>La propuesta dice que el sistema contendr\u00e1 el registro de desaparecidos, de carpetas de investigaci\u00f3n y de datos forenses.<\/p>\n\n\n\n<p>La iniciativa tambi\u00e9n contempla dar al gobierno acceso a todas las bases de datos del sector privado que sirvan para la b\u00fasqueda de personas. As\u00ed lo dice el documento:<\/p>\n\n\n\n<p>(La plataforma se interconectar\u00e1 con) Cualquier registro, base o sistema de informaci\u00f3n de particulares que presten servicios financieros, de transporte, salud, telecomunicaciones, educaci\u00f3n, paqueter\u00eda y servicios de entrega, registros patronales y de seguridad social, religiosos, as\u00ed como toda instituci\u00f3n privada que tenga a su cargo registros o bases de datos de personas, que sea necesaria para la b\u00fasqueda, localizaci\u00f3n e identificaci\u00f3n de personas desaparecidas o no localizadas.<\/p>\n\n\n\n<p>Esta plataforma ser\u00e1 accesible para las fiscal\u00edas, el gabinete de Seguridad (Sedena, Marina, Guardia Nacional y Seguridad) y el Centro Nacional de Inteligencia. Por decreto esto no violar\u00e1 la protecci\u00f3n de datos personales. As\u00ed lo dice:<\/p>\n\n\n\n<p>La finalidad de este acceso es que las autoridades mencionadas puedan conocer sus registros, bases de datos o sistemas de informaci\u00f3n, para las acciones de investigaci\u00f3n que lleven a cabo, sin que ello vulnere el derecho a la protecci\u00f3n de datos personales.<\/p>\n\n\n\n<p>En la exposici\u00f3n de motivos se hace referencia al Padr\u00f3n Electoral que administra el Instituto Nacional Electoral (INE) y a las bases de datos del sector salud, que pasar\u00e1n a formar parte de esta plataforma, en caso de que se apruebe la iniciativa.<\/p>\n\n\n\n<p>La semana pasada, la consejera jur\u00eddica del gobierno de M\u00e9xico, Ernestina Godoy, present\u00f3 algunos detalles de las reformas en conferencia de prensa.<\/p>\n\n\n\n<p><strong>La visi\u00f3n oficialista: comunicado del Senado<\/strong><\/p>\n\n\n\n<p>El Senado de la Rep\u00fablica inform\u00f3 que la propuesta busca dar celeridad al proceso de b\u00fasqueda, localizaci\u00f3n e identificaci\u00f3n de personas desaparecidas.<\/p>\n\n\n\n<p>Se trata de un proyecto de decreto para reformar diversas disposiciones de la Ley General en Materia de Desaparici\u00f3n Forzada de Personas, Desaparici\u00f3n Cometida por Particulares y del Sistema de B\u00fasqueda de Personas, as\u00ed como de la Ley General de Poblaci\u00f3n en materia de fortalecimiento de b\u00fasqueda, localizaci\u00f3n e identificaci\u00f3n de personas desaparecidas.<\/p>\n\n\n\n<p>En el documento se destaca que esta propuesta forma parte del eje prioritario de gobierno para la construcci\u00f3n de la paz y la lucha contra la impunidad, seg\u00fan el comunicado del Senado.<\/p>\n\n\n\n<p>La titular del Ejecutivo Federal reconoci\u00f3 que es imprescindible la actuaci\u00f3n inmediata de las autoridades para que, desde las primeras horas, se ordenen medidas dirigidas a la determinaci\u00f3n del paradero de las victimas del delito o el lugar donde puedan encontrarse.<\/p>\n\n\n\n<p>Se\u00f1al\u00f3 que la desaparici\u00f3n forzada se ha convertido desde hace a\u00f1os en un problema que afecta al mundo entero y constituye una violaci\u00f3n grave a los derechos humanos, tanto de las personas desaparecidas como de sus familiares y la sociedad en general.<\/p>\n\n\n\n<p>La reforma ampl\u00eda el espectro de sanciones y agrega como integrantes del Sistema Nacional de B\u00fasqueda al Registro Nacional de Poblaci\u00f3n, a la Guardia Nacional y a la Secretar\u00eda de Seguridad y Protecci\u00f3n Ciudadana, as\u00ed como al representante que asigne la Conferencia Nacional de Procuraci\u00f3n de Justicia.<\/p>\n\n\n\n<p>Adem\u00e1s, plantea la creaci\u00f3n de la Carpeta Nacional de Personas Desaparecidas y No Localizadas, donde las autoridades competentes deber\u00e1n integrar la informaci\u00f3n correspondiente, a la brevedad, para iniciar con celeridad el proceso de b\u00fasqueda.<\/p>\n\n\n\n<p>La iniciativa dispone la generaci\u00f3n de la Ficha de B\u00fasqueda (f\u00edsica y digital) con los datos esenciales de la persona reportada como desaparecida o no localizada, as\u00ed como con el n\u00famero de folio asignado por el Registro Nacional de Personas Desaparecidas y No Localizadas, con el prop\u00f3sito de eficientar su b\u00fasqueda y ser difundida por todos los medios disponibles.<\/p>\n\n\n\n<p>Adem\u00e1s, incluye la obligaci\u00f3n de las instituciones que tengan cuerpos o restos humanos a mantener actualizados los registros sistematizados con la informaci\u00f3n forense de los mismos, adem\u00e1s de remitir esos datos al Banco Nacional de Datos Forenses y permitir su consulta por las instituciones encargadas de la b\u00fasqueda de personas desaparecidas.<\/p>\n\n\n\n<p>Se establece la obligaci\u00f3n de los servicios periciales y forenses, con un cuerpo en resguardo, a practicar pruebas dactilares y gen\u00e9ticas para su identificaci\u00f3n, as\u00ed como registrar los resultados en el Banco Nacional de Datos Forenses.<\/p>\n\n\n\n<p>En los art\u00edculos transitorios, el proyecto propone que la Secretar\u00eda de Gobernaci\u00f3n y la Agencia de Transformaci\u00f3n Digital y Telecomunicaciones desarrollen la Plataforma \u00danica de Identidad, la cual permitir\u00e1 b\u00fasquedas exhaustivas, optimizadas y en tiempo real, a trav\u00e9s de la Clave \u00danica de Registro de Poblaci\u00f3n (CURP).<\/p>\n\n\n\n<p>Del mismo modo, la Secretar\u00eda de Gobernaci\u00f3n deber\u00e1 establecer el Programa de Integraci\u00f3n al Registro Nacional de Poblaci\u00f3n de los datos biom\u00e9tricos de ni\u00f1as, ni\u00f1os y adolescentes.<\/p>\n\n\n\n<figure class=\"wp-block-embed\"><div class=\"wp-block-embed__wrapper\">\nhttps:\/\/aristeguinoticias.com\/310325\/mexico\/propone-sheinbaum-que-gobierno-tenga-acceso-a-todos-los-datos-biometricos-del-pais\n<\/div><\/figure>\n\n\n\n<p><\/p>\n","protected":false},"excerpt":{"rendered":"<p>Este lunes envi\u00f3 al Senado de la Rep\u00fablica la reforma que pretende mejorar la b\u00fasqueda de personas desaparecidas. Tomado de Aristegui Noticias Redacci\u00f3n AN\/ SBH Lunes 31 de marzo de 2025 La presidenta de M\u00e9xico, Claudia Sheinbaum, envi\u00f3 al Senado de la Rep\u00fablica la iniciativa de reforma para combatir la desaparici\u00f3n de personas. El documento [&hellip;]<\/p>\n","protected":false},"author":1,"featured_media":26549,"comment_status":"open","ping_status":"open","sticky":false,"template":"","format":"standard","meta":{"content-type":"","footnotes":""},"categories":[3,115,105,113],"tags":[],"class_list":{"0":"post-26548","1":"post","2":"type-post","3":"status-publish","4":"format-standard","5":"has-post-thumbnail","7":"category-mexico","8":"category-politica","9":"category-principal","10":"category-seguridad"},"_links":{"self":[{"href":"https:\/\/www.regioncuatronoticias.com\/index.php\/wp-json\/wp\/v2\/posts\/26548","targetHints":{"allow":["GET"]}}],"collection":[{"href":"https:\/\/www.regioncuatronoticias.com\/index.php\/wp-json\/wp\/v2\/posts"}],"about":[{"href":"https:\/\/www.regioncuatronoticias.com\/index.php\/wp-json\/wp\/v2\/types\/post"}],"author":[{"embeddable":true,"href":"https:\/\/www.regioncuatronoticias.com\/index.php\/wp-json\/wp\/v2\/users\/1"}],"replies":[{"embeddable":true,"href":"https:\/\/www.regioncuatronoticias.com\/index.php\/wp-json\/wp\/v2\/comments?post=26548"}],"version-history":[{"count":1,"href":"https:\/\/www.regioncuatronoticias.com\/index.php\/wp-json\/wp\/v2\/posts\/26548\/revisions"}],"predecessor-version":[{"id":26550,"href":"https:\/\/www.regioncuatronoticias.com\/index.php\/wp-json\/wp\/v2\/posts\/26548\/revisions\/26550"}],"wp:featuredmedia":[{"embeddable":true,"href":"https:\/\/www.regioncuatronoticias.com\/index.php\/wp-json\/wp\/v2\/media\/26549"}],"wp:attachment":[{"href":"https:\/\/www.regioncuatronoticias.com\/index.php\/wp-json\/wp\/v2\/media?parent=26548"}],"wp:term":[{"taxonomy":"category","embeddable":true,"href":"https:\/\/www.regioncuatronoticias.com\/index.php\/wp-json\/wp\/v2\/categories?post=26548"},{"taxonomy":"post_tag","embeddable":true,"href":"https:\/\/www.regioncuatronoticias.com\/index.php\/wp-json\/wp\/v2\/tags?post=26548"}],"curies":[{"name":"wp","href":"https:\/\/api.w.org\/{rel}","templated":true}]}}