{"id":26545,"date":"2025-03-31T23:54:04","date_gmt":"2025-04-01T06:54:04","guid":{"rendered":"https:\/\/www.regioncuatronoticias.com\/?p=26545"},"modified":"2025-03-31T23:54:07","modified_gmt":"2025-04-01T06:54:07","slug":"hoy-entra-en-vigor-el-subsidio-a-tarifas-electricas","status":"publish","type":"post","link":"https:\/\/www.regioncuatronoticias.com\/index.php\/2025\/03\/31\/hoy-entra-en-vigor-el-subsidio-a-tarifas-electricas\/","title":{"rendered":"Hoy entra en vigor el subsidio a tarifas el\u00e9ctricas"},"content":{"rendered":"\n<p><strong>Columna El Zancudo<\/strong><\/p>\n\n\n\n<p><strong>Arturo Soto Mungu\u00eda<\/strong><\/p>\n\n\n\n<p><strong>Martes 1 de abril de 2025<\/strong><\/p>\n\n\n\n<p><strong>Hoy entra en vigor el subsidio a tarifas el\u00e9ctricas<\/strong><\/p>\n\n\n\n<p>Ya lleg\u00f3 el tiempo en que los sonorenses solemos andar con el Jes\u00fas en la boca esperando con m\u00e1s incertidumbre que esperanzas el recibo del consumo de energ\u00eda el\u00e9ctrica, que en el verano suele ser m\u00e1s temible que el \u2018Cochiloco\u2019 con un \u2018cuerno de chivo\u2019.<\/p>\n\n\n\n<p>&nbsp;Sol\u00edamos, corrijo. Porque a partir de este martes primero de abril, por segundo a\u00f1o consecutivo entrar\u00e1 en vigor la tarifa subsidiada, una gesti\u00f3n del gobernador Alfonso Durazo ante el gobierno federal y especialmente ante la Comisi\u00f3n Federal de Electricidad.<\/p>\n\n\n\n<p>&nbsp;Hasta el 2023 la tarifa entraba en vigor en mayo, cuando las temperaturas ya rebasan los 38 grados y pueden llegar a los 45. No solo se ampli\u00f3 el periodo de subsidio, sino tambi\u00e9n los rangos de beneficio y en todos los municipios de la entidad, lo que no ocurr\u00eda antes.<\/p>\n\n\n\n<p>&nbsp;En aquel 2023, el subsidio se aplicaba en el rango de consumo de 1 a 300 kilowatts hora, con un costo de 0.803 pesos, pero ya se extendi\u00f3 a un rango de 1 a mil 200 Kwh por el mismo costo, y en los consumos m\u00e1s altos (de mil 200 a 2 mil 500 kwh) se aplica un cobro de 0.996 pesos, mientras que en consumos superiores a 2 mil 500 kwh&nbsp; se genera un cobro por excedente de 3.833 pesos.<\/p>\n\n\n\n<p>&nbsp;As\u00ed, la tarifa 1F se aplicar\u00e1 en todos los municipios desde el 1 de abril hasta el 31 de octubre, prolongando el subsidio de verano un mes m\u00e1s.<\/p>\n\n\n\n<p><strong>&nbsp;II<\/strong><\/p>\n\n\n\n<p>Se desat\u00f3 fuerte la pol\u00e9mica en el arranque de campa\u00f1a de los y las candidatas a ocupar un cargo en el Poder Judicial de la Federaci\u00f3n y en el de los estados, as\u00ed como en los tribunales electorales.<\/p>\n\n\n\n<p>&nbsp;Y es que, como lo consignamos ayer aqu\u00ed, durante la gira por Bavispe, la presidenta Claudia Sheinbaum dedic\u00f3 parte de su discurso a alimentar la narrativa que urge a relevar a una parte de los actuales jueces, magistrados y ministros, llamando a la gente a participar en este proceso, cuando el INE emiti\u00f3 una prohibici\u00f3n a los funcionarios p\u00fablicos que les impide realizar actos de proselitismo o posicionarse a favor o en contra de alg\u00fan candidato, a prop\u00f3sito&nbsp; la elecci\u00f3n judicial que se llevar\u00e1 a cabo el pr\u00f3ximo 1 de junio.<\/p>\n\n\n\n<p>&nbsp;Sheinbaum dijo que no ha sido notificada sobre esa prohibici\u00f3n, y aunque temprano apunt\u00f3 que ella no hac\u00eda proselitismo sino solamente informaba y ten\u00eda la intenci\u00f3n de colaborar con el INE en la difusi\u00f3n del proceso, m\u00e1s tarde sostuvo que acatar\u00e1 la recomendaci\u00f3n del organismo electoral una vez que la reciba.<\/p>\n\n\n\n<p>&nbsp;Por supuesto, pr\u00e1cticamente todos los actores pol\u00edticos tomaron posiciones al respecto y a querer y no, mientras se dirime la controversia, el debate servir\u00e1 para darle una m\u00e1xima publicidad al proceso, contribuyendo quiz\u00e1s a levantar las expectativas de participaci\u00f3n ciudadana, que hasta el momento se mantienen muy bajas.<\/p>\n\n\n\n<p>&nbsp;Por cierto, en Sonora ser\u00e1n 50 cargos los que est\u00e9n en disputa y en las redes sociales ya comienzan a circular perfiles acad\u00e9micos y profesionales, curr\u00edculums, nombres y rostros de los hombres y mujeres que buscan un asiento en el Poder Judicial del estado. Hay otros que aspiran a un cargo en el de la federaci\u00f3n y otros m\u00e1s en los tribunales electorales, aunque estos \u00faltimos no ser\u00e1n electos por la v\u00eda del voto, sino designados por el Senado de la Rep\u00fablica.<\/p>\n\n\n\n<p>&nbsp;En esta l\u00f3gica, ayer se llev\u00f3 a cabo la comparecencia de aspirantes a magistrados electorales en varios estados, entre ellos Sonora, ante la Comisi\u00f3n de Justicia de la C\u00e1mara de Senadores. Y pues pa\u2019puras verg\u00fcenzas con el gallo que mandaron\u2026<\/p>\n\n\n\n<p>&nbsp;Y este resulta ser el se\u00f1or Octavio Grijalva V\u00e1zquez, s\u00ed, aquel abogado que se vio envuelto en un esc\u00e1ndalo cuando era visitador itinerante de la Comisi\u00f3n Estatal de los Derechos Humanos al final del oscuro periodo del padrecismo en Sonora, y al mismo tiempo abogado defensor del feminicida Sing Siddharth, un ciudadano indio que asesin\u00f3 brutalmente a la joven hermosillense Priscilla Hern\u00e1ndez en un hotel de Bah\u00eda Kino.<\/p>\n\n\n\n<p>&nbsp;No es el \u00fanico caso pol\u00e9mico en el que se ha visto envuelto, y quiz\u00e1s por eso luci\u00f3 nervioso durante la comparecencia ante los senadores Javier Corral, Carolina Viggiano y Laura Esquivel, a quienes aburri\u00f3 tremendamente con un choro mareador que oblig\u00f3 a Corral a \u2018cortarle el rollo\u2019 antes de que alguno de ellos cayera sobre su mesa en medio de un ronquido.<\/p>\n\n\n\n<p>Si quieren ver la abrupta interrupci\u00f3n de su intervenci\u00f3n, pueden hacerlo en este link https:\/\/t.co\/MmtBpLWh6S por ah\u00ed del minuto 19.<\/p>\n\n\n\n<p>&nbsp;Si los senadores de la Comisi\u00f3n revisan el historial de este personaje se van a llevar algunas sorpresas que incluyen litigios, demandas, asuntos penales y se\u00f1alamientos por desv\u00edo de recursos p\u00fablicos, lo que no parecen buenas cartas credenciales para alguien que aspira a impartir justicia, en este caso, electoral.<\/p>\n\n\n\n<p>&nbsp;Veremos qu\u00e9 deciden en la Comisi\u00f3n, y luego en el pleno.<\/p>\n\n\n\n<p>&nbsp;Mientras tanto, hay que irse acostumbrando a ver en los pr\u00f3ximos d\u00edas muchos rostros, algunos completamente desconocidos, otros no tanto y unos m\u00e1s que han tenido buena exposici\u00f3n medi\u00e1tica por los cargos que han ocupado.<\/p>\n\n\n\n<p>&nbsp;Tal es el caso, por ejemplo, de Pavel N\u00fa\u00f1ez, que busca el cargo de Magistrado del Tribunal Colegido en Materias Penal y Administrativa del Quinto Circuito en el estado de Sonora.<\/p>\n\n\n\n<p>&nbsp;Pavel ha ocupado varios cargos importantes, entre ellos la direcci\u00f3n Jur\u00eddica del Congreso del Estado y la delegaci\u00f3n de la FGR en Sonora. Es doctorado en derecho penal, tiene una maestr\u00eda en derecho procesal, una especialidad en juicios orales y un diplomado en derecho procesal.<\/p>\n\n\n\n<p>&nbsp;O sea, trae con queso, como se dice coloquialmente.<\/p>\n\n\n\n<p><strong>&nbsp;III<\/strong><\/p>\n\n\n\n<p>El domingo por la noche que llegamos de la cobertura de la gira presidencial por Bavispe, nos toc\u00f3 presenciar un fiest\u00f3n marca \u2018Acme\u2019 en la Plaza Zaragoza. Sab\u00edamos que esa tarde se llevar\u00eda a cabo el Taco Fest 2025, pero no sab\u00edamos que el To\u00f1o Astiazar\u00e1n la iba a \u2018sacar del cuadro\u2019 de esa manera.<\/p>\n\n\n\n<p>&nbsp;Aquello fue un exitazo que disfrutaron m\u00e1s de 18 mil hermosillenses que se dieron cita para hincarle el diente a la amplia oferta en la que no solo hubo tacos de asada y al pastor; dorados y sudados, sino tambi\u00e9n lorenzas, burros percherones y hasta dogos, en medio de un ambiente de fiesta y m\u00fasica.<\/p>\n\n\n\n<p>Desde luego, hubo premiaci\u00f3n de los mejores tacos y est\u00edmulos como al que se hicieron acreedores los ganadores del concurso de taco de carne asada y taco de trompo al pastor, y que consiste en un espacio para instalarse en la pr\u00f3xima edici\u00f3n del Festival del Globo.<\/p>\n\n\n\n<p>&nbsp;Bien ah\u00ed.<\/p>\n\n\n\n<p><strong>&nbsp;Tambi\u00e9n me puedes seguir en X: @Chaposoto<\/strong><\/p>\n\n\n\n<p><strong>Visita www.elzancudo.com.mx<\/strong><\/p>\n","protected":false},"excerpt":{"rendered":"<p>Columna El Zancudo Arturo Soto Mungu\u00eda Martes 1 de abril de 2025 Hoy entra en vigor el subsidio a tarifas el\u00e9ctricas Ya lleg\u00f3 el tiempo en que los sonorenses solemos andar con el Jes\u00fas en la boca esperando con m\u00e1s incertidumbre que esperanzas el recibo del consumo de energ\u00eda el\u00e9ctrica, que en el verano suele [&hellip;]<\/p>\n","protected":false},"author":1,"featured_media":26546,"comment_status":"open","ping_status":"open","sticky":false,"template":"","format":"standard","meta":{"content-type":"","footnotes":""},"categories":[125],"tags":[],"class_list":{"0":"post-26545","1":"post","2":"type-post","3":"status-publish","4":"format-standard","5":"has-post-thumbnail","7":"category-arturo-soto-munguia"},"_links":{"self":[{"href":"https:\/\/www.regioncuatronoticias.com\/index.php\/wp-json\/wp\/v2\/posts\/26545","targetHints":{"allow":["GET"]}}],"collection":[{"href":"https:\/\/www.regioncuatronoticias.com\/index.php\/wp-json\/wp\/v2\/posts"}],"about":[{"href":"https:\/\/www.regioncuatronoticias.com\/index.php\/wp-json\/wp\/v2\/types\/post"}],"author":[{"embeddable":true,"href":"https:\/\/www.regioncuatronoticias.com\/index.php\/wp-json\/wp\/v2\/users\/1"}],"replies":[{"embeddable":true,"href":"https:\/\/www.regioncuatronoticias.com\/index.php\/wp-json\/wp\/v2\/comments?post=26545"}],"version-history":[{"count":1,"href":"https:\/\/www.regioncuatronoticias.com\/index.php\/wp-json\/wp\/v2\/posts\/26545\/revisions"}],"predecessor-version":[{"id":26547,"href":"https:\/\/www.regioncuatronoticias.com\/index.php\/wp-json\/wp\/v2\/posts\/26545\/revisions\/26547"}],"wp:featuredmedia":[{"embeddable":true,"href":"https:\/\/www.regioncuatronoticias.com\/index.php\/wp-json\/wp\/v2\/media\/26546"}],"wp:attachment":[{"href":"https:\/\/www.regioncuatronoticias.com\/index.php\/wp-json\/wp\/v2\/media?parent=26545"}],"wp:term":[{"taxonomy":"category","embeddable":true,"href":"https:\/\/www.regioncuatronoticias.com\/index.php\/wp-json\/wp\/v2\/categories?post=26545"},{"taxonomy":"post_tag","embeddable":true,"href":"https:\/\/www.regioncuatronoticias.com\/index.php\/wp-json\/wp\/v2\/tags?post=26545"}],"curies":[{"name":"wp","href":"https:\/\/api.w.org\/{rel}","templated":true}]}}