{"id":26533,"date":"2025-03-31T23:30:04","date_gmt":"2025-04-01T06:30:04","guid":{"rendered":"https:\/\/www.regioncuatronoticias.com\/?p=26533"},"modified":"2025-03-31T23:38:41","modified_gmt":"2025-04-01T06:38:41","slug":"endeble-el-decreto-de-sheinbaum-para-congelar-edad-de-jubilacion-villanueva","status":"publish","type":"post","link":"https:\/\/www.regioncuatronoticias.com\/index.php\/2025\/03\/31\/endeble-el-decreto-de-sheinbaum-para-congelar-edad-de-jubilacion-villanueva\/","title":{"rendered":"Endeble, el decreto de Sheinbaum para &#8220;congelar&#8221; edad de jubilaci\u00f3n: Villanueva"},"content":{"rendered":"\n<p><strong>La presidenta Claudia Sheinbaum anunci\u00f3 la firma de diversos decretos para beneficiar a los trabajadores del Estado, principalmente, al gremio magisterial jubilado y pensionado entre los que se incluy\u00f3 una medida para congelar la edad m\u00ednima para jubilarse en 58 a\u00f1os para hombres y 56 para mujeres.<\/strong><\/p>\n\n\n\n<p>Tomado de Proceso<\/p>\n\n\n\n<p>Diana Lastiri<\/p>\n\n\n\n<p>Lunes 31 de marzo de 2025<\/p>\n\n\n\n<p>CIUDAD DE M\u00c9XICO (apro).-El anuncio de la presidenta Claudia Sheinbaum de firmar un decreto para \u201ccongelar\u201d la edad para jubilarse por la Ley del ISSSTE, es una declaraci\u00f3n pol\u00edtica ante las exigencias de la Coordinadora Nacional de Trabajadores de la Educaci\u00f3n (CNTE).<\/p>\n\n\n\n<p>As\u00ed lo consider\u00f3 Ernesto Villanueva, investigador del Instituto de Investigaciones Jur\u00eddicas (IIJ) de la UNAM, quien explic\u00f3 que la medida no es definitiva y puede ser revocada en cualquier momento porque no se trata de una reforma constitucional ni a la Ley del ISSSTE.<\/p>\n\n\n\n<p>&nbsp;\u201cYo creo que m\u00e1s bien es una declaraci\u00f3n de un acuerdo pol\u00edtico, pero as\u00ed como lo hace el d\u00eda de ma\u00f1ana lo puede cambiar y puede poner otro porque los decretos son la norma jur\u00eddica m\u00e1s endeble dentro del marco jur\u00eddico mexicano porque pueden ser reformados e incluso abrogados libremente por quien los emiti\u00f3, en este caso, por la Presidenta de la Rep\u00fablica\u201d, coment\u00f3 en entrevista para Proceso.<\/p>\n\n\n\n<p>\u201cEs simplemente una declaraci\u00f3n de intenciones, que es lo que podr\u00edamos decir jur\u00eddicamente\u201d.<\/p>\n\n\n\n<p>Durante su conferencia matutina de este lunes, la presidenta Claudia Sheinbaum anunci\u00f3 la firma de diversos decretos para beneficiar a los trabajadores del Estado, principalmente, al gremio magisterial jubilado y pensionado entre los que se incluy\u00f3 una medida para congelar la edad m\u00ednima para jubilarse en 58 a\u00f1os para los hombres y 56 para las mujeres que a\u00fan se encuentran en el r\u00e9gimen solidario de la Ley del ISSSTE.<\/p>\n\n\n\n<p>Por ello, el doctor en Derecho refiri\u00f3 que para que la medida establecida por la mandataria federal sea menos \u201cendeble\u201d, tanto la Ley del ISSSTE como la Constituci\u00f3n, que establecen que la edad m\u00ednima para jubilarse aumenta cada dos a\u00f1os, deben ser sometidos a un proceso de reforma.<\/p>\n\n\n\n<p>Es decir, que la presidenta Sheinbaum tendr\u00eda que enviar una iniciativa al Congreso para que este discuta y apruebe la modificaci\u00f3n legal.<\/p>\n\n\n\n<p>\u201cEl Ejecutivo no puede derogar art\u00edculos de una ley, tiene la facultad de presentar una iniciativa de ley que tiene que pasar por el Congreso porque, de otro modo, ser\u00eda un acto carente de motivaci\u00f3n y fundamentaci\u00f3n porque en las atribuciones de la Presidencia de la Rep\u00fablica no hay nada relacionado con reducir la edad para ser merecedor de una pensi\u00f3n o una jubilaci\u00f3n\u201d, abund\u00f3.<\/p>\n\n\n\n<p><a href=\"https:\/\/www.proceso.com.mx\/nacional\/2025\/3\/31\/endeble-el-decreto-de-sheinbaum-para-congelar-edad-de-jubilacion-villanueva-348455.html\">https:\/\/www.proceso.com.mx\/nacional\/2025\/3\/31\/endeble-el-decreto-de-sheinbaum-para-congelar-edad-de-jubilacion-villanueva-348455.html<\/a><\/p>\n","protected":false},"excerpt":{"rendered":"<p>La presidenta Claudia Sheinbaum anunci\u00f3 la firma de diversos decretos para beneficiar a los trabajadores del Estado, principalmente, al gremio magisterial jubilado y pensionado entre los que se incluy\u00f3 una medida para congelar la edad m\u00ednima para jubilarse en 58 a\u00f1os para hombres y 56 para mujeres. Tomado de Proceso Diana Lastiri Lunes 31 de [&hellip;]<\/p>\n","protected":false},"author":1,"featured_media":26534,"comment_status":"open","ping_status":"open","sticky":false,"template":"","format":"standard","meta":{"content-type":"","footnotes":""},"categories":[3,115],"tags":[],"class_list":{"0":"post-26533","1":"post","2":"type-post","3":"status-publish","4":"format-standard","5":"has-post-thumbnail","7":"category-mexico","8":"category-politica"},"_links":{"self":[{"href":"https:\/\/www.regioncuatronoticias.com\/index.php\/wp-json\/wp\/v2\/posts\/26533","targetHints":{"allow":["GET"]}}],"collection":[{"href":"https:\/\/www.regioncuatronoticias.com\/index.php\/wp-json\/wp\/v2\/posts"}],"about":[{"href":"https:\/\/www.regioncuatronoticias.com\/index.php\/wp-json\/wp\/v2\/types\/post"}],"author":[{"embeddable":true,"href":"https:\/\/www.regioncuatronoticias.com\/index.php\/wp-json\/wp\/v2\/users\/1"}],"replies":[{"embeddable":true,"href":"https:\/\/www.regioncuatronoticias.com\/index.php\/wp-json\/wp\/v2\/comments?post=26533"}],"version-history":[{"count":1,"href":"https:\/\/www.regioncuatronoticias.com\/index.php\/wp-json\/wp\/v2\/posts\/26533\/revisions"}],"predecessor-version":[{"id":26535,"href":"https:\/\/www.regioncuatronoticias.com\/index.php\/wp-json\/wp\/v2\/posts\/26533\/revisions\/26535"}],"wp:featuredmedia":[{"embeddable":true,"href":"https:\/\/www.regioncuatronoticias.com\/index.php\/wp-json\/wp\/v2\/media\/26534"}],"wp:attachment":[{"href":"https:\/\/www.regioncuatronoticias.com\/index.php\/wp-json\/wp\/v2\/media?parent=26533"}],"wp:term":[{"taxonomy":"category","embeddable":true,"href":"https:\/\/www.regioncuatronoticias.com\/index.php\/wp-json\/wp\/v2\/categories?post=26533"},{"taxonomy":"post_tag","embeddable":true,"href":"https:\/\/www.regioncuatronoticias.com\/index.php\/wp-json\/wp\/v2\/tags?post=26533"}],"curies":[{"name":"wp","href":"https:\/\/api.w.org\/{rel}","templated":true}]}}