{"id":26518,"date":"2025-03-31T23:08:03","date_gmt":"2025-04-01T06:08:03","guid":{"rendered":"https:\/\/www.regioncuatronoticias.com\/?p=26518"},"modified":"2025-03-31T23:08:06","modified_gmt":"2025-04-01T06:08:06","slug":"estalla-una-crisis-de-ninos-macheteros-jovenes-agresores-en-sonora","status":"publish","type":"post","link":"https:\/\/www.regioncuatronoticias.com\/index.php\/2025\/03\/31\/estalla-una-crisis-de-ninos-macheteros-jovenes-agresores-en-sonora\/","title":{"rendered":"Estalla una crisis de ni\u00f1os \u201cmacheteros\u201d; j\u00f3venes agresores en Sonora"},"content":{"rendered":"\n<p><strong>Menores de edad, integrantes de la pandilla Hermosillo Pueblitos Locos, atacan s\u00f3lo por pasar por su barrio; publican videos del ataque<\/strong><\/p>\n\n\n\n<p>Tomado de Excelsior<\/p>\n\n\n\n<p>Daniel S\u00e1nchez D\u00f3rame<\/p>\n\n\n\n<p>Lunes 31 de marzo de 2025<\/p>\n\n\n\n<p>En la capital de Sonora se report\u00f3 nuevamente una crisis por personas que atacan a otros con machetes en los barrios, pero a diferencia de ocasiones pasadas donde los ataques cesaron con polic\u00edas utilizando fuerza letal contra adultos apodados los \u201cmacheteros\u201d; ahora los atacantes son menores de edad, en pubertad e incluso ni\u00f1os que arremeten contra otros j\u00f3venes y adultos.<\/p>\n\n\n\n<p>La crisis estall\u00f3 a principios de semana cuando, a trav\u00e9s de redes sociales, los mismos j\u00f3venes pertenecientes a la pandilla Hermosillo Pueblitos Locos, comenzaron a publicar videos de sus ataques a estudiantes de secundaria y adultos que fueron atacados por pasar por su barrio.<\/p>\n\n\n\n<p>Las autoridades, trataron de minimizar la crisis al asegurar que los menores con machetes, pistola o arma blanca, estaban causando da\u00f1os en veh\u00edculos; a pesar de que en los videos se les ve golpeando y macheteando a personas.<\/p>\n\n\n\n<p>Como se confirma horas despu\u00e9s, cuando un nuevo video mostr\u00f3 a los adolescentes, de 15 y 17 a\u00f1os de edad, macheteando sin piedad a un adulto que cubierto de sangre y con su cabeza y manos heridas por cortes del machete, clamaba piedad por su vida.<\/p>\n\n\n\n<p>Vecinos de los barrios Privadas del Real y Pueblitos narraron a Exc\u00e9lsior que esta semana hubo al menos cuatro cr\u00edmenes, una v\u00edctima asesinada a machetazos, otro a balazos, uno con golpes de piedras y otro difunto m\u00e1s, saldo de una batalla entre pandillas, donde tambi\u00e9n est\u00e1 involucrado el crimen organizado a trav\u00e9s del grupo delictivo Los Salazar que antes trabajaban para el C\u00e1rtel de Sinaloa que ahora est\u00e1n en pugna con una c\u00e9lula de reciente creaci\u00f3n autodenominada los Matasalas, af\u00edn de la facci\u00f3n de La Chapiza, de los hijos del Chapo Guzm\u00e1n.<\/p>\n\n\n\n<p>Dos menores de edad, los protagonistas de los videos, entre varios otros menores que participaron en las agresiones, fueron detenidos por la polic\u00eda municipal y puestos a disposici\u00f3n de la Fiscal\u00eda de Justicia, pero Jes\u00fas Acu\u00f1a Griego, titular del Poder Judicial estatal, inform\u00f3 que a pesar de la gravedad de sus cr\u00edmenes los j\u00f3venes solamente alcanzan sentencias m\u00e1ximas de seis a\u00f1os en el Instituto de Tratamiento de Aplicaci\u00f3n de Medidas para Adolescentes.<\/p>\n\n\n\n<p>Este s\u00e1bado la polic\u00eda municipal inform\u00f3 de otros dos j\u00f3venes, menores de edad, de 16 y 15 a\u00f1os, que fueron arrestados por el delito de portaci\u00f3n de arma prohibida, una manopla de acero y un machete de 40 cent\u00edmetros de longitud, cuando caminaban portando por las calles P\u00f3tam y Rep\u00fablica de Colombia de la colonia La Misi\u00f3n.<\/p>\n\n\n\n<p>En Hermosillo, en el a\u00f1o 2015, hubo otra crisis de inseguridad conocida como los \u201cmacheteros\u201d, donde adultos iban por las calles con machetes para defenderse o perpetrar ataques, en aquella ocasi\u00f3n hubo varios desencuentros entre sospechosos que arremetieron con el machete contra polic\u00edas, pero el problema termin\u00f3 cuando el fiscal de Justicia autoriz\u00f3 a los agentes que en estos casos utilizaran sus armas de carga y dispararon contra el atacante, varios \u201cmacheteros\u201d tuvieron que morir para que terminara el problema.<\/p>\n\n\n\n<p>En la crisis de los menores de edad que atacan con machete a otros j\u00f3venes y adultos, la sociedad se ha preguntado d\u00f3nde est\u00e1n sus padres; en diversas entrevistas los padres de Karim, el menor que en los videos se observa siendo el protagonista de los ataques, salieron a declarar que van a denunciar penalmente a todos los medios de comunicaci\u00f3n que han exhibido la imagen y el nombre de su hijo.<\/p>\n\n\n\n<p><a href=\"https:\/\/www.excelsior.com.mx\/nacional\/estalla-crisis-de-ninos-macheteros-en-sonora\/1707837\">https:\/\/www.excelsior.com.mx\/nacional\/estalla-crisis-de-ninos-macheteros-en-sonora\/1707837<\/a><\/p>\n","protected":false},"excerpt":{"rendered":"<p>Menores de edad, integrantes de la pandilla Hermosillo Pueblitos Locos, atacan s\u00f3lo por pasar por su barrio; publican videos del ataque Tomado de Excelsior Daniel S\u00e1nchez D\u00f3rame Lunes 31 de marzo de 2025 En la capital de Sonora se report\u00f3 nuevamente una crisis por personas que atacan a otros con machetes en los barrios, pero [&hellip;]<\/p>\n","protected":false},"author":1,"featured_media":26519,"comment_status":"open","ping_status":"open","sticky":false,"template":"","format":"standard","meta":{"content-type":"","footnotes":""},"categories":[105,113,9],"tags":[],"class_list":{"0":"post-26518","1":"post","2":"type-post","3":"status-publish","4":"format-standard","5":"has-post-thumbnail","7":"category-principal","8":"category-seguridad","9":"category-sonora"},"_links":{"self":[{"href":"https:\/\/www.regioncuatronoticias.com\/index.php\/wp-json\/wp\/v2\/posts\/26518","targetHints":{"allow":["GET"]}}],"collection":[{"href":"https:\/\/www.regioncuatronoticias.com\/index.php\/wp-json\/wp\/v2\/posts"}],"about":[{"href":"https:\/\/www.regioncuatronoticias.com\/index.php\/wp-json\/wp\/v2\/types\/post"}],"author":[{"embeddable":true,"href":"https:\/\/www.regioncuatronoticias.com\/index.php\/wp-json\/wp\/v2\/users\/1"}],"replies":[{"embeddable":true,"href":"https:\/\/www.regioncuatronoticias.com\/index.php\/wp-json\/wp\/v2\/comments?post=26518"}],"version-history":[{"count":1,"href":"https:\/\/www.regioncuatronoticias.com\/index.php\/wp-json\/wp\/v2\/posts\/26518\/revisions"}],"predecessor-version":[{"id":26520,"href":"https:\/\/www.regioncuatronoticias.com\/index.php\/wp-json\/wp\/v2\/posts\/26518\/revisions\/26520"}],"wp:featuredmedia":[{"embeddable":true,"href":"https:\/\/www.regioncuatronoticias.com\/index.php\/wp-json\/wp\/v2\/media\/26519"}],"wp:attachment":[{"href":"https:\/\/www.regioncuatronoticias.com\/index.php\/wp-json\/wp\/v2\/media?parent=26518"}],"wp:term":[{"taxonomy":"category","embeddable":true,"href":"https:\/\/www.regioncuatronoticias.com\/index.php\/wp-json\/wp\/v2\/categories?post=26518"},{"taxonomy":"post_tag","embeddable":true,"href":"https:\/\/www.regioncuatronoticias.com\/index.php\/wp-json\/wp\/v2\/tags?post=26518"}],"curies":[{"name":"wp","href":"https:\/\/api.w.org\/{rel}","templated":true}]}}