{"id":26504,"date":"2025-03-31T22:31:27","date_gmt":"2025-04-01T05:31:27","guid":{"rendered":"https:\/\/www.regioncuatronoticias.com\/?p=26504"},"modified":"2025-03-31T22:31:30","modified_gmt":"2025-04-01T05:31:30","slug":"se-logra-subsidio-de-energia-electrica-a-partir-de-este-1-de-abril","status":"publish","type":"post","link":"https:\/\/www.regioncuatronoticias.com\/index.php\/2025\/03\/31\/se-logra-subsidio-de-energia-electrica-a-partir-de-este-1-de-abril\/","title":{"rendered":"Se logra subsidio de energ\u00eda el\u00e9ctrica a partir de este 1 de abril"},"content":{"rendered":"\n<p><strong>-Como seguimiento a las gestiones realizadas por el gobernador Alfonso Durazo Monta\u00f1o para la firma del convenio con la CFE, a partir de este 1 de abril se aplicar\u00e1 en todo Sonora la tarifa 1F, que representa un mayor consumo de kilowatts a menor costo, durante el periodo que comprende del 1 de abril al 31 de octubre.<\/strong><\/p>\n\n\n\n<p>Hermosillo, Sonora; 31 de marzo de 2025.- Como resultado del compromiso del gobernador Alfonso Durazo Monta\u00f1o con la econom\u00eda de las familias sonorenses, a partir del martes 1 de abril entra en vigor el subsidio a la tarifa de energ\u00eda el\u00e9ctrica, luego de las gestiones realizadas para la firma del convenio con la Comisi\u00f3n Federal de Electricidad (CFE), el cual ampl\u00eda el periodo del beneficio a siete meses cada a\u00f1o.<\/p>\n\n\n\n<p>El gobernador Alfonso Durazo Monta\u00f1o destac\u00f3 la importancia de este acuerdo para las y los sonorenses, ya que permite el consumo de m\u00e1s kilowatts a menor costo y responde a una demanda que, durante a\u00f1os, hab\u00eda solicitado la ampliaci\u00f3n del subsidio a todos los municipios del estado, derivado de las altas temperaturas que se registran durante la \u00e9poca de verano.<\/p>\n\n\n\n<p>\u201cDesde el a\u00f1o pasado firmamos un convenio que es fundamental para el bienestar de las familias sonorenses. Este beneficio ayudar\u00e1 a reducir el impacto econ\u00f3mico del consumo de energ\u00eda en los meses de mayor calor\u201d, expres\u00f3.<\/p>\n\n\n\n<p>La tarifa 1F se aplicar\u00e1 en todos los municipios de la entidad desde el 1 de abril hasta el 31 de octubre, con lo que se prolonga el subsidio de verano por un mes adicional. Adem\u00e1s, se han incrementado los rangos de consumo subsidiado, favoreciendo a miles de familias sonorenses.<\/p>\n\n\n\n<p>El gobernador Durazo record\u00f3 que en 2023 el subsidio se aplicaba en el rango de consumo de 1 a 300 kWh, con un costo de 0.803 pesos. Ahora se extiende de 1 a 1,200 kWh por el mismo costo; adem\u00e1s, se elimin\u00f3 el rango de 301 a 1,200 kWh, que ten\u00eda una tarifa extra de 0.996 pesos. A partir de ahora, se aplica un cobro de 0.996 pesos en el rango de consumo de 1,201 a 2,500 kWh, y para consumos superiores a 2,500 kWh, se genera un cobro por excedente de 3.833 pesos.<\/p>\n","protected":false},"excerpt":{"rendered":"<p>-Como seguimiento a las gestiones realizadas por el gobernador Alfonso Durazo Monta\u00f1o para la firma del convenio con la CFE, a partir de este 1 de abril se aplicar\u00e1 en todo Sonora la tarifa 1F, que representa un mayor consumo de kilowatts a menor costo, durante el periodo que comprende del 1 de abril al [&hellip;]<\/p>\n","protected":false},"author":1,"featured_media":26505,"comment_status":"open","ping_status":"open","sticky":false,"template":"","format":"standard","meta":{"content-type":"","footnotes":""},"categories":[114,105,9],"tags":[],"class_list":{"0":"post-26504","1":"post","2":"type-post","3":"status-publish","4":"format-standard","5":"has-post-thumbnail","7":"category-economia","8":"category-principal","9":"category-sonora"},"_links":{"self":[{"href":"https:\/\/www.regioncuatronoticias.com\/index.php\/wp-json\/wp\/v2\/posts\/26504","targetHints":{"allow":["GET"]}}],"collection":[{"href":"https:\/\/www.regioncuatronoticias.com\/index.php\/wp-json\/wp\/v2\/posts"}],"about":[{"href":"https:\/\/www.regioncuatronoticias.com\/index.php\/wp-json\/wp\/v2\/types\/post"}],"author":[{"embeddable":true,"href":"https:\/\/www.regioncuatronoticias.com\/index.php\/wp-json\/wp\/v2\/users\/1"}],"replies":[{"embeddable":true,"href":"https:\/\/www.regioncuatronoticias.com\/index.php\/wp-json\/wp\/v2\/comments?post=26504"}],"version-history":[{"count":1,"href":"https:\/\/www.regioncuatronoticias.com\/index.php\/wp-json\/wp\/v2\/posts\/26504\/revisions"}],"predecessor-version":[{"id":26506,"href":"https:\/\/www.regioncuatronoticias.com\/index.php\/wp-json\/wp\/v2\/posts\/26504\/revisions\/26506"}],"wp:featuredmedia":[{"embeddable":true,"href":"https:\/\/www.regioncuatronoticias.com\/index.php\/wp-json\/wp\/v2\/media\/26505"}],"wp:attachment":[{"href":"https:\/\/www.regioncuatronoticias.com\/index.php\/wp-json\/wp\/v2\/media?parent=26504"}],"wp:term":[{"taxonomy":"category","embeddable":true,"href":"https:\/\/www.regioncuatronoticias.com\/index.php\/wp-json\/wp\/v2\/categories?post=26504"},{"taxonomy":"post_tag","embeddable":true,"href":"https:\/\/www.regioncuatronoticias.com\/index.php\/wp-json\/wp\/v2\/tags?post=26504"}],"curies":[{"name":"wp","href":"https:\/\/api.w.org\/{rel}","templated":true}]}}