{"id":26495,"date":"2025-03-31T22:12:01","date_gmt":"2025-04-01T05:12:01","guid":{"rendered":"https:\/\/www.regioncuatronoticias.com\/?p=26495"},"modified":"2025-03-31T22:12:05","modified_gmt":"2025-04-01T05:12:05","slug":"mexico-vive-una-degradacion-social","status":"publish","type":"post","link":"https:\/\/www.regioncuatronoticias.com\/index.php\/2025\/03\/31\/mexico-vive-una-degradacion-social\/","title":{"rendered":"M\u00e9xico vive una degradaci\u00f3n social"},"content":{"rendered":"\n<p><strong>Columna De Primera Mano<\/strong><\/p>\n\n\n\n<p><strong>Francisco Javier Ruiz Quirr\u00edn<\/strong><\/p>\n\n\n\n<p><strong>M\u00e9xico vive una degradaci\u00f3n social<\/strong><\/p>\n\n\n\n<p><strong>Martes 1 de abril de 2025<\/strong><\/p>\n\n\n\n<p><strong>HACE APENAS<\/strong> unos cuantos a\u00f1os, algunos locutores de programas de radio &nbsp;empezaron a utilizar palabras altisonantes en sus intervenciones al aire.<\/p>\n\n\n\n<p>Qued\u00f3 atr\u00e1s la obligaci\u00f3n de cumplir con una \u00e9tica que se desprend\u00eda de una autorizaci\u00f3n que emit\u00eda el Sindicato de Trabajadores de la Industria de la Radio y la Televisi\u00f3n, previo aprobaci\u00f3n de un examen de conocimientos y habilidades.<\/p>\n\n\n\n<p>Al mismo tiempo, el cine y la televisi\u00f3n promovieron con sus pel\u00edculas y series la violencia, un estado de caos social que el cin\u00e9filo y el televidente absorbieron como parte un uso y costumbre del pa\u00eds donde habita.<\/p>\n\n\n\n<p>Enseguida se presentaron de manera m\u00e1s recurrente los delitos de alto impacto y la extraordinaria difusi\u00f3n en los medios de comunicaci\u00f3n que, aunque obligados a informar, coadyuvaron a que la sociedad perdiera su capacidad de asombro.<\/p>\n\n\n\n<p>Y as\u00ed, poco a poco pero de manera efectiva, la gente comenz\u00f3 a aceptar lo irracional, lo ilegal y lo prohibido por encima de cualquier ley sin que \u00e9sta sea parte de una presencia de la autoridad para obligar a cumplirla.<\/p>\n\n\n\n<p>No solo eso. A estas alturas a nadie extra\u00f1a la complicidad de la autoridad, de los gobernantes, con la delincuencia organizada. Es como una especie de secreto a voces.<\/p>\n\n\n\n<p>Y, finalmente, un ejemplo preclaro de lo que puede considerarse una degradaci\u00f3n social en un M\u00e9xico surrealista que supera cualquier serie violenta de la televisi\u00f3n, la tenemos en el libertinaje mostrado por \u00eddolos musicales y su apolog\u00eda a favor de los jefes de c\u00e1rteles de la droga.<\/p>\n\n\n\n<p>De los \u00faltimos casos, est\u00e1n el de Nathanael Cano y sus \u201cporras\u201d a Joaqu\u00edn \u201cChapo\u201d Guzm\u00e1n en pleno concierto, y la banda sinaloense \u201cLos Alegres del Barranco\u201d que durante su presentaci\u00f3n en Zapopan este domingo, se dieron el lujo de proyectar en la pantalla la imagen de Nemesio Oceguera \u201cEl Mencho\u201d, jefe del C\u00e1rtel Jalisco Nueva Generaci\u00f3n, al interpretar la canci\u00f3n \u201cEl due\u00f1o del palenque\u201d.<\/p>\n\n\n\n<p>Las cr\u00edticas no se han hecho esperar por ambos personajes, pero de ah\u00ed no pasa.<\/p>\n\n\n\n<p>Lo peor de las cosas, es el aplauso del p\u00fablico, que de esa manera demuestra su aceptaci\u00f3n para esas actitudes que en los hechos, deber\u00edan ser sancionadas por una autoridad que est\u00e1 ausente.<\/p>\n\n\n\n<p>Pero no pasa nada.<\/p>\n\n\n\n<p>Debemos admitir que todo este fen\u00f3meno es producto de la sociedad que tenemos ahora en nuestro pa\u00eds.<\/p>\n\n\n\n<p>\u00bfC\u00f3mo oponerse a la voluntad popular de aceptar lo prohibido?<\/p>\n\n\n\n<p><strong>ALGO<\/strong> similar sucede con varios aspirantes a convertirse en jueces, magistradas, magistrados, ministras y ministros del Poder Judicial Federal\u2026 A partir de este domingo \u201carrancaron\u201d las campa\u00f1as de cada uno de ellos para darse a conocer y buscar los votos de la ciudadan\u00eda el pr\u00f3ximo 1 de junio\u2026 Ayer dijimos y hoy lo reiteramos\u2026 En el caso de las tres candidatas del presidente L\u00f3pez Obrador para ser ministras de la Corte \u2013Yasm\u00edn Esquivel, Loretta Ortiz y Lenia Batres-, adem\u00e1s de que ilegalmente han hecho campa\u00f1a desde antes del tiempo establecido, en estos d\u00edas organizaron concentraciones sin ocultar la entrega de tortas, refrescos y algo m\u00e1s en efectivo para sus seguidores\u2026 Pero hay varios casos que hacen el rid\u00edculo al presentar sus promocionales\u2026 Uno de ellos asegura ser \u201cm\u00e1s bueno que el chicharr\u00f3n\u201d y otra m\u00e1s, de nombre Dora, se autoproclam\u00f3 \u201cDora la Transformadora\u201d, emulando la caricatura infantil conocida como \u201cDora la Exploradora\u201d\u2026 Una verdadera tristeza\u2026 Quiz\u00e1 algunas o algunos de ellos alcancen su prop\u00f3sito\u2026 En esta hora cuentan con el apoyo de la gente\u2026 Es el perfil que est\u00e1n \u201cvotando\u201d las mayor\u00edas de \u201cMORENA\u201d\u2026<\/p>\n\n\n\n<p><strong>Y SIGUE<\/strong> la mata dando en cuanto al apoyo del gobierno estatal a Hermosillo, en este caso para garantizar el abasto de agua para el pr\u00f3ximo verano\u2026 La Comisi\u00f3n Estatal del Agua anunci\u00f3 ayer la perforaci\u00f3n de tres pozos m\u00e1s y se ha anunciado que a fines de este mayo empezar\u00e1 a operar el llamado \u201cBy Pass\u201d o una conexi\u00f3n en la tuber\u00eda que mejorar\u00e1 la distribuci\u00f3n del vital l\u00edquido en el norte de la ciudad\u2026 Sin embargo, todo ello est\u00e1 sujeto a la lluvia\u2026 Falta a\u00fan el proyecto a largo plazo que no requiera de \u201cTl\u00e1loc\u201d para garantizar el agua para la sed de la poblaci\u00f3n.<\/p>\n","protected":false},"excerpt":{"rendered":"<p>Columna De Primera Mano Francisco Javier Ruiz Quirr\u00edn M\u00e9xico vive una degradaci\u00f3n social Martes 1 de abril de 2025 HACE APENAS unos cuantos a\u00f1os, algunos locutores de programas de radio &nbsp;empezaron a utilizar palabras altisonantes en sus intervenciones al aire. Qued\u00f3 atr\u00e1s la obligaci\u00f3n de cumplir con una \u00e9tica que se desprend\u00eda de una autorizaci\u00f3n [&hellip;]<\/p>\n","protected":false},"author":1,"featured_media":26496,"comment_status":"open","ping_status":"open","sticky":false,"template":"","format":"standard","meta":{"content-type":"","footnotes":""},"categories":[124],"tags":[],"class_list":{"0":"post-26495","1":"post","2":"type-post","3":"status-publish","4":"format-standard","5":"has-post-thumbnail","7":"category-francisco-javier-ruiz-quirrin"},"_links":{"self":[{"href":"https:\/\/www.regioncuatronoticias.com\/index.php\/wp-json\/wp\/v2\/posts\/26495","targetHints":{"allow":["GET"]}}],"collection":[{"href":"https:\/\/www.regioncuatronoticias.com\/index.php\/wp-json\/wp\/v2\/posts"}],"about":[{"href":"https:\/\/www.regioncuatronoticias.com\/index.php\/wp-json\/wp\/v2\/types\/post"}],"author":[{"embeddable":true,"href":"https:\/\/www.regioncuatronoticias.com\/index.php\/wp-json\/wp\/v2\/users\/1"}],"replies":[{"embeddable":true,"href":"https:\/\/www.regioncuatronoticias.com\/index.php\/wp-json\/wp\/v2\/comments?post=26495"}],"version-history":[{"count":1,"href":"https:\/\/www.regioncuatronoticias.com\/index.php\/wp-json\/wp\/v2\/posts\/26495\/revisions"}],"predecessor-version":[{"id":26497,"href":"https:\/\/www.regioncuatronoticias.com\/index.php\/wp-json\/wp\/v2\/posts\/26495\/revisions\/26497"}],"wp:featuredmedia":[{"embeddable":true,"href":"https:\/\/www.regioncuatronoticias.com\/index.php\/wp-json\/wp\/v2\/media\/26496"}],"wp:attachment":[{"href":"https:\/\/www.regioncuatronoticias.com\/index.php\/wp-json\/wp\/v2\/media?parent=26495"}],"wp:term":[{"taxonomy":"category","embeddable":true,"href":"https:\/\/www.regioncuatronoticias.com\/index.php\/wp-json\/wp\/v2\/categories?post=26495"},{"taxonomy":"post_tag","embeddable":true,"href":"https:\/\/www.regioncuatronoticias.com\/index.php\/wp-json\/wp\/v2\/tags?post=26495"}],"curies":[{"name":"wp","href":"https:\/\/api.w.org\/{rel}","templated":true}]}}