{"id":26486,"date":"2025-03-31T01:58:52","date_gmt":"2025-03-31T08:58:52","guid":{"rendered":"https:\/\/www.regioncuatronoticias.com\/?p=26486"},"modified":"2025-03-31T01:58:56","modified_gmt":"2025-03-31T08:58:56","slug":"una-gira-llena-de-mensajes-politicos","status":"publish","type":"post","link":"https:\/\/www.regioncuatronoticias.com\/index.php\/2025\/03\/31\/una-gira-llena-de-mensajes-politicos\/","title":{"rendered":"Una gira llena de mensajes pol\u00edticos"},"content":{"rendered":"\n<p><strong>Columna El Zancudo<\/strong><\/p>\n\n\n\n<p><strong>Arturo Soto Mungu\u00eda<\/strong><\/p>\n\n\n\n<p><strong>Una gira llena de mensajes pol\u00edticos<\/strong><\/p>\n\n\n\n<p><strong>Lunes 30 de marzo de 2025<\/strong><\/p>\n\n\n\n<p>All\u00e1 donde se pierde la mirada sobre el ocre de los cerros quemados por el sol, un camino de terracer\u00eda serpentea cuesta arriba. Sobre \u00e9l, maquinaria pesada aguarda el banderazo que simboliza el arranque de las obras de construcci\u00f3n de la carretera que facilitar\u00e1 el transporte de personas y mercanc\u00edas en los linderos de Chihuahua y Sonora.<\/p>\n\n\n\n<p>Imposible no estremecerse en la contemplaci\u00f3n del memorial erigido all\u00ed mismo en recuerdo de una familia arteramente asesinada por grupos criminales que&nbsp; operan en ambos estados y que un malhadado d\u00eda confundieron las camionetas en las que viajaban mujeres y ni\u00f1os de la familia LeBar\u00f3n: Langford, Johnson y Miller los apellidos que aparecen en la placa de bronce que recuerda la fat\u00eddica fecha: 4 de noviembre de 2019.<\/p>\n\n\n\n<p>&nbsp;La referencia es obligada porque ense\u00f1a que pese a todo, el pa\u00eds sigue movi\u00e9ndose, el progreso no se detiene y la inversi\u00f3n p\u00fablica en infraestructura apuesta precisamente a la generaci\u00f3n de mejores condiciones para el desarrollo del comercio, la industria, el turismo. Que pese a todo, M\u00e9xico no est\u00e1 derrotado.<\/p>\n\n\n\n<p>&nbsp;La gente comienza a arremolinarse bajo el domo donde esperan la llegada de la presidenta de la Rep\u00fablica, Claudia Sheinbaum y el gobernador Alfonso Durazo y la comitiva que les acompa\u00f1a para inaugurar esta obra que anunci\u00f3 al final de su mandato el presidente Andr\u00e9s Manuel L\u00f3pez Obrador y cuya conclusi\u00f3n encarg\u00f3 de manera especial a su sucesora.<\/p>\n\n\n\n<p>&nbsp;Son 67 kil\u00f3metros en los que se invertir\u00e1n mil 859 millones de pesos para ahorrar 95 minutos en los traslados de Casas Grandes, Chihuahua, a Bavispe, Sonora, y la obra viene a complementar la carretera ya concluida entre Bavispe y Agua Prieta, que a su vez conectar\u00e1 con la que lleva hasta el puerto de Guaymas y que en conjunto forman un complejo carretero que vendr\u00e1 a dinamizar la econom\u00eda de toda la regi\u00f3n, el intercambio comercial y el turismo.<\/p>\n\n\n\n<p>&nbsp;Entre la gente, destaca la presencia de algunas familias menonitas. Sobresalen por sus atuendos peculiares, por su blanqu\u00edsima piel, sus ojos claros y cabellos rubios. Muchos de ellos se encuentran asentados en la comunidad de La Mora, muy cerca de la sede del evento. Tambi\u00e9n habitan otras comunidades de Chihuahua y son famosos por su vocaci\u00f3n por el trabajo en el campo, al que hacen producir con especial ah\u00ednco.<\/p>\n\n\n\n<p>&nbsp;Hasta all\u00ed llega la comitiva presidencial, no sin antes atender a un grupo de manifestantes de Hermosillo y algunos pueblos asentados en las m\u00e1rgenes del R\u00edo Sonora inconformes con el proyecto de construcci\u00f3n de tres presas, una megaobra de siete mil millones de pesos con la que el gobierno federal apuesta a la optimizaci\u00f3n del uso y almacenaje del agua para garantizar el acceso a ese recurso, particularmente escaso en los \u00faltimos a\u00f1os por la sequ\u00eda.<\/p>\n\n\n\n<p>&nbsp;El ambiente es de fiesta bajo el gran domo instalado en medio de la inmensidad del agreste paisaje, muy propio de esa regi\u00f3n en esta \u00e9poca del a\u00f1o.<\/p>\n\n\n\n<p>&nbsp;All\u00ed el gobernador recuerda que desde 1935 un grupo de ciudadanos de Bavispe gestion\u00f3 ante el titular del ejecutivo estatal de la \u00e9poca la construcci\u00f3n de esa carretera. No tuvieron respuesta, salvo la creaci\u00f3n de un fondo de 500 pesos (\u00a1500 pesos!) para que en alg\u00fan momento se llevara a cabo la obra. Nunca sucedi\u00f3. Lo que pas\u00f3 fue que dicho fondo desapareci\u00f3 en 1992. \u201cHagan memoria para saber qu\u00e9 gobierno lo hizo\u201d, dijo.<\/p>\n\n\n\n<p>&nbsp;Y es que el motivo del encuentro fue el arranque de la obra carretera, pero el foro se convirti\u00f3 en un caudal de mensajes pol\u00edticos, uno de los m\u00e1s notables, el decidido reconocimiento al expresidente L\u00f3pez Obrador para no dejar lugar a las dudas sobre la continuidad de su legado, para ahuyentar versiones que instan al deslinde o a una ruptura que evidentemente no suceder\u00e1.<\/p>\n\n\n\n<p>&nbsp;La presidenta no solo no se desmarca, sino que hace la antolog\u00eda de los programas sociales que su antecesor puso en marcha para marcar la diferencia con los gobiernos anteriores bajo la premisa de que \u2018por el bien de todos, primero los pobres\u2019. Habla del humanismo mexicano y llama a AMLO \u201cel mejor presidente que ha tenido M\u00e9xico\u201d. Ha habido otros, dice, como Benito Ju\u00e1rez, Madero, el General L\u00e1zaro C\u00e1rdenas, pero ninguno pudo articular un proyecto de naci\u00f3n que surgi\u00f3 de una revoluci\u00f3n pac\u00edfica y que sigue vigente.<\/p>\n\n\n\n<p>&nbsp;Va m\u00e1s all\u00e1 y alude a la eventual aplicaci\u00f3n de aranceles por parte del gobierno norteamericano a las exportaciones mexicanas, que entrar\u00edan en vigor pasado ma\u00f1ana y que eventualmente podr\u00edan afectar seriamente la econom\u00eda nacional.<\/p>\n\n\n\n<p>\u00bfSaben qui\u00e9n va a salvar a M\u00e9xico?, pregunta. Y se responde: La cuarta transformaci\u00f3n, con sus 800 mil millones de pesos en programas sociales y la inversi\u00f3n en obra p\u00fablica \u201ccomo esta carretera\u201d, cita.<\/p>\n\n\n\n<p>Anuncia tambi\u00e9n que este lunes, durante su conferencia ma\u00f1anera, firmar\u00e1 el decreto para condonar las deudas impagables del magisterio con el Fovissste, para congelar la edad de jubilaci\u00f3n y para otorgar nuevos cr\u00e9ditos en mejores condiciones y facultar al Fovissste para que construya viviendas para maestros y maestras, representados por cierto en un contingente que lleg\u00f3 hasta aquellos&nbsp; parajes para hacerse presentes con sus demandas.<\/p>\n\n\n\n<p>Y ya entrada con los espaldarazos, la presidenta le dej\u00f3 las \u2018paletas\u2019 moradas al gobernador, de quien dijo: \u201ces un gran gobernador, comprometido, trabajador, honesto, que quiere a su pueblo; cada vez que vengo a Sonora tengo el gusto de platicar con \u00e9l, porque es un hombre de mucho conocimiento no solamente de la situaci\u00f3n nacional, de la pol\u00edtica, de la situaci\u00f3n internacional, y siempre es un gusto compartir y llenarse de este di\u00e1logo con los compa\u00f1eros de nuestro movimiento: gracias Alfonso por todo lo que le has dado a Sonora y al movimiento de transformaci\u00f3n\u201d.<\/p>\n\n\n\n<p>&nbsp;T\u00f3mala.<\/p>\n\n\n\n<p>&nbsp;No se detuvo ah\u00ed. Claudia Sheinbaum asumi\u00f3 el papel de promotora de la elecci\u00f3n judicial que se llevar\u00e1 a cabo el primero de junio, llam\u00f3 a l agente a acudir a las urnas, pregunt\u00f3 por la importancia de esta elecci\u00f3n y desde alguna parte del foro un grito le respondi\u00f3 tajante: \u201c\u00a1Porque los que est\u00e1n son bien corruptos!\u201d.<\/p>\n\n\n\n<p>&nbsp;Sheinbaum cerraba as\u00ed su segunda gira por Sonora, ya investida como presidenta. Una gira que comenz\u00f3 en San Luis R\u00edo Colorado donde arranc\u00f3 las obras de construcci\u00f3n de un hospital del IMSS-Bienestar donde se invertir\u00e1n 3 mil 870 millones de pesos para beneficiar a 128 mil derechohabientes.<\/p>\n\n\n\n<p>&nbsp;En ambos casos, en SLRC y en Bavispe, Claudia Sheinbaum se comprometi\u00f3 a regresar para inaugurar las obras que iniciaron este fin de semana.<\/p>\n\n\n\n<p>&nbsp;Y bueno, como en todo foro pol\u00edtico que se respete, no pod\u00edan faltar personajes que definitivamente juegan un papel importante en el calentamiento de la sucesi\u00f3n &nbsp;gubernamental 2027 en Sonora. Por all\u00ed andaban los senadores Lorenia Valles y Heriberto Aguilar, as\u00ed como el diputado federal del PT, Ram\u00f3n Flores repartiendo abrazos y sonrisas.<\/p>\n\n\n\n<p>&nbsp;Muchos, muchos mensajes pol\u00edticos hubo en esta gira. Ya habr\u00e1 m\u00e1s tiempo de abundar en ellos.<\/p>\n\n\n\n<p><strong>&nbsp;Tambi\u00e9n me puedes seguir en X: @Chaposoto<\/strong><\/p>\n\n\n\n<p><strong>Visita www.elzancudo.com.mx<\/strong><\/p>\n","protected":false},"excerpt":{"rendered":"<p>Columna El Zancudo Arturo Soto Mungu\u00eda Una gira llena de mensajes pol\u00edticos Lunes 30 de marzo de 2025 All\u00e1 donde se pierde la mirada sobre el ocre de los cerros quemados por el sol, un camino de terracer\u00eda serpentea cuesta arriba. Sobre \u00e9l, maquinaria pesada aguarda el banderazo que simboliza el arranque de las obras [&hellip;]<\/p>\n","protected":false},"author":1,"featured_media":26487,"comment_status":"open","ping_status":"open","sticky":false,"template":"","format":"standard","meta":{"content-type":"","footnotes":""},"categories":[125],"tags":[],"class_list":{"0":"post-26486","1":"post","2":"type-post","3":"status-publish","4":"format-standard","5":"has-post-thumbnail","7":"category-arturo-soto-munguia"},"_links":{"self":[{"href":"https:\/\/www.regioncuatronoticias.com\/index.php\/wp-json\/wp\/v2\/posts\/26486","targetHints":{"allow":["GET"]}}],"collection":[{"href":"https:\/\/www.regioncuatronoticias.com\/index.php\/wp-json\/wp\/v2\/posts"}],"about":[{"href":"https:\/\/www.regioncuatronoticias.com\/index.php\/wp-json\/wp\/v2\/types\/post"}],"author":[{"embeddable":true,"href":"https:\/\/www.regioncuatronoticias.com\/index.php\/wp-json\/wp\/v2\/users\/1"}],"replies":[{"embeddable":true,"href":"https:\/\/www.regioncuatronoticias.com\/index.php\/wp-json\/wp\/v2\/comments?post=26486"}],"version-history":[{"count":1,"href":"https:\/\/www.regioncuatronoticias.com\/index.php\/wp-json\/wp\/v2\/posts\/26486\/revisions"}],"predecessor-version":[{"id":26488,"href":"https:\/\/www.regioncuatronoticias.com\/index.php\/wp-json\/wp\/v2\/posts\/26486\/revisions\/26488"}],"wp:featuredmedia":[{"embeddable":true,"href":"https:\/\/www.regioncuatronoticias.com\/index.php\/wp-json\/wp\/v2\/media\/26487"}],"wp:attachment":[{"href":"https:\/\/www.regioncuatronoticias.com\/index.php\/wp-json\/wp\/v2\/media?parent=26486"}],"wp:term":[{"taxonomy":"category","embeddable":true,"href":"https:\/\/www.regioncuatronoticias.com\/index.php\/wp-json\/wp\/v2\/categories?post=26486"},{"taxonomy":"post_tag","embeddable":true,"href":"https:\/\/www.regioncuatronoticias.com\/index.php\/wp-json\/wp\/v2\/tags?post=26486"}],"curies":[{"name":"wp","href":"https:\/\/api.w.org\/{rel}","templated":true}]}}