{"id":26480,"date":"2025-03-30T23:54:41","date_gmt":"2025-03-31T06:54:41","guid":{"rendered":"https:\/\/www.regioncuatronoticias.com\/?p=26480"},"modified":"2025-03-30T23:54:43","modified_gmt":"2025-03-31T06:54:43","slug":"rinden-homenaje-a-el-mencho-lider-del-cjng-en-concierto-de-los-alegres-del-barranco-en-jalisco","status":"publish","type":"post","link":"https:\/\/www.regioncuatronoticias.com\/index.php\/2025\/03\/30\/rinden-homenaje-a-el-mencho-lider-del-cjng-en-concierto-de-los-alegres-del-barranco-en-jalisco\/","title":{"rendered":"Rinden homenaje a \u201cEl Mencho\u201d, l\u00edder del CJNG, en concierto de Los Alegres del Barranco en Jalisco"},"content":{"rendered":"\n<p><strong>El hecho se suma a los recientes eventos en los que Nemesio Oseguera Cervantes ha sido mencionado de manera p\u00fablica<\/strong><\/p>\n\n\n\n<p>Tomado de Infobae<\/p>\n\n\n\n<p>Ale Huitron<\/p>\n\n\n\n<p>Domingo 20 de marzo de 2025<\/p>\n\n\n\n<p>Durante la presentaci\u00f3n de \u201cLos Alegres del Barranco\u201d en el Auditorio Telmex de Zapopan, Jalisco, se realiz\u00f3 un homenaje a Nemesio Oseguera Cervantes, alias \u2019El Mencho\u2019, quien es el l\u00edder del C\u00e1rtel Jalisco Nueva Generaci\u00f3n (CJNG).<\/p>\n\n\n\n<p>La imagen de los caracter\u00edsticos gallos y de Oseguera Cervantes apareci\u00f3 al inicio de la presentaci\u00f3n de la agrupaci\u00f3n, quien en varias ocasiones ha hecho referencia al l\u00edder de la organizaci\u00f3n criminal y que cuenta con corridos en honor a sus cabecillas, como el de Heraclio Guerrero Mart\u00ednez, conocido como \u2018El T\u00edo Lako\u2019.<\/p>\n\n\n\n<p>Este s\u00e1bado 29 de marzo, \u201cLos Alegres del Barranco\u201d volvieron a tomar el reflector para hacer un homenaje a Nemesio Oseguera Cervantes, en el que mostraron un par de gallos e im\u00e1genes del l\u00edder del CJNG para iniciar su presentaci\u00f3n con el tema \u201cEl Due\u00f1o del Palenque\u201d, el cual hace referencia al mismo.<\/p>\n\n\n\n<p>Durante la canci\u00f3n, la agrupaci\u00f3n mantuvo una ilustraci\u00f3n del tambi\u00e9n conocido \u201cSe\u00f1or de los Gallos\u201d, esto por su afici\u00f3n a las apuestas y peleas de gallos.<\/p>\n\n\n\n<p>La agrupaci\u00f3n se ha relacionado en varias ocasiones con el l\u00edder del CJNG al realizar corridos relacionados con la organizaci\u00f3n criminal y sus jefes de plaza. Cr\u00e9dito: X\/@IrvingPineda<\/p>\n\n\n\n<p>En los \u00faltimos meses el nombre del l\u00edder del c\u00e1rtel de las cuatro letras ha reaparecido de manera recurrente en eventos p\u00fablicos, como las fiestas patronales de San Jos\u00e9 del Carmen, en el estado de Jalisco.<\/p>\n\n\n\n<p>Durante el evento, una agrupaci\u00f3n enton\u00f3 el tema \u201cEl Due\u00f1o del Palenque\u201d de \u201cLos Alegres del Barranco\u201d, el cual hace referencia al l\u00edder del CJNG.<\/p>\n\n\n\n<p>En el concierto realizado en la Plaza de Toros Alberto Balderas el pasado 1 de marzo, el cantante Natanael Cano mencion\u00f3 al l\u00edder del CJNG y a Joaqu\u00edn Guzm\u00e1n Loera, alias \u2018El Chapo\u2019 del C\u00e1rtel de Sinaloa.<\/p>\n\n\n\n<p>Mientras se encontraba en el escenario, Cano dijo: \u201cHasta donde se encuentre, padrino, y arriba Jalisco, arriba JGL (haciendo referencia a Joaqu\u00edn Guzm\u00e1n Loera), arriba la ma\u00f1a, arriba \u2018El Mencho\u2019, a la verg*, pa\u2019 que sepan (sic)\u201d.<\/p>\n\n\n\n<p>Durante un concierto en el carnaval de Autl\u00e1n de Navarro, el cantante Natanael Cano mencion\u00f3 a &#8220;El Mencho&#8221; y a Joaqu\u00edn Guzm\u00e1n Loera. (TikTok: joshuamh01)<\/p>\n\n\n\n<p>Otro evento en el que se hizo referencia a \u2018El Mencho\u2019 fue durante el Carnaval de Autl\u00e1n de Navarro, realizado en la Plaza de Toros Alberto Balderas de Jalisco el pasado 28 de febrero, en el que se llev\u00f3 a cabo una competencia de monta de toros en la que el animador anunci\u00f3 la entrega de dinero por parte del l\u00edder criminal.<\/p>\n\n\n\n<p>\u201c\u00bfQu\u00e9 crees? aqu\u00ed en la mano tengo 50 mil pesos y el \u2018Se\u00f1or de los Gallos\u2019 te los regala de todo coraz\u00f3n\u201c, coment\u00f3 al ganador de la competencia.<\/p>\n\n\n\n<p>Adem\u00e1s, algunos vendedores ambulantes fueron vistos portando casacas con im\u00e1genes digitales de \u2018El Mencho\u2019.<\/p>\n\n\n\n<p>En diciembre de 2024 tambi\u00e9n se reportaron eventos en los que se mencion\u00f3 al l\u00edder del CJNG en municipios como Coalcom\u00e1n en Michoac\u00e1n, as\u00ed como en regiones de Aguascalientes y Tabasco en los que se entregaron regalos en su nombre.<\/p>\n\n\n\n<p><a href=\"https:\/\/www.infobae.com\/mexico\/2025\/03\/31\/rinden-homenaje-a-el-mencho-lider-del-cjng-en-concierto-de-los-alegres-del-barranco-en-jalisco\">https:\/\/www.infobae.com\/mexico\/2025\/03\/31\/rinden-homenaje-a-el-mencho-lider-del-cjng-en-concierto-de-los-alegres-del-barranco-en-jalisco<\/a><\/p>\n","protected":false},"excerpt":{"rendered":"<p>El hecho se suma a los recientes eventos en los que Nemesio Oseguera Cervantes ha sido mencionado de manera p\u00fablica Tomado de Infobae Ale Huitron Domingo 20 de marzo de 2025 Durante la presentaci\u00f3n de \u201cLos Alegres del Barranco\u201d en el Auditorio Telmex de Zapopan, Jalisco, se realiz\u00f3 un homenaje a Nemesio Oseguera Cervantes, alias [&hellip;]<\/p>\n","protected":false},"author":1,"featured_media":26481,"comment_status":"open","ping_status":"open","sticky":false,"template":"","format":"standard","meta":{"content-type":"","footnotes":""},"categories":[3,113],"tags":[],"class_list":{"0":"post-26480","1":"post","2":"type-post","3":"status-publish","4":"format-standard","5":"has-post-thumbnail","7":"category-mexico","8":"category-seguridad"},"_links":{"self":[{"href":"https:\/\/www.regioncuatronoticias.com\/index.php\/wp-json\/wp\/v2\/posts\/26480","targetHints":{"allow":["GET"]}}],"collection":[{"href":"https:\/\/www.regioncuatronoticias.com\/index.php\/wp-json\/wp\/v2\/posts"}],"about":[{"href":"https:\/\/www.regioncuatronoticias.com\/index.php\/wp-json\/wp\/v2\/types\/post"}],"author":[{"embeddable":true,"href":"https:\/\/www.regioncuatronoticias.com\/index.php\/wp-json\/wp\/v2\/users\/1"}],"replies":[{"embeddable":true,"href":"https:\/\/www.regioncuatronoticias.com\/index.php\/wp-json\/wp\/v2\/comments?post=26480"}],"version-history":[{"count":1,"href":"https:\/\/www.regioncuatronoticias.com\/index.php\/wp-json\/wp\/v2\/posts\/26480\/revisions"}],"predecessor-version":[{"id":26482,"href":"https:\/\/www.regioncuatronoticias.com\/index.php\/wp-json\/wp\/v2\/posts\/26480\/revisions\/26482"}],"wp:featuredmedia":[{"embeddable":true,"href":"https:\/\/www.regioncuatronoticias.com\/index.php\/wp-json\/wp\/v2\/media\/26481"}],"wp:attachment":[{"href":"https:\/\/www.regioncuatronoticias.com\/index.php\/wp-json\/wp\/v2\/media?parent=26480"}],"wp:term":[{"taxonomy":"category","embeddable":true,"href":"https:\/\/www.regioncuatronoticias.com\/index.php\/wp-json\/wp\/v2\/categories?post=26480"},{"taxonomy":"post_tag","embeddable":true,"href":"https:\/\/www.regioncuatronoticias.com\/index.php\/wp-json\/wp\/v2\/tags?post=26480"}],"curies":[{"name":"wp","href":"https:\/\/api.w.org\/{rel}","templated":true}]}}