{"id":26462,"date":"2025-03-30T23:21:27","date_gmt":"2025-03-31T06:21:27","guid":{"rendered":"https:\/\/www.regioncuatronoticias.com\/?p=26462"},"modified":"2025-03-30T23:21:30","modified_gmt":"2025-03-31T06:21:30","slug":"trump-cierra-puertas-mexico-debe-abrir-otras-arturo-fernandez","status":"publish","type":"post","link":"https:\/\/www.regioncuatronoticias.com\/index.php\/2025\/03\/30\/trump-cierra-puertas-mexico-debe-abrir-otras-arturo-fernandez\/","title":{"rendered":"Trump cierra puertas, M\u00e9xico debe abrir otras: Arturo Fern\u00e1ndez"},"content":{"rendered":"\n<p><strong>Columna Olor A Dinero<\/strong><\/p>\n\n\n\n<p><strong>Feliciano J. Espriella<\/strong><\/p>\n\n\n\n<p><strong>Trump cierra puertas, M\u00e9xico debe abrir otras: Arturo Fern\u00e1ndez<\/strong><\/p>\n\n\n\n<p><strong>Lunes 31 de marzo de 2025<\/strong><\/p>\n\n\n\n<p>Trump prepara una nueva ronda de aranceles bajo su pol\u00edtica &#8220;America First&#8221;, con la que busca reducir el d\u00e9ficit comercial y fortalecer la manufactura estadounidense.<\/p>\n\n\n\n<p>Pasado ma\u00f1ana, el presidente estadounidense Donald Trump iniciar\u00e1 una nueva fase de proteccionismo comercial. En esa fecha, que ha bautizado como &#8220;el d\u00eda de la liberaci\u00f3n&#8221;, tiene previsto anunciar una nueva ronda de aranceles bajo su pol\u00edtica &#8220;America First&#8221;. Esta medida busca corregir los desequilibrios comerciales de su pa\u00eds y revitalizar la manufactura estadounidense.<\/p>\n\n\n\n<p>Seg\u00fan ha declarado en m\u00faltiples foros, su intenci\u00f3n es imponer aranceles a todas las importaciones que ingresen a Estados Unidos. Inicialmente afirm\u00f3 que estos ser\u00edan del 25 %, pero posteriormente aclar\u00f3 que se aplicar\u00edan aranceles rec\u00edprocos, es decir, cada pa\u00eds recibir\u00eda un trato arancelario proporcional al que impone a las exportaciones estadounidenses. Adem\u00e1s, la semana pasada agreg\u00f3 que est\u00e1 dispuesto a negociar acuerdos bilaterales sobre estos aranceles.<\/p>\n\n\n\n<p>Trump ha argumentado que los aranceles rec\u00edprocos buscan restablecer la equidad en el comercio internacional, aplicando impuestos a las mercanc\u00edas extranjeras en la misma medida en que otros pa\u00edses gravan las importaciones estadounidenses. Seg\u00fan el mandatario, esta medida es necesaria para corregir el d\u00e9ficit comercial y garantizar un trato justo para su pa\u00eds, lo que, al menos en el discurso, parece razonable.<\/p>\n\n\n\n<p>En este contexto de incertidumbre, lo \u00fanico cierto es que nadie, ni siquiera sus asesores m\u00e1s cercanos, puede prever con certeza cu\u00e1les ser\u00e1n las decisiones finales del presidente estadounidense.<\/p>\n\n\n\n<p>En M\u00e9xico, los sectores m\u00e1s cr\u00edticos del morenismo y de la presidenta Claudia Sheinbaum auguran lo que en el fondo muchos de ellos desean: calamidades econ\u00f3micas y el colapso financiero del pa\u00eds. Sin embargo, Sheinbaum ha optado por una estrategia prudente, evitando provocaciones que pudieran desencadenar reacciones impulsivas por parte de Trump. &#8220;Tomaremos las decisiones con la cabeza fr\u00eda&#8221;, ha reiterado en varias ocasiones.<\/p>\n\n\n\n<p>Ante este panorama, el lunes pasado, en la reuni\u00f3n semanal del grupo de periodistas Mesa Kiosco Mayor, tuve la oportunidad de consultar al empresario Arturo Fern\u00e1ndez D\u00edaz-Gonz\u00e1lez sobre las inquietudes de inversionistas y empresarios respecto a esta situaci\u00f3n.<\/p>\n\n\n\n<p>Fern\u00e1ndez, adem\u00e1s de ser un importante empresario y miembro de uno de los grupos econ\u00f3micos m\u00e1s poderosos del estado, es un profundo conocedor de los fen\u00f3menos econ\u00f3micos tanto nacionales como internacionales. De hecho, el mismo d\u00eda de nuestra conversaci\u00f3n, viaj\u00f3 a Washington para asistir a una reuni\u00f3n de alto nivel con 100 empresarios de todo el mundo.<\/p>\n\n\n\n<p>Le pregunt\u00e9 espec\u00edficamente cu\u00e1l deber\u00eda ser la estrategia econ\u00f3mica de M\u00e9xico en caso de que Trump impusiera aranceles severos a las exportaciones mexicanas. Su respuesta fue clara:<\/p>\n\n\n\n<p>&#8220;Yo creo que deber\u00eda haber un gran esfuerzo de diversificaci\u00f3n\u2026 diversificaci\u00f3n del portafolio de clientes (digo, de socios comerciales), y eso implica abrir fronteras y hacer acuerdos de libre comercio con otros pa\u00edses.&#8221;<\/p>\n\n\n\n<p>Respecto a la posibilidad de responder con una &#8220;guerra de aranceles&#8221;, a\u00f1adi\u00f3:<\/p>\n\n\n\n<p>&#8220;Econ\u00f3micamente no nos conviene, pero estrat\u00e9gicamente no tenemos alternativa, no podr\u00edamos no hacerlo. Si no respondemos en consecuencia, \u00bfd\u00f3nde queda nuestra credibilidad? Creo que una de las mayores consecuencias de esta guerra comercial ser\u00e1 la p\u00e9rdida de confianza en nuestro principal socio comercial.<\/p>\n\n\n\n<p>\u00bfQu\u00e9 tanto podemos creer en un tratado de libre comercio renegociado? \u00bfQu\u00e9 garant\u00edas tenemos de que se respetar\u00e1n los acuerdos?&#8221;<\/p>\n\n\n\n<p>Para reforzar su argumento, Fern\u00e1ndez record\u00f3 el episodio de la expropiaci\u00f3n petrolera de 1938, cuando, ante represalias comerciales de Estados Unidos, M\u00e9xico busc\u00f3 y encontr\u00f3 nuevos socios comerciales, lo que eventualmente llev\u00f3 al cese de las sanciones impuestas por Washington. Su referencia a este hecho hist\u00f3rico sugiere que una estrategia similar podr\u00eda aplicarse en caso de que M\u00e9xico enfrente un nuevo periodo de presi\u00f3n arancelaria por parte de Estados Unidos.<\/p>\n\n\n\n<p>En s\u00edntesis, la postura de Arturo Fern\u00e1ndez enfatiza la necesidad de diversificar socios comerciales y, como una estrategia de defensa, aunque no ideal desde el punto de vista econ\u00f3mico, la aplicaci\u00f3n de aranceles rec\u00edprocos para salvaguardar la credibilidad de M\u00e9xico en el comercio internacional.<\/p>\n\n\n\n<p>Por hoy fue todo. Gracias por su tolerancia y hasta la pr\u00f3xima.<\/p>\n\n\n\n<p><strong>Twitter: @fjespriella<\/strong><\/p>\n\n\n\n<p><strong>Correo: felicianoespriella@gmail.com<\/strong><\/p>\n","protected":false},"excerpt":{"rendered":"<p>Columna Olor A Dinero Feliciano J. Espriella Trump cierra puertas, M\u00e9xico debe abrir otras: Arturo Fern\u00e1ndez Lunes 31 de marzo de 2025 Trump prepara una nueva ronda de aranceles bajo su pol\u00edtica &#8220;America First&#8221;, con la que busca reducir el d\u00e9ficit comercial y fortalecer la manufactura estadounidense. Pasado ma\u00f1ana, el presidente estadounidense Donald Trump iniciar\u00e1 [&hellip;]<\/p>\n","protected":false},"author":1,"featured_media":26463,"comment_status":"open","ping_status":"open","sticky":false,"template":"","format":"standard","meta":{"content-type":"","footnotes":""},"categories":[127],"tags":[],"class_list":{"0":"post-26462","1":"post","2":"type-post","3":"status-publish","4":"format-standard","5":"has-post-thumbnail","7":"category-olor-a-dinero"},"_links":{"self":[{"href":"https:\/\/www.regioncuatronoticias.com\/index.php\/wp-json\/wp\/v2\/posts\/26462","targetHints":{"allow":["GET"]}}],"collection":[{"href":"https:\/\/www.regioncuatronoticias.com\/index.php\/wp-json\/wp\/v2\/posts"}],"about":[{"href":"https:\/\/www.regioncuatronoticias.com\/index.php\/wp-json\/wp\/v2\/types\/post"}],"author":[{"embeddable":true,"href":"https:\/\/www.regioncuatronoticias.com\/index.php\/wp-json\/wp\/v2\/users\/1"}],"replies":[{"embeddable":true,"href":"https:\/\/www.regioncuatronoticias.com\/index.php\/wp-json\/wp\/v2\/comments?post=26462"}],"version-history":[{"count":1,"href":"https:\/\/www.regioncuatronoticias.com\/index.php\/wp-json\/wp\/v2\/posts\/26462\/revisions"}],"predecessor-version":[{"id":26464,"href":"https:\/\/www.regioncuatronoticias.com\/index.php\/wp-json\/wp\/v2\/posts\/26462\/revisions\/26464"}],"wp:featuredmedia":[{"embeddable":true,"href":"https:\/\/www.regioncuatronoticias.com\/index.php\/wp-json\/wp\/v2\/media\/26463"}],"wp:attachment":[{"href":"https:\/\/www.regioncuatronoticias.com\/index.php\/wp-json\/wp\/v2\/media?parent=26462"}],"wp:term":[{"taxonomy":"category","embeddable":true,"href":"https:\/\/www.regioncuatronoticias.com\/index.php\/wp-json\/wp\/v2\/categories?post=26462"},{"taxonomy":"post_tag","embeddable":true,"href":"https:\/\/www.regioncuatronoticias.com\/index.php\/wp-json\/wp\/v2\/tags?post=26462"}],"curies":[{"name":"wp","href":"https:\/\/api.w.org\/{rel}","templated":true}]}}