{"id":26459,"date":"2025-03-30T23:15:21","date_gmt":"2025-03-31T06:15:21","guid":{"rendered":"https:\/\/www.regioncuatronoticias.com\/?p=26459"},"modified":"2025-03-30T23:15:27","modified_gmt":"2025-03-31T06:15:27","slug":"con-mas-de-18-mil-hermosillenses-un-exito-el-primer-taco-fest-en-la-viactiva","status":"publish","type":"post","link":"https:\/\/www.regioncuatronoticias.com\/index.php\/2025\/03\/30\/con-mas-de-18-mil-hermosillenses-un-exito-el-primer-taco-fest-en-la-viactiva\/","title":{"rendered":"Con m\u00e1s de 18 mil hermosillenses, un \u00e9xito el primer Taco Fest en la V\u00edactiva"},"content":{"rendered":"\n<p><strong>Tradici\u00f3n sonorense, aromas deliciosos y deleite de paladares en un ambiente de convivencia familiar, coronaron la edici\u00f3n 293 de la V\u00edactiva, durante el Primer Taco Fest 2025<\/strong><\/p>\n\n\n\n<p><strong>-El Centro Hist\u00f3rico de Hermosillo se ratific\u00f3 como el espacio de convivencia por excelencia para residentes y visitantes.<\/strong><\/p>\n\n\n\n<p>Hermosillo, Sonora; 30 de marzo, 2025.- .El presidente municipal Antonio Astiazar\u00e1n y su esposa, Patricia Ruibal Zaragoza se sumaron a esta velada tem\u00e1tica en el sexto aniversario de un programa ya consagrado en el \u00e1nimo de los hermosillenses y que atrae cada domingo a personas de todas edades y a comerciantes y prestadores de los m\u00e1s diversos productos y servicios.<\/p>\n\n\n\n<p>Ambos hicieron un recorrido en el que departieron con clientes y comerciantes acompa\u00f1ados por Oscar Gast\u00e9lum Donnadieu y Fernanda Cisneros Rodr\u00edguez, director general y directora de Desarrollo Tur\u00edstico de la Agencia de Desarrollo Econ\u00f3mico (AMDE), respectivamente.<\/p>\n\n\n\n<p>El Taco Fest 2025 puso a disposici\u00f3n de las y los asistentes 70 stands y carretas de negocios dedicados a la preparaci\u00f3n y venta de tacos, tan variados como deliciosos. Todos compitieron para posicionar sus respectivos productos y llevarse alguno de los 4 distintivos especiales de esta ocasi\u00f3n.<\/p>\n\n\n\n<p>Un grupo de jueces evaluaron y asignaron las distinciones \u201cAqu\u00ed se come el mejor taco de carne asada de la H\u201d; que fue para Los Tacos de Arturo; Aqu\u00ed se come el mejor taco de trompo al pastor de la H\u201d a Los Sure\u00f1os; \u201cAqu\u00ed se prepara el mejor taco de carne asada universitario de la H\u201d, a la Universidad del Vale de M\u00e9xico (UVM) y \u201cAqu\u00ed se prepara el mejor complemento del taco de la H\u201d, que lo obtuvo el negocio Aqu\u00ed con Chili, con su salsa a base de ajo confitado.<\/p>\n\n\n\n<p>Los establecimientos ganadores del concurso de taco de carne asada y taco de trompo al pastor obtuvieron como premio adicional un espacio en la pr\u00f3xima edici\u00f3n del Festival del Globo, en el que podr\u00e1n vender y darse a conocer, adem\u00e1s de un kit de obsequios de empresas patrocinadoras.<\/p>\n\n\n\n<p>Entre los puestos de este domingo estuvieron el de Burros Gonz\u00e1lez, ganador de PercheFest celebrado hace 2 a\u00f1os, y Dogos el Cach\u00e1n y Dogos \u201cEl Shanggy, que ganaron el Dogo Fest en 2024 en las categor\u00edas \u201cMejor dogo por su sabor y \u201cEl dogo m\u00e1s creativo\u201d.<\/p>\n\n\n\n<p>Alumnado y docentes de la Universidad Vizcaya de las Am\u00e9ricas elaboraron y obsequiaron una Lorenza Gigante de 2 metros de di\u00e1metro, la m\u00e1s grande de la H, as\u00ed como cientos de bollitos decorados.<\/p>\n\n\n\n<p>Durante toda la velada se present\u00f3 una variedad art\u00edstica con m\u00fasica en vivo a cargo de grupos locales Morrigans y Cuarto Fr\u00edo.<\/p>\n\n\n\n<p>Para seguridad de asistentes y participantes se estableci\u00f3 un cierre al tr\u00e1nsito vehicular en el bulevar Hidalgo y la calle doctor paliza desde las 9:00 horas del domingo y hasta las 00:00 horas.<\/p>\n","protected":false},"excerpt":{"rendered":"<p>Tradici\u00f3n sonorense, aromas deliciosos y deleite de paladares en un ambiente de convivencia familiar, coronaron la edici\u00f3n 293 de la V\u00edactiva, durante el Primer Taco Fest 2025 -El Centro Hist\u00f3rico de Hermosillo se ratific\u00f3 como el espacio de convivencia por excelencia para residentes y visitantes. Hermosillo, Sonora; 30 de marzo, 2025.- .El presidente municipal Antonio [&hellip;]<\/p>\n","protected":false},"author":1,"featured_media":26460,"comment_status":"open","ping_status":"open","sticky":false,"template":"","format":"standard","meta":{"content-type":"","footnotes":""},"categories":[8,105],"tags":[],"class_list":{"0":"post-26459","1":"post","2":"type-post","3":"status-publish","4":"format-standard","5":"has-post-thumbnail","7":"category-hermosillo","8":"category-principal"},"_links":{"self":[{"href":"https:\/\/www.regioncuatronoticias.com\/index.php\/wp-json\/wp\/v2\/posts\/26459","targetHints":{"allow":["GET"]}}],"collection":[{"href":"https:\/\/www.regioncuatronoticias.com\/index.php\/wp-json\/wp\/v2\/posts"}],"about":[{"href":"https:\/\/www.regioncuatronoticias.com\/index.php\/wp-json\/wp\/v2\/types\/post"}],"author":[{"embeddable":true,"href":"https:\/\/www.regioncuatronoticias.com\/index.php\/wp-json\/wp\/v2\/users\/1"}],"replies":[{"embeddable":true,"href":"https:\/\/www.regioncuatronoticias.com\/index.php\/wp-json\/wp\/v2\/comments?post=26459"}],"version-history":[{"count":1,"href":"https:\/\/www.regioncuatronoticias.com\/index.php\/wp-json\/wp\/v2\/posts\/26459\/revisions"}],"predecessor-version":[{"id":26461,"href":"https:\/\/www.regioncuatronoticias.com\/index.php\/wp-json\/wp\/v2\/posts\/26459\/revisions\/26461"}],"wp:featuredmedia":[{"embeddable":true,"href":"https:\/\/www.regioncuatronoticias.com\/index.php\/wp-json\/wp\/v2\/media\/26460"}],"wp:attachment":[{"href":"https:\/\/www.regioncuatronoticias.com\/index.php\/wp-json\/wp\/v2\/media?parent=26459"}],"wp:term":[{"taxonomy":"category","embeddable":true,"href":"https:\/\/www.regioncuatronoticias.com\/index.php\/wp-json\/wp\/v2\/categories?post=26459"},{"taxonomy":"post_tag","embeddable":true,"href":"https:\/\/www.regioncuatronoticias.com\/index.php\/wp-json\/wp\/v2\/tags?post=26459"}],"curies":[{"name":"wp","href":"https:\/\/api.w.org\/{rel}","templated":true}]}}