{"id":26456,"date":"2025-03-30T23:09:37","date_gmt":"2025-03-31T06:09:37","guid":{"rendered":"https:\/\/www.regioncuatronoticias.com\/?p=26456"},"modified":"2025-03-30T23:09:40","modified_gmt":"2025-03-31T06:09:40","slug":"claudia-sheinbaum-asegura-que-mexico-sera-el-pais-mas-democratico","status":"publish","type":"post","link":"https:\/\/www.regioncuatronoticias.com\/index.php\/2025\/03\/30\/claudia-sheinbaum-asegura-que-mexico-sera-el-pais-mas-democratico\/","title":{"rendered":"Claudia Sheinbaum asegura que M\u00e9xico ser\u00e1 el pa\u00eds m\u00e1s democr\u00e1tico"},"content":{"rendered":"\n<p><strong>Durante su visita por Sonora la presidenta de M\u00e9xico tambi\u00e9n anunci\u00f3 que este 31 de marzo firmar\u00e1 varias acciones en favor de los maestros<\/strong><\/p>\n\n\n\n<p>Tomado de El Sol de Hermosillo<\/p>\n\n\n\n<p>Gabriel Ben\u00edtez<\/p>\n\n\n\n<p>Domingo 30 de marzo de 2025<\/p>\n\n\n\n<p>Bavispe, Sonora. &#8211; M\u00e9xico ser\u00e1 el pa\u00eds m\u00e1s democratico, ya que ser\u00e1 el \u00fanico en el que la poblaci\u00f3n elija por elecci\u00f3n a los representantes de los tres poderes, Ejecutivo, Legislativo y Judicial, resalt\u00f3 Claudia Sheinbaum Pardo.<\/p>\n\n\n\n<p>Durante su gira de trabajo por Sonora, la Presidenta de M\u00e9xico declar\u00f3 este domingo, mismo d\u00eda en que inicia la campa\u00f1a para la elecci\u00f3n del Poder Judicial, que algo importante suceder\u00e1 en junio, haciendo referencia a los comicios.<\/p>\n\n\n\n<p>\u201cNo s\u00e9 si saben \u00bfqu\u00e9 va a ocurrir este a\u00f1o?, algo especial en junio, \u00bfel primero de junio que va a pasar?\u201d, pregunt\u00f3 a los habitantes de Bavispe, Sonora, \u201cElecciones de los jueces porque los otros eran bien corruptos, as\u00ed nada m\u00e1s tan sencillo como eso, pero tambi\u00e9n tan profundo\u201d, respondi\u00f3 al repetir la respuesta brindada por el p\u00fablico.<\/p>\n\n\n\n<p>La titular del Ejecutivo Estatal explic\u00f3 que antes el Senado eleg\u00eda a los ministros de la corte y en el interior del Poder Judicial se eleg\u00eda a los jueces y hasta los magistrados, lo cual cambiar\u00e1 este 1 de junio al convertirse en una decisi\u00f3n del pueblo.<\/p>\n\n\n\n<p>Quiere decir que si la democracia es el poder del pueblo, eso quiere decir que entonces vamos a ser el pa\u00eds m\u00e1s democr\u00e1tico del mundo porque vamos a elegir a los tres poderes, el pueblo manda<\/p>\n\n\n\n<p>Adem\u00e1s de esto, en lo que respecta a los apoyos a maestros, Sheinbaum Pardo adelant\u00f3 que este 31 de marzo va firmar en la ma\u00f1anera los decretos en apoyo para condonar las deudas impagables en el Fondo de Vivienda del Instituto de Seguridad y Servicios Sociales para los Trabajadores del Estado (Fovissste).<\/p>\n\n\n\n<p>En su mensaje en Bavispe, donde dio inicio a la construcci\u00f3n de la carretera que conecta con Nuevo Casas, Chihuahua, dio a conocer que a este proceso para saldar deudas se le sumar\u00e1n otras acciones.<\/p>\n\n\n\n<p>Entre ellas que el Fovissste pueda construir casas, \u201cla medida busca ampliar el acceso a la vivienda para los maestros, adem\u00e1s de ayudarlos en la quita de deudas impagables\u201d.<\/p>\n\n\n\n<p>La ejecutiva federal agreg\u00f3 que tambi\u00e9n se har\u00e1 el congelamiento de la edad de jubilaci\u00f3n con el objetivo de brindar mayor seguridad y estabilidad a los docentes en su transici\u00f3n hacia la jubilaci\u00f3n.<\/p>\n\n\n\n<p>Sheinbaum Pardo mencion\u00f3 que en relaci\u00f3n a la Unidad del Sistema para la Carrera de las Maestras y los Maestros, se van a efectuar foros para recoger las opiniones de los docentes para los cambios necesarios a fin de tener la participaci\u00f3n activa del magisterio en las decisiones que les afectan directamente.<\/p>\n\n\n\n<p>Abund\u00f3 que estas iniciativas forman parte de una estrategia m\u00e1s amplia para fortalecer el bienestar y las condiciones laborales de los docentes, todo ello dentro de las medidas en el contexto de necesidades hist\u00f3ricas del sector educativo.<\/p>\n\n\n\n<p>Tambi\u00e9n dar\u00e1 m\u00e1s detalles sobre el Fondo de pensiones del IMSS Bienestar donde se igualar\u00e1 la pensi\u00f3n con el \u00faltimo salario del beneficiario.<\/p>\n\n\n\n<p><a href=\"https:\/\/oem.com.mx\/elsoldehermosillo\/mexico\/claudia-sheinbaum-mexico-sera-el-pais-mas-democratico-del-mundo-segun-su-declaracion-22453993\">https:\/\/oem.com.mx\/elsoldehermosillo\/mexico\/claudia-sheinbaum-mexico-sera-el-pais-mas-democratico-del-mundo-segun-su-declaracion-22453993<\/a><\/p>\n","protected":false},"excerpt":{"rendered":"<p>Durante su visita por Sonora la presidenta de M\u00e9xico tambi\u00e9n anunci\u00f3 que este 31 de marzo firmar\u00e1 varias acciones en favor de los maestros Tomado de El Sol de Hermosillo Gabriel Ben\u00edtez Domingo 30 de marzo de 2025 Bavispe, Sonora. &#8211; M\u00e9xico ser\u00e1 el pa\u00eds m\u00e1s democratico, ya que ser\u00e1 el \u00fanico en el que [&hellip;]<\/p>\n","protected":false},"author":1,"featured_media":26457,"comment_status":"open","ping_status":"open","sticky":false,"template":"","format":"standard","meta":{"content-type":"","footnotes":""},"categories":[115,105,9],"tags":[],"class_list":{"0":"post-26456","1":"post","2":"type-post","3":"status-publish","4":"format-standard","5":"has-post-thumbnail","7":"category-politica","8":"category-principal","9":"category-sonora"},"_links":{"self":[{"href":"https:\/\/www.regioncuatronoticias.com\/index.php\/wp-json\/wp\/v2\/posts\/26456","targetHints":{"allow":["GET"]}}],"collection":[{"href":"https:\/\/www.regioncuatronoticias.com\/index.php\/wp-json\/wp\/v2\/posts"}],"about":[{"href":"https:\/\/www.regioncuatronoticias.com\/index.php\/wp-json\/wp\/v2\/types\/post"}],"author":[{"embeddable":true,"href":"https:\/\/www.regioncuatronoticias.com\/index.php\/wp-json\/wp\/v2\/users\/1"}],"replies":[{"embeddable":true,"href":"https:\/\/www.regioncuatronoticias.com\/index.php\/wp-json\/wp\/v2\/comments?post=26456"}],"version-history":[{"count":1,"href":"https:\/\/www.regioncuatronoticias.com\/index.php\/wp-json\/wp\/v2\/posts\/26456\/revisions"}],"predecessor-version":[{"id":26458,"href":"https:\/\/www.regioncuatronoticias.com\/index.php\/wp-json\/wp\/v2\/posts\/26456\/revisions\/26458"}],"wp:featuredmedia":[{"embeddable":true,"href":"https:\/\/www.regioncuatronoticias.com\/index.php\/wp-json\/wp\/v2\/media\/26457"}],"wp:attachment":[{"href":"https:\/\/www.regioncuatronoticias.com\/index.php\/wp-json\/wp\/v2\/media?parent=26456"}],"wp:term":[{"taxonomy":"category","embeddable":true,"href":"https:\/\/www.regioncuatronoticias.com\/index.php\/wp-json\/wp\/v2\/categories?post=26456"},{"taxonomy":"post_tag","embeddable":true,"href":"https:\/\/www.regioncuatronoticias.com\/index.php\/wp-json\/wp\/v2\/tags?post=26456"}],"curies":[{"name":"wp","href":"https:\/\/api.w.org\/{rel}","templated":true}]}}