{"id":26440,"date":"2025-03-30T22:01:00","date_gmt":"2025-03-31T05:01:00","guid":{"rendered":"https:\/\/www.regioncuatronoticias.com\/?p=26440"},"modified":"2025-03-30T22:01:06","modified_gmt":"2025-03-31T05:01:06","slug":"aranceles-del-25-impactaran-fuerte-la-industria-automotriz-en-mexico-fecanaco-sonora-temen-mayor-inflacion-en-eu","status":"publish","type":"post","link":"https:\/\/www.regioncuatronoticias.com\/index.php\/2025\/03\/30\/aranceles-del-25-impactaran-fuerte-la-industria-automotriz-en-mexico-fecanaco-sonora-temen-mayor-inflacion-en-eu\/","title":{"rendered":"Aranceles del 25% impactar\u00e1n fuerte la industria automotriz en M\u00e9xico: Fecanaco Sonora; temen mayor inflaci\u00f3n en EU"},"content":{"rendered":"\n<p>Tomado de El Universal<\/p>\n\n\n\n<p>Amalia Escobar<\/p>\n\n\n\n<p>S\u00e1bado 29 de marzo de 2025<\/p>\n\n\n\n<p>El presidente de Fecanaco lamenta que Donald Trump haya cumplido sus &nbsp;amenazas comerciales<\/p>\n\n\n\n<p>Hermosillo, Sonora.- La Federaci\u00f3n de C\u00e1maras Nacionales de Comercio, Servicios y Turismo (Fecanaco) de Sonora, considera que la imposici\u00f3n de un 25% de arancelespor parte del gobierno de Estados Unidos, impactar\u00e1 de manera considerable a la industria automotriz nacional.<\/p>\n\n\n\n<p>Mart\u00edn Zalazar Zazueta, presidente de Fecanaco Sonora, lament\u00f3 que el presidente de Estados Unidos, Donald Trump haya cumplido con una de sus varias amenazas comerciales, al imponer un arancel de 25% adicional a los veh\u00edculos y algunas autopartes que no sean fabricados en esa naci\u00f3n.<\/p>\n\n\n\n<p>\u201cEs un momento de mucha incertidumbre en materia de exportaciones y en especial para la econom\u00eda de nuestro pa\u00eds que, desde la llegada de Trump y sus constantes amenazas de incrementos a los aranceles de las exportaciones mexicanas, al ser Estados Unidos nuestro m\u00e1s importante socio comercial.<\/p>\n\n\n\n<p>Ese reciente anuncio sobre aranceles del 25% a los autom\u00f3viles y autopartes, aunque no ser\u00e1n sobre todas, es sin duda alguna un fuerte impacto para la industria automotriz, ya que es posible que marcas estadounidenses eval\u00faen la posibilidad de trasladar parte de su producci\u00f3n de M\u00e9xico y Canad\u00e1 a Estados Unidos, que es lo que quiere el presidente del pa\u00eds vecino, sin medir consecuencias, ya que claramente sus veh\u00edculos se har\u00e1n m\u00e1s caros para el consumidor norteamericano\u201d, dijo.<\/p>\n\n\n\n<p>A\u00f1adi\u00f3, que esa medida va a detonar una mayor inflaci\u00f3n en Estados Unidos y desaceleraci\u00f3n de su econom\u00eda, lo cual a la postre afectar\u00e1 directamente a nuestro pa\u00eds que tiene tantas relaciones comerciales con ellos.<\/p>\n\n\n\n<p>\u201cLa afectaci\u00f3n para nuestro pa\u00eds podr\u00eda ser que bajen las exportaciones de veh\u00edculos y autopartes\u201d.<\/p>\n\n\n\n<p>Aunque no creo, dijo, que este efecto vaya a sentirse de inmediato, pero podr\u00eda derivar en una baja de producci\u00f3n nacional y por lo tanto la disminuci\u00f3n de la plantilla laboral de esta industria, de compras de insumos.<\/p>\n\n\n\n<p>Ello, sin olvidar que alrededor de esta industria hay una importante cadena de suministros que evidentemente se ver\u00eda gravemente afectada, mencion\u00f3.<\/p>\n\n\n\n<p>El presidente de Fecanaco Sonora, coment\u00f3 adem\u00e1s que esas medidas tambi\u00e9n podr\u00edan afectar el nearshoring que tanto se ha promovido, ya que las empresas norteamericanas ante tales medidas redefinir\u00edan sus estrategias de inversi\u00f3n en M\u00e9xico.<\/p>\n\n\n\n<p>Por \u00faltimo, declar\u00f3 que ahora solo queda esperar hasta el pr\u00f3ximo 2 de abril, para saber exactamente como quedar\u00edan estos y otros aranceles, si es que no cambia nuevamente de opini\u00f3n el presidente Donald Trump en ese tema que ha estado en la opini\u00f3n p\u00fablica mundial durante varias semanas.<\/p>\n\n\n\n<p><a href=\"https:\/\/www.eluniversal.com.mx\/estados\/aranceles-del-25-impactaran-fuerte-la-industria-automotriz-en-mexico-fecanaco-sonora-temen-mayor-inflacion-en-eu\">https:\/\/www.eluniversal.com.mx\/estados\/aranceles-del-25-impactaran-fuerte-la-industria-automotriz-en-mexico-fecanaco-sonora-temen-mayor-inflacion-en-eu<\/a><\/p>\n","protected":false},"excerpt":{"rendered":"<p>Tomado de El Universal Amalia Escobar S\u00e1bado 29 de marzo de 2025 El presidente de Fecanaco lamenta que Donald Trump haya cumplido sus &nbsp;amenazas comerciales Hermosillo, Sonora.- La Federaci\u00f3n de C\u00e1maras Nacionales de Comercio, Servicios y Turismo (Fecanaco) de Sonora, considera que la imposici\u00f3n de un 25% de arancelespor parte del gobierno de Estados Unidos, [&hellip;]<\/p>\n","protected":false},"author":1,"featured_media":26441,"comment_status":"open","ping_status":"open","sticky":false,"template":"","format":"standard","meta":{"content-type":"","footnotes":""},"categories":[114,9],"tags":[],"class_list":{"0":"post-26440","1":"post","2":"type-post","3":"status-publish","4":"format-standard","5":"has-post-thumbnail","7":"category-economia","8":"category-sonora"},"_links":{"self":[{"href":"https:\/\/www.regioncuatronoticias.com\/index.php\/wp-json\/wp\/v2\/posts\/26440","targetHints":{"allow":["GET"]}}],"collection":[{"href":"https:\/\/www.regioncuatronoticias.com\/index.php\/wp-json\/wp\/v2\/posts"}],"about":[{"href":"https:\/\/www.regioncuatronoticias.com\/index.php\/wp-json\/wp\/v2\/types\/post"}],"author":[{"embeddable":true,"href":"https:\/\/www.regioncuatronoticias.com\/index.php\/wp-json\/wp\/v2\/users\/1"}],"replies":[{"embeddable":true,"href":"https:\/\/www.regioncuatronoticias.com\/index.php\/wp-json\/wp\/v2\/comments?post=26440"}],"version-history":[{"count":1,"href":"https:\/\/www.regioncuatronoticias.com\/index.php\/wp-json\/wp\/v2\/posts\/26440\/revisions"}],"predecessor-version":[{"id":26442,"href":"https:\/\/www.regioncuatronoticias.com\/index.php\/wp-json\/wp\/v2\/posts\/26440\/revisions\/26442"}],"wp:featuredmedia":[{"embeddable":true,"href":"https:\/\/www.regioncuatronoticias.com\/index.php\/wp-json\/wp\/v2\/media\/26441"}],"wp:attachment":[{"href":"https:\/\/www.regioncuatronoticias.com\/index.php\/wp-json\/wp\/v2\/media?parent=26440"}],"wp:term":[{"taxonomy":"category","embeddable":true,"href":"https:\/\/www.regioncuatronoticias.com\/index.php\/wp-json\/wp\/v2\/categories?post=26440"},{"taxonomy":"post_tag","embeddable":true,"href":"https:\/\/www.regioncuatronoticias.com\/index.php\/wp-json\/wp\/v2\/tags?post=26440"}],"curies":[{"name":"wp","href":"https:\/\/api.w.org\/{rel}","templated":true}]}}