{"id":26434,"date":"2025-03-30T21:41:01","date_gmt":"2025-03-31T04:41:01","guid":{"rendered":"https:\/\/www.regioncuatronoticias.com\/?p=26434"},"modified":"2025-03-30T21:41:05","modified_gmt":"2025-03-31T04:41:05","slug":"promueven-patty-y-tono-astiazaran-derechos-de-la-ninez-con-cabildo-infantil-2024-2025","status":"publish","type":"post","link":"https:\/\/www.regioncuatronoticias.com\/index.php\/2025\/03\/30\/promueven-patty-y-tono-astiazaran-derechos-de-la-ninez-con-cabildo-infantil-2024-2025\/","title":{"rendered":"Promueven Patty y To\u00f1o Astiazar\u00e1n derechos de la ni\u00f1ez con Cabildo Infantil 2024-2025"},"content":{"rendered":"\n<p><strong>&#8211; Ni\u00f1as y ni\u00f1os que integraron Cabildo Infantil dejaron huella con un mural sobre<\/strong> <strong>los derechos de la ni\u00f1ez en Hermosillo<\/strong><\/p>\n\n\n\n<p>Hermosillo, Sonora; 28 de marzo, 2025.- \u201cNos motivan a seguir trabajando y sobre todo a ver el mundo a trav\u00e9s de los ojos de las ni\u00f1as y los ni\u00f1os hermosillenses\u201d, expres\u00f3 Antonio Astiazar\u00e1n junto a su esposa Patricia Ruibal al concluir la etapa del Cabildo Infantil 2024 &#8211; 2025.<\/p>\n\n\n\n<p>El presidente municipal y la presidenta de DIF Hermosillo encabezaron una emotiva ceremonia que concluy\u00f3 las actividades de Cabildo Infantil con la develaci\u00f3n del mural \u201cLos Derechos de las Ni\u00f1as, Ni\u00f1os y Adolescentes\u201d con el apoyo de la artista Pamela Tapia.<\/p>\n\n\n\n<p>Acompa\u00f1ados por Madeleine Bonnafoux, directora de DIF Hermosillo atestiguaron la creatividad e imaginaci\u00f3n de Cabildo Infantil quienes transformaron la pared del sistema integral en un colorido lienzo que refleja la importancia de los derechos de la ni\u00f1ez en el mundo.<\/p>\n\n\n\n<p>\u201cAgradezco a todos su energ\u00eda, entusiasmo que nos transmit\u00edan al equipo de DIF que siempre estuvimos muy contentos de recibirlos, como dec\u00eda el alcalde, ver el mundo y Hermosillo a trav\u00e9s de sus ojos es muy diferente para nosotros. Escucharlos y ver sus ideas nos llen\u00f3 de alegr\u00eda.<\/p>\n\n\n\n<p>Como parte de las actividades ni\u00f1as, ni\u00f1os se trasladaron en el transporte el\u00e9ctrico HBus al Parque Madero donde autoridades municipales ofrecieron su respaldo para continuar desarroll\u00e1ndose y cumplir sus sue\u00f1os.<\/p>\n\n\n\n<p><strong>Crearon nuevos lazos de amistad<\/strong><\/p>\n\n\n\n<p>Para Hanna Tsurumi, formar parte de la tercera generaci\u00f3n del Cabildo Infantil la llen\u00f3 de emotivas experiencias en las que destac\u00f3 los lazos de amistad creados con sus compa\u00f1eros en los \u00faltimos meses.<\/p>\n\n\n\n<p>\u201cQuiero agradecerles por hacer esto posible, hemos creado nuevas conexiones, nuevos amigos y muchas experiencias porque cada sesi\u00f3n nos organiz\u00e1bamos para poder hacer una actividad como pintar el mural\u201d, agreg\u00f3.<\/p>\n\n\n\n<p>A su corta edad, integrantes de Cabildo Infantil han servido de ejemplo e inspirado a que m\u00e1s ni\u00f1as y ni\u00f1os deseen sumarse a esta labor de representar a la ni\u00f1ez.<\/p>\n\n\n\n<p>Participaron en actividades como pl\u00e1ticas, plan de trabajo, exposici\u00f3n de propuestas, grabaci\u00f3n de jingle, visitas a exposiciones como INSECTUS en el Parque Madero y dise\u00f1o de mural \u201cLos Derechos de las Ni\u00f1as, Ni\u00f1os y Adolescentes.<\/p>\n","protected":false},"excerpt":{"rendered":"<p>&#8211; Ni\u00f1as y ni\u00f1os que integraron Cabildo Infantil dejaron huella con un mural sobre los derechos de la ni\u00f1ez en Hermosillo Hermosillo, Sonora; 28 de marzo, 2025.- \u201cNos motivan a seguir trabajando y sobre todo a ver el mundo a trav\u00e9s de los ojos de las ni\u00f1as y los ni\u00f1os hermosillenses\u201d, expres\u00f3 Antonio Astiazar\u00e1n junto [&hellip;]<\/p>\n","protected":false},"author":1,"featured_media":26435,"comment_status":"open","ping_status":"open","sticky":false,"template":"","format":"standard","meta":{"content-type":"","footnotes":""},"categories":[8],"tags":[],"class_list":{"0":"post-26434","1":"post","2":"type-post","3":"status-publish","4":"format-standard","5":"has-post-thumbnail","7":"category-hermosillo"},"_links":{"self":[{"href":"https:\/\/www.regioncuatronoticias.com\/index.php\/wp-json\/wp\/v2\/posts\/26434","targetHints":{"allow":["GET"]}}],"collection":[{"href":"https:\/\/www.regioncuatronoticias.com\/index.php\/wp-json\/wp\/v2\/posts"}],"about":[{"href":"https:\/\/www.regioncuatronoticias.com\/index.php\/wp-json\/wp\/v2\/types\/post"}],"author":[{"embeddable":true,"href":"https:\/\/www.regioncuatronoticias.com\/index.php\/wp-json\/wp\/v2\/users\/1"}],"replies":[{"embeddable":true,"href":"https:\/\/www.regioncuatronoticias.com\/index.php\/wp-json\/wp\/v2\/comments?post=26434"}],"version-history":[{"count":1,"href":"https:\/\/www.regioncuatronoticias.com\/index.php\/wp-json\/wp\/v2\/posts\/26434\/revisions"}],"predecessor-version":[{"id":26436,"href":"https:\/\/www.regioncuatronoticias.com\/index.php\/wp-json\/wp\/v2\/posts\/26434\/revisions\/26436"}],"wp:featuredmedia":[{"embeddable":true,"href":"https:\/\/www.regioncuatronoticias.com\/index.php\/wp-json\/wp\/v2\/media\/26435"}],"wp:attachment":[{"href":"https:\/\/www.regioncuatronoticias.com\/index.php\/wp-json\/wp\/v2\/media?parent=26434"}],"wp:term":[{"taxonomy":"category","embeddable":true,"href":"https:\/\/www.regioncuatronoticias.com\/index.php\/wp-json\/wp\/v2\/categories?post=26434"},{"taxonomy":"post_tag","embeddable":true,"href":"https:\/\/www.regioncuatronoticias.com\/index.php\/wp-json\/wp\/v2\/tags?post=26434"}],"curies":[{"name":"wp","href":"https:\/\/api.w.org\/{rel}","templated":true}]}}