{"id":26424,"date":"2025-03-30T20:48:40","date_gmt":"2025-03-31T03:48:40","guid":{"rendered":"https:\/\/www.regioncuatronoticias.com\/?p=26424"},"modified":"2025-03-30T20:48:44","modified_gmt":"2025-03-31T03:48:44","slug":"video-sheinbaum-se-reune-con-kristi-noem-secretaria-de-seguridad-de-eua-en-palacio-nacional","status":"publish","type":"post","link":"https:\/\/www.regioncuatronoticias.com\/index.php\/2025\/03\/30\/video-sheinbaum-se-reune-con-kristi-noem-secretaria-de-seguridad-de-eua-en-palacio-nacional\/","title":{"rendered":"(VIDEO) Sheinbaum se re\u00fane con Kristi Noem, secretaria de Seguridad de EUA en Palacio Nacional"},"content":{"rendered":"\n<p><strong>Kristi Noem arrib\u00f3 a Palacio Nacional para reunirse con la presidenta y el Gabinete Federal.<\/strong><\/p>\n\n\n\n<p>Tomado de Pol\u00edtico MX<\/p>\n\n\n\n<p>Thal\u00ed Leyva<\/p>\n\n\n\n<p>Viernes 28 de marzo de 2025<\/p>\n\n\n\n<p>La presidenta Claudia Sheinbaum se re\u00fane este viernes con la secretaria de Seguridad Interior de Estados Unidos, Kristi Noem, en el marco de los acuerdos en materia de cooperaci\u00f3n y colaboraci\u00f3n en seguridad.<\/p>\n\n\n\n<p>Pasadas las 13:30 horas de este viernes, la funcionaria estadounidense lleg\u00f3 a Palacio Nacional.<\/p>\n\n\n\n<p>No solo te informamos, te explicamos la pol\u00edtica. Da clic aqu\u00ed y recibe gratis nuestro bolet\u00edn diario.<\/p>\n\n\n\n<p>A la reuni\u00f3n bilateral asiste el secretario de Seguridad y Protecci\u00f3n Ciudadana, Omar Garc\u00eda Harfuch; de Relaciones Exteriores, Juan Ram\u00f3n de la Fuente, y de Gobernaci\u00f3n, Rosa Icela Rodr\u00edguez.<\/p>\n\n\n\n<p>As\u00ed como el resto de los titulares del Gabinete de Seguridad.<\/p>\n\n\n\n<p>El encargado de recibirla fue el canciller Juan Ram\u00f3n de la Fuente en el Aeropuerto Internacional Felipe \u00c1ngeles (AIFA).<\/p>\n\n\n\n<p>A trav\u00e9s de un comunicado, la Secretar\u00eda de Relaciones Exteriores indic\u00f3 que la secretaria Noem se encuentra en M\u00e9xico como parte de una gira de trabajo por Am\u00e9rica Latina.<\/p>\n\n\n\n<p>\u201cEsta visita de trabajo contribuir\u00e1 a fortalecer la relaci\u00f3n bilateral y a seguir trabajando de manera coordinada en temas como seguridad y migraci\u00f3n\u201d, se\u00f1al\u00f3 Canciller\u00eda.<\/p>\n\n\n\n<p>Previo al encuentro, la presidenta Sheinbaum hab\u00eda anticipado que se trata de una reuni\u00f3n de coordinaci\u00f3n, en donde se dar\u00e1n a conocer los resultados del Gabinete de Seguridad y el cumplimiento de los acuerdos conjuntos de la reuni\u00f3n que se sostuvo en Washington, el pasado 27 de febrero.<\/p>\n\n\n\n<p>La presidenta Claudia Sheinbaum precis\u00f3 que la reuni\u00f3n con Noem no tiene qu\u00e9 ver con las pol\u00edticas arancelarias de Donald Trump, sino el seguimiento a los acuerdos en materia de seguridad.<\/p>\n\n\n\n<p>\u201cVamos a estar en este proceso de coordinaci\u00f3n. No tiene ya que ver con el tema de los aranceles, es darle seguimiento a los acuerdos que tomamos en materia de seguridad\u201d, se\u00f1al\u00f3.<\/p>\n\n\n\n<p><strong>(VIDEO) https:\/\/twitter.com\/i\/status\/1905701711446262258<\/strong><\/p>\n\n\n\n<p><a href=\"https:\/\/politico.mx\/2025\/03\/28\/video-sheinbaum-se-reune-con-kristi-noem-secretaria-de-seguridad-de-eua-en-palacio-nacional\">https:\/\/politico.mx\/2025\/03\/28\/video-sheinbaum-se-reune-con-kristi-noem-secretaria-de-seguridad-de-eua-en-palacio-nacional<\/a><\/p>\n","protected":false},"excerpt":{"rendered":"<p>Kristi Noem arrib\u00f3 a Palacio Nacional para reunirse con la presidenta y el Gabinete Federal. Tomado de Pol\u00edtico MX Thal\u00ed Leyva Viernes 28 de marzo de 2025 La presidenta Claudia Sheinbaum se re\u00fane este viernes con la secretaria de Seguridad Interior de Estados Unidos, Kristi Noem, en el marco de los acuerdos en materia de [&hellip;]<\/p>\n","protected":false},"author":1,"featured_media":26425,"comment_status":"open","ping_status":"open","sticky":false,"template":"","format":"standard","meta":{"content-type":"","footnotes":""},"categories":[7,105,113],"tags":[],"class_list":{"0":"post-26424","1":"post","2":"type-post","3":"status-publish","4":"format-standard","5":"has-post-thumbnail","7":"category-internacional","8":"category-principal","9":"category-seguridad"},"_links":{"self":[{"href":"https:\/\/www.regioncuatronoticias.com\/index.php\/wp-json\/wp\/v2\/posts\/26424","targetHints":{"allow":["GET"]}}],"collection":[{"href":"https:\/\/www.regioncuatronoticias.com\/index.php\/wp-json\/wp\/v2\/posts"}],"about":[{"href":"https:\/\/www.regioncuatronoticias.com\/index.php\/wp-json\/wp\/v2\/types\/post"}],"author":[{"embeddable":true,"href":"https:\/\/www.regioncuatronoticias.com\/index.php\/wp-json\/wp\/v2\/users\/1"}],"replies":[{"embeddable":true,"href":"https:\/\/www.regioncuatronoticias.com\/index.php\/wp-json\/wp\/v2\/comments?post=26424"}],"version-history":[{"count":1,"href":"https:\/\/www.regioncuatronoticias.com\/index.php\/wp-json\/wp\/v2\/posts\/26424\/revisions"}],"predecessor-version":[{"id":26426,"href":"https:\/\/www.regioncuatronoticias.com\/index.php\/wp-json\/wp\/v2\/posts\/26424\/revisions\/26426"}],"wp:featuredmedia":[{"embeddable":true,"href":"https:\/\/www.regioncuatronoticias.com\/index.php\/wp-json\/wp\/v2\/media\/26425"}],"wp:attachment":[{"href":"https:\/\/www.regioncuatronoticias.com\/index.php\/wp-json\/wp\/v2\/media?parent=26424"}],"wp:term":[{"taxonomy":"category","embeddable":true,"href":"https:\/\/www.regioncuatronoticias.com\/index.php\/wp-json\/wp\/v2\/categories?post=26424"},{"taxonomy":"post_tag","embeddable":true,"href":"https:\/\/www.regioncuatronoticias.com\/index.php\/wp-json\/wp\/v2\/tags?post=26424"}],"curies":[{"name":"wp","href":"https:\/\/api.w.org\/{rel}","templated":true}]}}