{"id":26403,"date":"2025-03-30T20:14:52","date_gmt":"2025-03-31T03:14:52","guid":{"rendered":"https:\/\/www.regioncuatronoticias.com\/?p=26403"},"modified":"2025-03-30T20:15:09","modified_gmt":"2025-03-31T03:15:09","slug":"padres-deben-responder-por-delitos-de-sus-hijos-comite-ciudadano-de-seguridad-publica-sonora","status":"publish","type":"post","link":"https:\/\/www.regioncuatronoticias.com\/index.php\/2025\/03\/30\/padres-deben-responder-por-delitos-de-sus-hijos-comite-ciudadano-de-seguridad-publica-sonora\/","title":{"rendered":"Padres deben responder por delitos de sus hijos: Comit\u00e9 Ciudadano de Seguridad P\u00fablica Sonora"},"content":{"rendered":"\n<p>Tomado de Expreso<\/p>\n\n\n\n<p>Mar\u00eda Jos\u00e9 Noyola<\/p>\n\n\n\n<p>Jueves 27 de marzo de 2025<\/p>\n\n\n\n<p>Marco Antonio Paz Pellat, vocero del Comit\u00e9 Ciudadano de Seguridad P\u00fablica en Sonora, explic\u00f3 que los padres de familia deben ser responsables de los actos que cometen sus hijos, esto ante los casos de menores detenidos por actos delictivos.<\/p>\n\n\n\n<p>Los recientes casos en los que menores de edad han sido detenidos por portar armas blancas y agredir a otras personas reflejan el aumento de la violencia en la sociedad, afirm\u00f3 el Comit\u00e9 Ciudadano de Seguridad P\u00fablica.<\/p>\n\n\n\n<p>La organizaci\u00f3n advirti\u00f3 que, adem\u00e1s de las sanciones para los j\u00f3venes involucrados, sus padres tambi\u00e9n deben asumir responsabilidades.<\/p>\n\n\n\n<p>El vocero del comit\u00e9, Marco Antonio Paz Pellat, explic\u00f3 que este fen\u00f3meno responde a dos factores principales: la descomposici\u00f3n social, evidenciada en el aumento de delitos como la violencia intrafamiliar, y la influencia de redes sociales y ciertos g\u00e9neros musicales, que pueden fomentar respuestas violentas entre ni\u00f1os y adolescentes.<\/p>\n\n\n\n<p>&#8220;La soluci\u00f3n radica, primero, en que los padres est\u00e9n atentos a sus hijos: qu\u00e9 hacen, con qui\u00e9n se relacionan y c\u00f3mo se comportan. Y segundo, en que las autoridades apliquen la ley. Aunque los menores tienen un r\u00e9gimen especial, eso no significa que no deban rendir cuentas&#8221;, se\u00f1al\u00f3.<\/p>\n\n\n\n<p>Paz Pellat subray\u00f3 la importancia de realizar diagn\u00f3sticos m\u00e1s profundos para entender por qu\u00e9 los j\u00f3venes est\u00e1n adoptando estas conductas y destac\u00f3 que la ausencia parental es un factor clave en esta problem\u00e1tica.<\/p>\n\n\n\n<p>Asimismo, record\u00f3 que la Delegaci\u00f3n de la Fiscal\u00eda General de la Rep\u00fablica (FGR) en Sonora ha se\u00f1alado que los padres pueden enfrentar consecuencias legales por los actos de sus hijos.<\/p>\n\n\n\n<p>&#8220;Los padres son responsables de los menores, y esto debe analizarse con sensibilidad como sociedad&#8221;, expres\u00f3.<\/p>\n\n\n\n<p>Finalmente, advirti\u00f3 que no se puede permitir que la violencia se normalice ni que los ni\u00f1os y j\u00f3venes caigan en estas din\u00e1micas sin intervenci\u00f3n adecuada.<\/p>\n\n\n\n<p><a href=\"https:\/\/www.expreso.com.mx\/noticias\/hermosillo\/consecuencias-legales-para-padres-de-menores-delincuentes\/228961\">https:\/\/www.expreso.com.mx\/noticias\/hermosillo\/consecuencias-legales-para-padres-de-menores-delincuentes\/228961<\/a><\/p>\n","protected":false},"excerpt":{"rendered":"<p>Tomado de Expreso Mar\u00eda Jos\u00e9 Noyola Jueves 27 de marzo de 2025 Marco Antonio Paz Pellat, vocero del Comit\u00e9 Ciudadano de Seguridad P\u00fablica en Sonora, explic\u00f3 que los padres de familia deben ser responsables de los actos que cometen sus hijos, esto ante los casos de menores detenidos por actos delictivos. Los recientes casos en [&hellip;]<\/p>\n","protected":false},"author":1,"featured_media":26404,"comment_status":"open","ping_status":"open","sticky":false,"template":"","format":"standard","meta":{"content-type":"","footnotes":""},"categories":[105,113,9],"tags":[],"class_list":{"0":"post-26403","1":"post","2":"type-post","3":"status-publish","4":"format-standard","5":"has-post-thumbnail","7":"category-principal","8":"category-seguridad","9":"category-sonora"},"_links":{"self":[{"href":"https:\/\/www.regioncuatronoticias.com\/index.php\/wp-json\/wp\/v2\/posts\/26403","targetHints":{"allow":["GET"]}}],"collection":[{"href":"https:\/\/www.regioncuatronoticias.com\/index.php\/wp-json\/wp\/v2\/posts"}],"about":[{"href":"https:\/\/www.regioncuatronoticias.com\/index.php\/wp-json\/wp\/v2\/types\/post"}],"author":[{"embeddable":true,"href":"https:\/\/www.regioncuatronoticias.com\/index.php\/wp-json\/wp\/v2\/users\/1"}],"replies":[{"embeddable":true,"href":"https:\/\/www.regioncuatronoticias.com\/index.php\/wp-json\/wp\/v2\/comments?post=26403"}],"version-history":[{"count":1,"href":"https:\/\/www.regioncuatronoticias.com\/index.php\/wp-json\/wp\/v2\/posts\/26403\/revisions"}],"predecessor-version":[{"id":26405,"href":"https:\/\/www.regioncuatronoticias.com\/index.php\/wp-json\/wp\/v2\/posts\/26403\/revisions\/26405"}],"wp:featuredmedia":[{"embeddable":true,"href":"https:\/\/www.regioncuatronoticias.com\/index.php\/wp-json\/wp\/v2\/media\/26404"}],"wp:attachment":[{"href":"https:\/\/www.regioncuatronoticias.com\/index.php\/wp-json\/wp\/v2\/media?parent=26403"}],"wp:term":[{"taxonomy":"category","embeddable":true,"href":"https:\/\/www.regioncuatronoticias.com\/index.php\/wp-json\/wp\/v2\/categories?post=26403"},{"taxonomy":"post_tag","embeddable":true,"href":"https:\/\/www.regioncuatronoticias.com\/index.php\/wp-json\/wp\/v2\/tags?post=26403"}],"curies":[{"name":"wp","href":"https:\/\/api.w.org\/{rel}","templated":true}]}}