{"id":26397,"date":"2025-03-30T19:47:11","date_gmt":"2025-03-31T02:47:11","guid":{"rendered":"https:\/\/www.regioncuatronoticias.com\/?p=26397"},"modified":"2025-03-30T19:47:18","modified_gmt":"2025-03-31T02:47:18","slug":"solo-22-de-gabinete-comparte-trayectoria-con-sheinbaum-el-49-viene-de-amlo","status":"publish","type":"post","link":"https:\/\/www.regioncuatronoticias.com\/index.php\/2025\/03\/30\/solo-22-de-gabinete-comparte-trayectoria-con-sheinbaum-el-49-viene-de-amlo\/","title":{"rendered":"S\u00f3lo 22% de gabinete comparte trayectoria con Sheinbaum: el 49% viene de AMLO"},"content":{"rendered":"\n<p><strong>Dentro del gabinete de Sheinbaum, s\u00f3lo el 22% de los funcionarios es af\u00edn a su trayectoria, mientras que el 49% tiene el sello de AMLO.<\/strong><\/p>\n\n\n\n<p>Tomado de EMEEQUIS<\/p>\n\n\n\n<p>Esteban David Rodr\u00edguez<\/p>\n\n\n\n<p>Nueves 27 de marzo de 2025<\/p>\n\n\n\n<p>EMEEQUIS.\u2013 De 57 posiciones del gabinete legal y del staff presidencial, s\u00f3lo 13 son ocupadas por funcionarios que trabajaron antes bajo un organigrama encabezado por Claudia Sheinbaum, sin haber formado parte de alguna estructura de gobierno de Andr\u00e9s Manuel L\u00f3pez Obrador.<\/p>\n\n\n\n<p>Ellos son: tres secretarios, uno de los miembros del staff presidencial, y nueve subsecretarios. En contraste, sin haber formado parte de alg\u00fan equipo de Sheinbaum antes de su Presidencia, 27 de los integrantes del grupo de funcionarios fueron subordinados del tabasque\u00f1o en alguna posici\u00f3n del gobierno federal o en la administraci\u00f3n capitalina: 11 secretarios, 15 subsecretarios y el jefe del staff presidencial.<\/p>\n\n\n\n<p><strong>\u00bfTransici\u00f3n o continuidad?<\/strong><\/p>\n\n\n\n<p>Por otro lado, seis de estos cuadros de la primera l\u00ednea del poder p\u00fablico en M\u00e9xico han estado a las \u00f3rdenes tanto de la mandataria como del expresidente antes de la administraci\u00f3n en curso y 10 no hab\u00edan tenido cargo con ninguno de los dos.<\/p>\n\n\n\n<p>As\u00ed, de acuerdo con un an\u00e1lisis de datos desarrollado por EMEEQUIS con base en informaci\u00f3n curricular, el 22.8% de los integrantes del gabinete federal previamente formaron parte de estructuras burocr\u00e1ticas al mando de la actual presidenta, sin haber pasado por el mando del tabasque\u00f1o.<\/p>\n\n\n\n<p>Mientras que el 49% de los elementos fueron subordinados de AMLO en alguna de sus dos gestiones. Un 10.52% ha pertenecido a ambos grupos burocr\u00e1ticos y 17.5% no ha formado parte de ninguno de ellos.<\/p>\n\n\n\n<p><strong>CON SELLO SHEINBAUM<\/strong><\/p>\n\n\n\n<p>De los 13 miembros del gabinete presidencial de Claudia Sheinbaum que antes formaron parte de su equipo, y que no pasaron por estructuras burocr\u00e1ticas dirigidas por L\u00f3pez Obrador, destacan tres secretarios del gabinete:<\/p>\n\n\n\n<p>Omar Garc\u00eda Harfuch, secretario de Seguridad P\u00fablica y Protecci\u00f3n Ciudadana, quien ocup\u00f3 la posici\u00f3n equivalente en el gobierno capitalino; Rosaura Ruiz Guti\u00e9rrez, secretaria de Ciencias, Humanidades, Tecnolog\u00eda y Educaci\u00f3n, que fue secretaria de Educaci\u00f3n en la Ciudad de M\u00e9xico; y Claudia Curiel de Icaza, secretar\u00eda de Cultura, que ocup\u00f3 posici\u00f3n semejante tambi\u00e9n en la administraci\u00f3n capitalina.<\/p>\n\n\n\n<p>Por otro lado, en el staff presidencial de Sheinbaum est\u00e1 Ernestina Godoy, titular de la Consejer\u00eda Jur\u00eddica de la Presidencia, que fue procuradora de Justicia (2018-20) por designaci\u00f3n de la entonces jefa del gobierno capitalino, y fiscal general de Justicia (2020-24), bajo el auspicio pol\u00edtico de la ahora mandataria.<\/p>\n\n\n\n<p>De los subsecretarios, la mayor\u00eda no hab\u00edan trabajado bajo un organigrama encabezado por Claudia Sheinbaum, pero hay nueve que formaron parte de su gesti\u00f3n como jefa de Gobierno de la Ciudad de M\u00e9xico.<\/p>\n\n\n\n<p>En la Secretar\u00eda de Educaci\u00f3n P\u00fablica (SEP), por ejemplo, tiene a Tania Rodr\u00edguez Mora, subsecretaria de Educaci\u00f3n Media Superior, quien fue rectora de la Universidad de la Ciudad de M\u00e9xico (2018-2024).<\/p>\n\n\n\n<p>En la Secretar\u00eda de Energ\u00eda ubic\u00f3 a Juan Jos\u00e9 Vidal Amaro, subsecretario de Hidrocarburos, quien fue director de Vinculaci\u00f3n de Instrumentos de Apoyo de Energ\u00edas Renovables de la Secretar\u00eda de Desarrollo Econ\u00f3mico del gobierno capitalino en la gesti\u00f3n Sheinbaum.<\/p>\n\n\n\n<p>En la Secretar\u00eda de Hacienda y Cr\u00e9dito P\u00fablico, Bertha Mar\u00eda Elena G\u00f3mez Castro (Bertha G\u00f3mez Castro), se desempe\u00f1a como subsecretaria de Egresos, misma posici\u00f3n que ten\u00eda en la Secretar\u00eda de Administraci\u00f3n Finanzas del gobierno capitalino (2022-23), al frente de la cual cerr\u00f3 esa gesti\u00f3n en el periodo de Mart\u00ed Batres (2024).<\/p>\n\n\n\n<p>Las dos subsecretar\u00edas de la Secretar\u00eda de Infraestructura, Comunicaciones y Transportes (SICT) son ocupadas por funcionarios que ya trabajaron antes con la actual presidenta.&nbsp; Est\u00e1 Tania Carro Toledo, subsecretaria de Comunicaciones y Transportes, que a lo largo de la gesti\u00f3n Sheinbaum en la Ciudad de M\u00e9xico, fue directora General de Servicios Urbanos y Sustentabilidad (2018-20) y directora de Construcci\u00f3n para el Alumbrado P\u00fablico (2021-24).<\/p>\n\n\n\n<p>Por su parte, Juan Carlos Fuentes Orrala, subsecretario de Infraestructura, fue director general de Obras P\u00fablicas del gobierno de la Ciudad de M\u00e9xico (2019-24). Desde 2008 hab\u00eda sido director de Construcci\u00f3n de la Direcci\u00f3n General de Obras y Conservaci\u00f3n de la UNAM (2008-17), de donde lo reclut\u00f3 Sheinbaum.<\/p>\n\n\n\n<p>En la Secretar\u00eda de Salud despacha como subsecretario de Integraci\u00f3n y Desarrollo Eduardo Clark Garc\u00eda Dobarganes, quien antes fue director general del Centro de Desarrollo Tecnol\u00f3gico (2019-20), director general de Gobierno Digital (2020-23), y director general de la Agencia Digital de Innovaci\u00f3n P\u00fablica (2024) del gobierno de Claudia Sheinbaum en la capital.<\/p>\n\n\n\n<p>En la SSPC se encuentra Esthela Dami\u00e1n Peralta, como subsecretaria de Prevenci\u00f3n. En la gesti\u00f3n local de Claudia Sheinbaum fungi\u00f3 como directora del DIF-CDMX (2018-24).<\/p>\n\n\n\n<p>En Semarnat, Marina Robles Garc\u00eda es subsecretaria de Pol\u00edtica Ambiental y Recursos Naturales, y ocup\u00f3 la cartera Medio Ambiente de la Ciudad de M\u00e9xico con Sheinbaum (2019-2024);<\/p>\n\n\n\n<p>En la Secretar\u00eda de Ciencias, Humanidades, Tecnolog\u00eda e Innovaci\u00f3n (SCHTI), est\u00e1 Juan Luis D\u00edaz de Le\u00f3n Santiago, subsecretario de Desarrollo Tecnol\u00f3gico de la Secretar\u00eda, que fue Director General de Ciencia, Divulgaci\u00f3n y Transferencia de Conocimiento en la Secretar\u00eda de Educaci\u00f3n, Ciencia, Tecnolog\u00eda e Innovaci\u00f3n de la capital del pa\u00eds (2019-24).<\/p>\n\n\n\n<p><strong>CON EL SELLO DE AMLO<\/strong><\/p>\n\n\n\n<p>De las 27 posiciones del gabinete presidencial actual que est\u00e1n en manos de exsubordinados de Andr\u00e9s Manuel L\u00f3pez Obrador y que no hab\u00edan tenido como jefa a Claudia Sheinbaum hasta ahora, una de las principales es la jefatura de la Oficina de la Presidencia, que ocupa el exgobernador michoacano L\u00e1zaro C\u00e1rdenas Batel, quien fue coordinador asesores del tabasque\u00f1o durante cinco a\u00f1os del sexenio pasado.<\/p>\n\n\n\n<p>Destacan tres secretarios que retuvieron sus cargos del sexenio anterior. De importancia diametral es la Secretar\u00eda de Hacienda y Cr\u00e9dito P\u00fablico (SHCP), donde repiti\u00f3 Rogelio Ram\u00edrez de la O, que asumi\u00f3 esa posici\u00f3n desde 2021. Aunque renunci\u00f3 hace poco, el 7 de marzo, dict\u00f3 el inicio de la pol\u00edtica econ\u00f3mica en este sexenio, que sigue manteniendo su sucesor, \u00c9dgar Amador.<\/p>\n\n\n\n<p>No menos relevante es la secretar\u00eda de Bienestar, en la que tambi\u00e9n se qued\u00f3 Ariadna Montiel Reyes, que asumi\u00f3 ese cargo desde 2022.<\/p>\n\n\n\n<p>Y Marath Baruch Bola\u00f1os L\u00f3pez, conocido por su cercan\u00eda con Andr\u00e9s Manuel L\u00f3pez Beltr\u00e1n, hijo del expresidente. Bola\u00f1os asumi\u00f3 la titularidad de la Secretar\u00eda de Trabajo y Previsi\u00f3n Social (STPC) en 2023, tras el salto de Luisa Mar\u00eda Alcalde a Gobernaci\u00f3n. En el actual gabinete, Bola\u00f1os tiene la misma cartera.<\/p>\n\n\n\n<p>De los que cambiaron de asiento en la mesa de reuniones de gabinete, est\u00e1 Raquel Buenrostro, que fue jefa del Sistema de Administraci\u00f3n Tributaria (SAT) y secretaria de Econom\u00eda en el sexenio de L\u00f3pez Obrador, y en el de Sheinbaum es secretaria de la Funci\u00f3n P\u00fablica<\/p>\n\n\n\n<p>Marcelo Ebrard pas\u00f3 de la Canciller\u00eda a la Secretar\u00eda de Econom\u00eda; Alicia B\u00e1rcena, que sustituy\u00f3 a Ebrard en la Canciller\u00eda cuando este se fue de precampa\u00f1a presidencial, en la actualidad es titular de la Secretar\u00eda de Medio Ambiente y Recurso Naturales (Semarnat).<\/p>\n\n\n\n<p>Mario Delgado, que ocupa la titularidad de la Secretar\u00eda de Educaci\u00f3n P\u00fablica (SEP), fue director de Presupuesto en la Secretar\u00eda de Desarrollo Social de la Ciudad de M\u00e9xico bajo la gesti\u00f3n AMLO; pero, adem\u00e1s, de manera informal, el tabasque\u00f1o fue jefe pol\u00edtico de Delgado cuando este se encarg\u00f3 de la administraci\u00f3n de Morena.<\/p>\n\n\n\n<p>Edna Elena Vega Rangel, titular de la Secretar\u00eda de Desarrollo Agrario, Territorial y Urbano (Sedatu), viene del equipo de gobierno capitalino de AMLO (2000-06), donde fue directora de planeaci\u00f3n estrat\u00e9gica y directora general del Instituto de Vivienda del Distrito Federal. Ya en la gesti\u00f3n federal del tabasque\u00f1o, fue Comisionada Nacional de vivienda (2018-2022) y subsecretaria de Ordenamiento Territorial y Agrario (2022-2024).<\/p>\n\n\n\n<p>En tanto, el secretario de Salud, David Kershenobich, en el sexenio pasado se mantuvo como director del Instituto Nacional de Nutrici\u00f3n \u201cSalvador Zubir\u00e1n\u201d, cargo que ostentaba desde 2012.<\/p>\n\n\n\n<p>De los subsecretarios bajo ascendencia de AMLO, est\u00e1, desde luego, C\u00e9sar Y\u00e1\u00f1ez Centeno Cabrera, subsecretario de Gobernaci\u00f3n. Y\u00e1\u00f1ez fue sombra de AMLO desde los noventa, cuando fue vocero del PRD y despu\u00e9s director de Comunicaci\u00f3n Social del gobierno del Distrito Federal. Ya en el gobierno federal fue coordinador general de Pol\u00edtica y Gobierno (2018-2022) del staff presidencial, y despu\u00e9s, subsecretario de Desarrollo Democr\u00e1tico, Participaci\u00f3n Social y Asuntos Religiosos (2022-2024) de Gobernaci\u00f3n.<\/p>\n\n\n\n<p>Leonel Cota Monta\u00f1o es subsecretario de Autosuficiencia Alimentaria. Su \u00faltimo cargo en el gobierno fue el de director de Seguridad Alimentaria Mexicana (Segalmex), Cota sustituy\u00f3 a Ignacio Ovalle, el funcionario bajo cuya gesti\u00f3n ocurri\u00f3 un desfalco de m\u00e1s de 16 mil millones de pesos.<\/p>\n\n\n\n<p>Hijo del mexiquense Alejandro Encinas Rodr\u00edguez, ex jefe del gobierno del Distrito Federal, Alejandro Encinas N\u00e1jera es subsecretario de Buen Gobierno. Cercano a Ricardo Monreal, Encinas N\u00e1jera fue titular de la Unidad de Pol\u00edtica Laboral y Relaciones Institucionales en la Secretar\u00eda del Trabajo y Previsi\u00f3n Social (STPS) y subsecretario de Econom\u00eda en el gobierno de AMLO.<\/p>\n\n\n\n<p>Jes\u00fas Salvador Valencia Guzm\u00e1n, actual subsecretario de Bienestar, fue director general de Operaciones de Segalmex (2022) y coordinador general t\u00e9cnico en la Secretar\u00eda de Bienestar.<\/p>\n\n\n\n<p>Guadalupe Araceli Garc\u00eda Mart\u00ednez, subsecretar\u00eda Anticorrupci\u00f3n actual, en el sexenio previo fue nombrada Administradora General del SAT.<\/p>\n\n\n\n<p>Est\u00e1n despu\u00e9s Mar\u00eda Teresa Mercado P\u00e9rez, subsecretaria de Relaciones Exteriores, quien en la administraci\u00f3n anterior fue designada embajadora de M\u00e9xico ante Bolivia (2019) donde fue declarada persona non grata, y finalmente expulsada por la administraci\u00f3n de Janine A\u00f1ez; y Raquel Serur Smeke, subsecretaria para Am\u00e9rica Latina y el Caribe, que en el sexenio de AMLO fue asignada a la legaci\u00f3n de M\u00e9xico en Ecuador, y tambi\u00e9n fue declarada en los mismos t\u00e9rminos por el gobierno de Ecuador, en abril de 2024, debido a intromisiones del entonces presidente mexicano sobre asuntos electorales de ese pa\u00eds.<\/p>\n\n\n\n<p>Enrique Javier Ochoa Mart\u00ednez es subsecretario para Asuntos Multilaterales y Derechos Humanos. El sexenio pasado fue coordinador pol\u00edtico del equipo de M\u00e9xico ante el Consejo de Seguridad (2019-23) y embajador en Kenia (2023-24).<\/p>\n\n\n\n<p>Ramiro L\u00f3pez Elizalde, subsecretario de Prevenci\u00f3n y Promoci\u00f3n de la Salud, en el sexenio anterior fue Director normativo de Salud (2018-2024) del ISSSTE; Hugo Ra\u00fal Paul\u00edn Hern\u00e1ndez, hoy subsecretario de Inclusi\u00f3n Productiva y Desarrollo Rural, fue Director general de Organizaci\u00f3n, Formaci\u00f3n e Inclusi\u00f3n Productiva del Programa Sembrando Vida.<\/p>\n\n\n\n<p>Marina N\u00fa\u00f1ez Bespalova, subsecretaria de Desarrollo Cultural, se desempe\u00f1\u00f3 como subsecretaria de Desarrollo Cultural en la gesti\u00f3n de Alejandra Frausto; Griselda Mart\u00ednez V\u00e1zquez, subsecretaria Ordenamiento Urbano e Inventarios de la Propiedad, fue Directora general de Inventarios y Modernizaci\u00f3n Registral y Catastral (2018-2024) tambi\u00e9n en Sedatu. V\u00edctor Hugo Hofmann Aguirre, subsecretario de Ordenamiento Territorial, Urbano y Vivienda, fue Director General de Ordenamiento Territorial (2019-2024).<\/p>\n\n\n\n<p>Ang\u00e9lica Noem\u00ed Ju\u00e1rez P\u00e9rez, subsecretaria de Educaci\u00f3n B\u00e1sica, estaba a cargo de la Direcci\u00f3n de Ense\u00f1anza y Promoci\u00f3n de la Historia (2020-24) del Instituto Nacional de Estudios Hist\u00f3ricos de las Revoluciones de M\u00e9xico (INHERM); Carmen Enedina Rodr\u00edguez Armenta, Subsecretaria de Educaci\u00f3n Superior, era directora general de Educaci\u00f3n Superior Universitaria e Intercultural (DGESUI).<\/p>\n\n\n\n<p>Y Jorge Antonio Rojas Nieto, subsecretario de Electricidad, fue Director Corporativo de Finanzas (2018-2020).<\/p>\n\n\n\n<p><strong>DE AMBOS BANDOS<\/strong><\/p>\n\n\n\n<p>S\u00f3lo siete de los 57 funcionarios del gabinete federal constituyen una intersecci\u00f3n entre las administraciones de AMLO y de Sheinbaum,&nbsp; pues quienes componen este reducido grupo han estado bajo los organigramas de ambos pol\u00edticos.<\/p>\n\n\n\n<p>Una de las principales es Rosa Icela Rodr\u00edguez, secretaria de Gobernaci\u00f3n, que en el sexenio pasado fue primero secretaria de Gobierno en el gabinete capitalino de la hoy presidenta Sheinbaum, y despu\u00e9s fue secretaria de Seguridad y Protecci\u00f3n Ciudadana del gobierno federal de AMLO.<\/p>\n\n\n\n<p>Carlos Augusto Morales, secretario particular de la presidenta Sheinbaum, primero fue director General de Licencias y Transporte Vehicular (2018-2020) de la Secretar\u00eda de Movilidad capitalina; asesor de Programas y Proyectos Estrat\u00e9gicos (2020-2022), y de la Jefatura de Gobierno, en funciones de secretario particular de la titular. M\u00e1s tarde, en la administraci\u00f3n federal, fue jefe de la Unidad de Pol\u00edticas y Estrategias para la Construcci\u00f3n de Paz con Entidades Federativas y Regiones de la Secretar\u00eda de Seguridad federal (2022-24), SSPC.<\/p>\n\n\n\n<p>Est\u00e1 tambi\u00e9n en este grupo Luz Elena Gonz\u00e1lez Escobar, secretaria de Energ\u00eda, que fue secretaria de Administraci\u00f3n y Finanzas (2018-2024) en la gesti\u00f3n capitalina de Claudia Sheinbaum. Pero a\u00f1os atr\u00e1s, quien le abri\u00f3 las puertas de su administraci\u00f3n fue AMLO. Entr\u00f3 al gobierno del Distrito Federal como directora Ejecutiva de Integraci\u00f3n de Pol\u00edticas (2000-03) de la secretar\u00eda de Medio Ambiente, que conduc\u00eda Sheinbaum;&nbsp; y a la mitad de la administraci\u00f3n, el tabasque\u00f1o la promovi\u00f3 a directora (2003-06) de la Red de Transporte de Pasajeros (RTP).<\/p>\n\n\n\n<p>Tambi\u00e9n contamos aqu\u00ed a Ileana Augusta Villalobos Estrada, subsecretaria de Regulaci\u00f3n Ambiental, que fue Secretaria de Desarrollo Urbano y Vivienda (2018-20) y secretaria particular de la Jefa de Gobierno (2020-21); y Mar\u00eda Robles Garc\u00eda, subsecretaria de Pol\u00edtica Ambiental y Recursos Naturales, quien fue secretaria de Desarrollo Urbano y Vivienda (2018-20) y secretaria particular de la Jefa de Gobierno (2020-21), antes de asumir la coordinaci\u00f3n de Programas de Poblaci\u00f3n y Asuntos Internacionales del Conapo (2021-24) en el gobierno federal.<\/p>\n\n\n\n<p>En la Secretar\u00eda de Gobernaci\u00f3n (SG) est\u00e1 F\u00e9lix Arturo Medina Padilla, subsecretario de Derechos Humanos, Migraci\u00f3n y Poblaci\u00f3n. En la administraci\u00f3n capitalina fue subsecretario de Gobierno (2018-2020), antes de incorporarse a la administraci\u00f3n federal, donde se desempe\u00f1\u00f3 como titular de la Unidad de Pol\u00edtica y Estrategias para la Construcci\u00f3n de la Paz (2021-2022), Procurador Fiscal de la Federaci\u00f3n (2022), y subsecretario de la misma cartera que ahora ocupa (2023-24).<\/p>\n\n\n\n<p>Y Sebasti\u00e1n Ram\u00edrez Mendoza, subsecretario de Turismo, quien fue Subdelegado y coordinador del Censo del Bienestar en la Ciudad de M\u00e9xico(2019) de la Secretar\u00eda de Bienestar; director de Capital 21, televisora del Sistema P\u00fablico de Radiodifusi\u00f3n (SPR) (2020-2022). Tambi\u00e9n fue dirigente de Morena en la capital del pa\u00eds (2024), as\u00ed como coordinador de campa\u00f1a de Clara Brugada por la jefatura del gobierno de la Ciudad de M\u00e9xico.<\/p>\n\n\n\n<p><strong>NI CON UNO NI CON OTRO<\/strong><\/p>\n\n\n\n<p>Seis de los secretarios de gabinete no hab\u00edan trabajado en una estructura org\u00e1nica encabezada por la presidenta Sheinbaum, ni por AMLO.<\/p>\n\n\n\n<p>Entre ellos est\u00e1n Jes\u00fas Antonio Esteva Maraboto, titular de Infraestructura, Comunicaciones y Transportes (SICT); Juan Ram\u00f3n de la Fuente, secretario de Relaciones Exteriores; Josefina Rodr\u00edguez Zamora, titular de Turismo; Julio Berdegu\u00e9 Sacrist\u00e1n, titular de Sagarpa, y Edgar Amador Zamora, recientemente nombrado secretario de Hacienda y Cr\u00e9dito P\u00fablico, que los primeros cinco meses de las administraci\u00f3n fungi\u00f3 como subsecretario de Hacienda. Aunque la presidenta lo conoce desde la universidad, fue hasta este sexenio que lo incorpor\u00f3 a su equipo, porque antes estaba con Miguel \u00c1ngel Mancera en CDMX.<\/p>\n\n\n\n<p>Adem\u00e1s, est\u00e1 Citlalli Hern\u00e1ndez, secretaria de las Mujeres, que formalmente no ha sido subordinada de L\u00f3pez Obrador en una estructura burocr\u00e1tica, aunque este fue su superior jer\u00e1rquico siendo, como es, jefe pol\u00edtico de facto de Morena.<\/p>\n\n\n\n<p>Y cuatro subsecretarios tampoco hab\u00edan estado bajo una estructura burocr\u00e1tica encabezada por alg\u00fan de las dos figuras principales del obradorismo: Luis Rosendo Guti\u00e9rrez, subsecretario de Comercio; Vidal Llerenas, subsecretario de Industria y comercio; Jorge Marcial Islas, subsecretario de Transici\u00f3n Energ\u00e9tica; y Violeta V\u00e1zquez-Rojas Maldonado, subsecretaria de Humanidades.<\/p>\n\n\n\n<p>@estedavid<\/p>\n\n\n\n<p><a href=\"https:\/\/emeequis.com\/investigaciones\/solo-22-de-gabinete-comparte-trayectoria-con-sheinbaum-el-49-viene-de-amlo\">https:\/\/emeequis.com\/investigaciones\/solo-22-de-gabinete-comparte-trayectoria-con-sheinbaum-el-49-viene-de-amlo<\/a><\/p>\n","protected":false},"excerpt":{"rendered":"<p>Dentro del gabinete de Sheinbaum, s\u00f3lo el 22% de los funcionarios es af\u00edn a su trayectoria, mientras que el 49% tiene el sello de AMLO. Tomado de EMEEQUIS Esteban David Rodr\u00edguez Nueves 27 de marzo de 2025 EMEEQUIS.\u2013 De 57 posiciones del gabinete legal y del staff presidencial, s\u00f3lo 13 son ocupadas por funcionarios que [&hellip;]<\/p>\n","protected":false},"author":1,"featured_media":26398,"comment_status":"open","ping_status":"open","sticky":false,"template":"","format":"standard","meta":{"content-type":"","footnotes":""},"categories":[3,115,105],"tags":[],"class_list":{"0":"post-26397","1":"post","2":"type-post","3":"status-publish","4":"format-standard","5":"has-post-thumbnail","7":"category-mexico","8":"category-politica","9":"category-principal"},"_links":{"self":[{"href":"https:\/\/www.regioncuatronoticias.com\/index.php\/wp-json\/wp\/v2\/posts\/26397","targetHints":{"allow":["GET"]}}],"collection":[{"href":"https:\/\/www.regioncuatronoticias.com\/index.php\/wp-json\/wp\/v2\/posts"}],"about":[{"href":"https:\/\/www.regioncuatronoticias.com\/index.php\/wp-json\/wp\/v2\/types\/post"}],"author":[{"embeddable":true,"href":"https:\/\/www.regioncuatronoticias.com\/index.php\/wp-json\/wp\/v2\/users\/1"}],"replies":[{"embeddable":true,"href":"https:\/\/www.regioncuatronoticias.com\/index.php\/wp-json\/wp\/v2\/comments?post=26397"}],"version-history":[{"count":1,"href":"https:\/\/www.regioncuatronoticias.com\/index.php\/wp-json\/wp\/v2\/posts\/26397\/revisions"}],"predecessor-version":[{"id":26399,"href":"https:\/\/www.regioncuatronoticias.com\/index.php\/wp-json\/wp\/v2\/posts\/26397\/revisions\/26399"}],"wp:featuredmedia":[{"embeddable":true,"href":"https:\/\/www.regioncuatronoticias.com\/index.php\/wp-json\/wp\/v2\/media\/26398"}],"wp:attachment":[{"href":"https:\/\/www.regioncuatronoticias.com\/index.php\/wp-json\/wp\/v2\/media?parent=26397"}],"wp:term":[{"taxonomy":"category","embeddable":true,"href":"https:\/\/www.regioncuatronoticias.com\/index.php\/wp-json\/wp\/v2\/categories?post=26397"},{"taxonomy":"post_tag","embeddable":true,"href":"https:\/\/www.regioncuatronoticias.com\/index.php\/wp-json\/wp\/v2\/tags?post=26397"}],"curies":[{"name":"wp","href":"https:\/\/api.w.org\/{rel}","templated":true}]}}