{"id":26387,"date":"2025-03-30T19:31:13","date_gmt":"2025-03-31T02:31:13","guid":{"rendered":"https:\/\/www.regioncuatronoticias.com\/?p=26387"},"modified":"2025-03-30T19:31:17","modified_gmt":"2025-03-31T02:31:17","slug":"participo-el-45-76-de-la-lista-nominal-en-proceso-de-eleccion-a-la-rectoria-de-la-unison","status":"publish","type":"post","link":"https:\/\/www.regioncuatronoticias.com\/index.php\/2025\/03\/30\/participo-el-45-76-de-la-lista-nominal-en-proceso-de-eleccion-a-la-rectoria-de-la-unison\/","title":{"rendered":"Particip\u00f3 el 45.76% de la lista nominal en proceso de elecci\u00f3n a la Rector\u00eda de la Unison"},"content":{"rendered":"\n<p>Hasta el momento no se han presentado impugnaciones.<\/p>\n\n\n\n<p>Tomado de Uniradio Informa Sonora<\/p>\n\n\n\n<p>Alan Rubio<\/p>\n\n\n\n<p>Jueves 27 de marzo de 2025<\/p>\n\n\n\n<p>Los resultados finales de la consulta que se llev\u00f3 a cabo este mi\u00e9rcoles para el proceso de elecci\u00f3n a la Rector\u00eda de la Universidad de Sonora (Unison), quedaron de la siguiente manera: Dena Mar\u00eda Jes\u00fas Camarena G\u00f3mez obtuvo el 39.55% de los votos, Cuauht\u00e9moc Gonz\u00e1lez Valdez el 28.70%, Aar\u00f3n Aurelio Grageda Bustamante 19.56%, Ezequiel Rodr\u00edguez J\u00e1uregui 6.20%, Judith Celina T\u00e1nori C\u00f3rdova 4.05% y Mar\u00eda Elena Robles Baldenegro 1.92%.<\/p>\n\n\n\n<p>Jes\u00fas Manuel Quiroz Castillo, presidente de la Comisi\u00f3n Electoral de la Unison se\u00f1al\u00f3 que la lista nominal electoral es de 38 mil 731, de los cuales, el 45.76 por ciento particip\u00f3 al emitir su voto.<\/p>\n\n\n\n<p>&#8220;Una participaci\u00f3n bastante alta. Alumnos fueron 14 mil 789, administrativos mil 143 y mil 790 acad\u00e9micos, ellos fueron, pues, que s\u00ed tuvieron preferencia por algunos de los aspirantes. Asimismo, tuvimos 491 votos nulos&#8221;, dijo.<\/p>\n\n\n\n<p>Durante el horario laboral de la Universidad de Sonora, coment\u00f3 que este viernes se dar\u00e1 a conocer la terna de los aspirantes que obtuvieron la mayor\u00eda de los votos.<\/p>\n\n\n\n<p>Sin embargo, dijo que la publicaci\u00f3n de la lista de la terna estar\u00e1 sujeta a si se presentan o no impugnaciones este jueves por parte de algunos de los aspirantes a la rector\u00eda.<\/p>\n\n\n\n<p>&#8220;Tenemos todo el d\u00eda para recibir estos recursos (impugnaciones), estamos en reuni\u00f3n con el Colegio Universitario y no nos han avisado si llego alguna&#8221;, mencion\u00f3.<\/p>\n\n\n\n<p>El presidente de la Comisi\u00f3n Electoral de la Universidad de Sonora asegur\u00f3 que no se presentaron incidentes ni problemas de hackeo al sistema de red de internet de la m\u00e1xima casa de estudios durante el proceso de la consulta.<\/p>\n\n\n\n<p><a href=\"https:\/\/www.uniradiosonora.com\/sociedad\/participo-4576-lista-nominal-proceso-eleccion-rectoria-unison-n810685\">https:\/\/www.uniradiosonora.com\/sociedad\/participo-4576-lista-nominal-proceso-eleccion-rectoria-unison-n810685<\/a><\/p>\n\n\n\n<p><\/p>\n","protected":false},"excerpt":{"rendered":"<p>Hasta el momento no se han presentado impugnaciones. Tomado de Uniradio Informa Sonora Alan Rubio Jueves 27 de marzo de 2025 Los resultados finales de la consulta que se llev\u00f3 a cabo este mi\u00e9rcoles para el proceso de elecci\u00f3n a la Rector\u00eda de la Universidad de Sonora (Unison), quedaron de la siguiente manera: Dena Mar\u00eda [&hellip;]<\/p>\n","protected":false},"author":1,"featured_media":26388,"comment_status":"open","ping_status":"open","sticky":false,"template":"","format":"standard","meta":{"content-type":"","footnotes":""},"categories":[115,105,9],"tags":[],"class_list":{"0":"post-26387","1":"post","2":"type-post","3":"status-publish","4":"format-standard","5":"has-post-thumbnail","7":"category-politica","8":"category-principal","9":"category-sonora"},"_links":{"self":[{"href":"https:\/\/www.regioncuatronoticias.com\/index.php\/wp-json\/wp\/v2\/posts\/26387","targetHints":{"allow":["GET"]}}],"collection":[{"href":"https:\/\/www.regioncuatronoticias.com\/index.php\/wp-json\/wp\/v2\/posts"}],"about":[{"href":"https:\/\/www.regioncuatronoticias.com\/index.php\/wp-json\/wp\/v2\/types\/post"}],"author":[{"embeddable":true,"href":"https:\/\/www.regioncuatronoticias.com\/index.php\/wp-json\/wp\/v2\/users\/1"}],"replies":[{"embeddable":true,"href":"https:\/\/www.regioncuatronoticias.com\/index.php\/wp-json\/wp\/v2\/comments?post=26387"}],"version-history":[{"count":1,"href":"https:\/\/www.regioncuatronoticias.com\/index.php\/wp-json\/wp\/v2\/posts\/26387\/revisions"}],"predecessor-version":[{"id":26389,"href":"https:\/\/www.regioncuatronoticias.com\/index.php\/wp-json\/wp\/v2\/posts\/26387\/revisions\/26389"}],"wp:featuredmedia":[{"embeddable":true,"href":"https:\/\/www.regioncuatronoticias.com\/index.php\/wp-json\/wp\/v2\/media\/26388"}],"wp:attachment":[{"href":"https:\/\/www.regioncuatronoticias.com\/index.php\/wp-json\/wp\/v2\/media?parent=26387"}],"wp:term":[{"taxonomy":"category","embeddable":true,"href":"https:\/\/www.regioncuatronoticias.com\/index.php\/wp-json\/wp\/v2\/categories?post=26387"},{"taxonomy":"post_tag","embeddable":true,"href":"https:\/\/www.regioncuatronoticias.com\/index.php\/wp-json\/wp\/v2\/tags?post=26387"}],"curies":[{"name":"wp","href":"https:\/\/api.w.org\/{rel}","templated":true}]}}