{"id":26381,"date":"2025-03-28T19:12:07","date_gmt":"2025-03-29T02:12:07","guid":{"rendered":"https:\/\/www.regioncuatronoticias.com\/?p=26381"},"modified":"2025-03-28T19:12:27","modified_gmt":"2025-03-29T02:12:27","slug":"no-podemos-resignarnos-ante-la-violencia-episcopado-mexicano","status":"publish","type":"post","link":"https:\/\/www.regioncuatronoticias.com\/index.php\/2025\/03\/28\/no-podemos-resignarnos-ante-la-violencia-episcopado-mexicano\/","title":{"rendered":"\u2018No podemos resignarnos ante la violencia\u2019: Episcopado Mexicano"},"content":{"rendered":"\n<p><strong>Al arrancar la Semana por la Vida, la Conferencia del Episcopado Mexicano resalta que \u2018no podemos resignarnos ante la violencia en un mundo marcado por sombras de muerte\u2019<\/strong><\/p>\n\n\n\n<p>Tomado de Excelsior<\/p>\n\n\n\n<p>Isabel Gonz\u00e1lez<\/p>\n\n\n\n<p>Viernes 27 de marzo de 2025<\/p>\n\n\n\n<p>\u201cNo podemos resignarnos ante la violencia en un mundo marcado por sombras de muerte\u201d, es la solicitud a ciudadanos y autoridades por parte de la Conferencia del Episcopado Mexicano (CEM) al arrancar la semana por la vida.<\/p>\n\n\n\n<p>En medio de las terror\u00edficas narraciones de sobrevivientes del centro de reclutamiento del crimen organizado en el rancho Izaguirre, en Teuchitl\u00e1n, Jalisco los obispos cat\u00f3licos llamaron a cada mexicano a defender la vida en todas sus etapas y a ser emp\u00e1ticos con quienes han sufrido los efectos de la violencia.<\/p>\n\n\n\n<p>Al demandar a la sociedad un compromiso serio para defender la vida, la justicia y la dignidad de cada persona mediante una educaci\u00f3n en valores como el respeto, el amor y la solidaridad, la iglesia cat\u00f3lica subray\u00f3 que no basta con denunciar el mal, sino tambi\u00e9n hace falta atajarlo mediante conductas acordes a la doctrina cristiana.<\/p>\n\n\n\n<p>Los compromisos solicitados por la iglesia cat\u00f3lica a los mexicanos fueron dados a conocer este lunes por el secretario general de la Conferencia del Episcopado Mexicano (CEM), H\u00e9ctor Mario P\u00e9rez Villarreal, y el obispo auxiliar de Guadalajara, Ram\u00f3n Salazar, en un video difundido en redes sociales.<\/p>\n\n\n\n<p>La semana por la vida se desarrollar\u00e1 desde este lunes 24 hasta el pr\u00f3ximo 28 de marzo y a lo largo de ella se convoca a las personas a orar y defender la vida en todas sus etapas.<\/p>\n\n\n\n<p><a href=\"https:\/\/www.excelsior.com.mx\/nacional\/no-podemos-resignarnos-ante-la-violencia-episcopado-mexicano\/1707278\">https:\/\/www.excelsior.com.mx\/nacional\/no-podemos-resignarnos-ante-la-violencia-episcopado-mexicano\/1707278<\/a><\/p>\n","protected":false},"excerpt":{"rendered":"<p>Al arrancar la Semana por la Vida, la Conferencia del Episcopado Mexicano resalta que \u2018no podemos resignarnos ante la violencia en un mundo marcado por sombras de muerte\u2019 Tomado de Excelsior Isabel Gonz\u00e1lez Viernes 27 de marzo de 2025 \u201cNo podemos resignarnos ante la violencia en un mundo marcado por sombras de muerte\u201d, es la [&hellip;]<\/p>\n","protected":false},"author":1,"featured_media":26382,"comment_status":"open","ping_status":"open","sticky":false,"template":"","format":"standard","meta":{"content-type":"","footnotes":""},"categories":[3,115,105],"tags":[],"class_list":{"0":"post-26381","1":"post","2":"type-post","3":"status-publish","4":"format-standard","5":"has-post-thumbnail","7":"category-mexico","8":"category-politica","9":"category-principal"},"_links":{"self":[{"href":"https:\/\/www.regioncuatronoticias.com\/index.php\/wp-json\/wp\/v2\/posts\/26381","targetHints":{"allow":["GET"]}}],"collection":[{"href":"https:\/\/www.regioncuatronoticias.com\/index.php\/wp-json\/wp\/v2\/posts"}],"about":[{"href":"https:\/\/www.regioncuatronoticias.com\/index.php\/wp-json\/wp\/v2\/types\/post"}],"author":[{"embeddable":true,"href":"https:\/\/www.regioncuatronoticias.com\/index.php\/wp-json\/wp\/v2\/users\/1"}],"replies":[{"embeddable":true,"href":"https:\/\/www.regioncuatronoticias.com\/index.php\/wp-json\/wp\/v2\/comments?post=26381"}],"version-history":[{"count":1,"href":"https:\/\/www.regioncuatronoticias.com\/index.php\/wp-json\/wp\/v2\/posts\/26381\/revisions"}],"predecessor-version":[{"id":26383,"href":"https:\/\/www.regioncuatronoticias.com\/index.php\/wp-json\/wp\/v2\/posts\/26381\/revisions\/26383"}],"wp:featuredmedia":[{"embeddable":true,"href":"https:\/\/www.regioncuatronoticias.com\/index.php\/wp-json\/wp\/v2\/media\/26382"}],"wp:attachment":[{"href":"https:\/\/www.regioncuatronoticias.com\/index.php\/wp-json\/wp\/v2\/media?parent=26381"}],"wp:term":[{"taxonomy":"category","embeddable":true,"href":"https:\/\/www.regioncuatronoticias.com\/index.php\/wp-json\/wp\/v2\/categories?post=26381"},{"taxonomy":"post_tag","embeddable":true,"href":"https:\/\/www.regioncuatronoticias.com\/index.php\/wp-json\/wp\/v2\/tags?post=26381"}],"curies":[{"name":"wp","href":"https:\/\/api.w.org\/{rel}","templated":true}]}}